{"id":365505,"date":"2018-02-23T00:09:01","date_gmt":"2018-02-23T06:09:01","guid":{"rendered":"http:\/\/www.diarioimagen.net\/?p=365505"},"modified":"2018-02-23T02:41:51","modified_gmt":"2018-02-23T08:41:51","slug":"mexico-logra-nuevo-record-en-materia-turistica-en-2017","status":"publish","type":"post","link":"https:\/\/www.diarioimagen.net\/?p=365505","title":{"rendered":"M\u00e9xico logra nuevo r\u00e9cord en 2017 en materia tur\u00edstica"},"content":{"rendered":"<ul>\n<li><em><strong>Arribo de m\u00e1s de 39 millones de turistas internacionales<\/strong><\/em><\/li>\n<li><em><strong>Flujo dej\u00f3 una derrama econ\u00f3mica por 21 mil 300 mdd<\/strong><\/em><\/li>\n<\/ul>\n<p>&nbsp;<\/p>\n<div id=\"attachment_365506\" style=\"width: 470px\" class=\"wp-caption aligncenter\"><img loading=\"lazy\" decoding=\"async\" aria-describedby=\"caption-attachment-365506\" class=\"wp-image-365506 size-large\" src=\"http:\/\/www.diarioimagen.net\/wp-content\/uploads\/2018\/02\/TURISMO23ok-PORTAL-460x268.jpg\" alt=\"\" width=\"460\" height=\"268\" srcset=\"https:\/\/www.diarioimagen.net\/wp-content\/uploads\/2018\/02\/TURISMO23ok-PORTAL-460x268.jpg 460w, https:\/\/www.diarioimagen.net\/wp-content\/uploads\/2018\/02\/TURISMO23ok-PORTAL-240x140.jpg 240w, https:\/\/www.diarioimagen.net\/wp-content\/uploads\/2018\/02\/TURISMO23ok-PORTAL.jpg 480w\" sizes=\"auto, (max-width: 460px) 100vw, 460px\" \/><p id=\"caption-attachment-365506\" class=\"wp-caption-text\">El vocero del gobierno federal, Eduardo S\u00e1nchez, y el titular de Sectur, Enrique de la Madrid, hicieron un balance en materia de turismo.<\/p><\/div>\n<p>&nbsp;<\/p>\n<p>&nbsp;<\/p>\n<p>M\u00e9xico registr\u00f3 un nuevo r\u00e9cord en materia de turismo el a\u00f1o pasado, con el arribo de m\u00e1s de 39 millones de turistas internacionales que dejaron una derrama econ\u00f3mica por 21 mil 300 millones de d\u00f3lares, inform\u00f3 el vocero del gobierno de la Rep\u00fablica, Eduardo S\u00e1nchez Hern\u00e1ndez.<\/p>\n<p>El funcionario federal abund\u00f3 que en este a\u00f1o la afluencia de visitantes podr\u00eda alcanzar los 23 mil millones de d\u00f3lares, de acuerdo con estimaciones del Consejo de Promoci\u00f3n Tur\u00edstica de M\u00e9xico.<\/p>\n<p>Al realizar un balance en la materia con el secretario de Turismo, Enrique de la Madrid, afirm\u00f3 que en lo que va en de esta administraci\u00f3n, indic\u00f3 que mediante una estrategia de varias pol\u00edticas p\u00fablicas el gobierno de la Rep\u00fablica ha dado impulso sin precedentes al desarrollo de la oferta tur\u00edstica en el pa\u00eds.<\/p>\n<p>\u201cHa dado un impulso sin precedentes al desarrollo de una oferta tur\u00edstica moderna, competitiva y responsable con el medio ambiente. Uno de los ejes de esta estrategia ha sido el apoyo del Gobierno de la Rep\u00fablica a iniciativas del sector privado para la realizaci\u00f3n de eventos de clase mundial\u201d, apunt\u00f3.<\/p>\n<p>Eventos como el desfile de D\u00eda de Muertos y el Gran Premio de M\u00e9xico, realizados el a\u00f1o pasado, han fortalecido la posici\u00f3n de M\u00e9xico como destino tur\u00edstico y de entretenimiento, asever\u00f3.<\/p>\n<p>\u201cEl sector turismo es una de los pilares del proyecto econ\u00f3mico del presidente, hoy m\u00e1s de 10 millones de mexicanos viven directa e indirectamente del turismo, industria que ha crecido m\u00e1s que todo el conjunto de nuestra econom\u00eda\u201d, destac\u00f3 S\u00e1nchez Hern\u00e1ndez.<\/p>\n<p>Coment\u00f3 que mientras de 2012 a la fecha el Producto Interno Bruto de M\u00e9xico creci\u00f3 en promedio 2.5 por ciento anual, el PIB tur\u00edstico lo hizo a un ritmo acelerado de tres por ciento.<\/p>\n<p>\u201cLa bonanza econ\u00f3mica de este sector se debe en parte a que en los \u00faltimos cinco a\u00f1os el n\u00famero de turistas internaciones que visitaron nuestro pa\u00eds aumento casi 11 por ciento en promedio anual, m\u00e1s del doble que el promedio mundial\u201d, se\u00f1al\u00f3.<\/p>\n<p>El vocero del Gobierno de la Rep\u00fablica tambi\u00e9n expres\u00f3 que M\u00e9xico es un destino de clase mundial que en 2014 recuper\u00f3 su lugar entre los diez pa\u00edses m\u00e1s visitados del mundo y que ha ganado posiciones desde entonces para alcanzar el octavo lugar desde el a\u00f1o 2016.<\/p>\n<p>Indic\u00f3 que el a\u00f1o pasado, los mexicanos llevaron a cabo 223 millones de viajes a los diferentes destinos, un logro que ha cultivado la Secretar\u00eda de Turismo a trav\u00e9s del programa viajemos Todos por M\u00e9xico.<\/p>\n<p>\u201cLa pol\u00edtica tur\u00edstica implementada por Enrique Pe\u00f1a Nieto ha consolidado a M\u00e9xico como uno de los destinos tur\u00edsticos del mundo. No solo quienes visitan del extranjero, son los mexicanos que viajamos por el pa\u00eds disfrutamos de la calidez, la atenci\u00f3n la riqueza cultural y la calidad de la infraestructura de esta importante industria\u201d, resalt\u00f3.<\/p>\n<p>Apunt\u00f3 que hoy el pa\u00eds es el principal receptor de cruceros tur\u00edsticos del mundo y los destinos de sol y playa han experimentado un crecimiento sin comparaci\u00f3n en lo que va de la presente administraci\u00f3n.<\/p>\n<p>\u201cM\u00e9xico volvi\u00f3 a demostrar su capacidad como organizador de grandes eventos como el Gran Premio de F\u00f3rmula 1 que adem\u00e1s de proyectar a nuestro pa\u00eds en todo el mundo, es un gran generador de beneficios econ\u00f3micos para todos\u201d, coment\u00f3. S\u00e1nchez Hern\u00e1ndez dijo que el sector turismo se ha consolidado en nuestro pa\u00eds como un motor de crecimiento y bienestar para millones de familias que viven de esta industria.<\/p>\n<p>\u201cEl turismo es uno de nuestros productos de exportaci\u00f3n m\u00e1s exitosos\u00a0 al ser el tercer generador neto de ingresos para nuestro pa\u00eds. Con un pol\u00edtica tur\u00edstica incluyente, el gobierno de la Republica continuar\u00e1 respaldando los proyectos de la iniciativa privada para que nuestro pa\u00eds es consolide como uno de los destinos preferidos del mundo\u201d, finaliz\u00f3.<\/p>\n","protected":false},"excerpt":{"rendered":"<p>M\u00e9xico registr\u00f3 un nuevo r\u00e9cord en materia de turismo el a\u00f1o pasado, con el arribo de m\u00e1s de 39 millones de turistas internacionales que dejaron una derrama econ\u00f3mica por 21 mil 300 millones de d\u00f3lares, inform\u00f3 el vocero del gobierno de la Rep\u00fablica, Eduardo S\u00e1nchez Hern\u00e1ndez.<\/p>\n","protected":false},"author":5,"featured_media":365506,"comment_status":"open","ping_status":"open","sticky":false,"template":"","format":"standard","meta":{"_monsterinsights_skip_tracking":false,"_monsterinsights_sitenote_active":false,"_monsterinsights_sitenote_note":"","_monsterinsights_sitenote_category":0,"footnotes":""},"categories":[11],"tags":[22275,66692,67159,71144,71091,43681],"class_list":["post-365505","post","type-post","status-publish","format-standard","has-post-thumbnail","hentry","category-turismo","tag-eduardo-sanchez-hernandez","tag-enrique-de-la-madrid","tag-gran-premio-de-mexico","tag-materia-turistica","tag-materia-turistica-en-2017","tag-turismo"],"_links":{"self":[{"href":"https:\/\/www.diarioimagen.net\/index.php?rest_route=\/wp\/v2\/posts\/365505","targetHints":{"allow":["GET"]}}],"collection":[{"href":"https:\/\/www.diarioimagen.net\/index.php?rest_route=\/wp\/v2\/posts"}],"about":[{"href":"https:\/\/www.diarioimagen.net\/index.php?rest_route=\/wp\/v2\/types\/post"}],"author":[{"embeddable":true,"href":"https:\/\/www.diarioimagen.net\/index.php?rest_route=\/wp\/v2\/users\/5"}],"replies":[{"embeddable":true,"href":"https:\/\/www.diarioimagen.net\/index.php?rest_route=%2Fwp%2Fv2%2Fcomments&post=365505"}],"version-history":[{"count":0,"href":"https:\/\/www.diarioimagen.net\/index.php?rest_route=\/wp\/v2\/posts\/365505\/revisions"}],"wp:featuredmedia":[{"embeddable":true,"href":"https:\/\/www.diarioimagen.net\/index.php?rest_route=\/wp\/v2\/media\/365506"}],"wp:attachment":[{"href":"https:\/\/www.diarioimagen.net\/index.php?rest_route=%2Fwp%2Fv2%2Fmedia&parent=365505"}],"wp:term":[{"taxonomy":"category","embeddable":true,"href":"https:\/\/www.diarioimagen.net\/index.php?rest_route=%2Fwp%2Fv2%2Fcategories&post=365505"},{"taxonomy":"post_tag","embeddable":true,"href":"https:\/\/www.diarioimagen.net\/index.php?rest_route=%2Fwp%2Fv2%2Ftags&post=365505"}],"curies":[{"name":"wp","href":"https:\/\/api.w.org\/{rel}","templated":true}]}}