{"id":365577,"date":"2018-02-23T00:01:59","date_gmt":"2018-02-23T06:01:59","guid":{"rendered":"http:\/\/www.diarioimagen.net\/?p=365577"},"modified":"2018-02-23T06:43:14","modified_gmt":"2018-02-23T12:43:14","slug":"el-castello-di-casolo-un-castillo-historico-ubicado-en-el-corazon-de-la-toscana-rural-lo-adquiere-la-cadena-hotelera-belmont","status":"publish","type":"post","link":"https:\/\/www.diarioimagen.net\/?p=365577","title":{"rendered":"El <em>Castello di Casolo<\/em>, un castillo hist\u00f3rico ubicado en el coraz\u00f3n de la Toscana rural, lo adquiere la cadena hotelera <em>Belmont<\/em>"},"content":{"rendered":"<h2>De cinco estrellas<\/h2>\n<h5>Victoria Gonz\u00e1lez Prado<\/h5>\n<p>&nbsp;<\/p>\n<ul>\n<li><em><strong>Crece Interjet en el mercado colombiano en las rutas Bogot\u00e1-M\u00e9xico y Bogot\u00e1-Canc\u00fan<\/strong><\/em><\/li>\n<\/ul>\n<p>&nbsp;<\/p>\n<div id=\"attachment_134033\" style=\"width: 430px\" class=\"wp-caption aligncenter\"><img loading=\"lazy\" decoding=\"async\" aria-describedby=\"caption-attachment-134033\" class=\"wp-image-134033 size-large\" src=\"http:\/\/diarioimagenqroo.mx\/noticias\/wp-content\/uploads\/2018\/02\/turismo-3313-420x236.jpg\" alt=\"\" width=\"420\" height=\"236\" \/><p id=\"caption-attachment-134033\" class=\"wp-caption-text\">El <em>Castello di Casolo<\/em>.<\/p><\/div>\n<p>&nbsp;<\/p>\n<p>Con una inversi\u00f3n de 7,3 millones de euros en una remodelaci\u00f3n gradual del hotel que incluir\u00e1 dos villas nuevas, para elevar el n\u00famero total de resort de 39 a 41 habitaciones. <em>Belmond Castello di Casole, <\/em>buscar\u00e1 convertirse en el mejor resort de lujo rom\u00e1ntico con un sentido rural al norte de Italia.<\/p>\n<p><strong>Roeland Vos<\/strong>, presidente y director ejecutivo de la cadena hotelera dijo: \u201cestamos encantados con la incorporaci\u00f3n del hist\u00f3rico <em>Castello di Casole<\/em> a la cartera hotelera.<\/p>\n<p>La marca contin\u00faa ganando impulso y esta adquisici\u00f3n marca un paso m\u00e1s en nuestro camino de crecimiento estrat\u00e9gico. \u00c9ste impresionante castillo, inmerso en la historia de los etruscos, retoma nuestra esencia de realizar inversiones estrat\u00e9gicas al adquirir propiedades \u00fanicas y atemporales, restaurarlas y dejarlas como propiedades ic\u00f3nicas\u201d.<\/p>\n<p>Lleno del esplendor italiano mezclado con el aut\u00e9ntico encanto toscano. El <em>\u201cCastello<\/em>\u201d se unir\u00e1 a la cartera de hoteles \u00edcono en Italia que incluye el <em>Hotel Cipriani <\/em>en Venecia,<em> la Villa San Michele <\/em>en Florencia<em> y el Hotel Splendido en <\/em>Portofino.<\/p>\n<p><em>Belmond Castello di Casole<\/em> data del siglo X; fue propiedad de la familia italiana, los Bargalis, que durante generaciones cultivaron el paisaje luego fue propiedad del cineasta <strong>Luchino Visconti<\/strong>. Las fiestas en el castillo fueron legendarias y asistieron los personajes m\u00e1s famosos de Hollywood de la \u00e9poca.<\/p>\n<p>El inmueble contar\u00e1 con la esencia y alma que genera sentimientos \u00fanicos en la industria y distingue a la marca: \u201cel arte del buen vivir\u201d, que combina cultura, naturaleza y bienestar para crear experiencias, viajes y eventos memorables.<\/p>\n<p>Con un dise\u00f1o que incluye espaciosas habitaciones dise\u00f1adas en honor a las tradiciones de la Toscana, llenas de terracota y colores dorados, muebles antiguos de \u00e9poca, pisos de piedra originales, jardines privados y una piscina infinita climatizada al aire libre ofrece a los hu\u00e9spedes vistas panor\u00e1micas de las colinas doradas y valles de la regi\u00f3n.<\/p>\n<p>La propiedad se encuentra entre Florencia y Siena. El hotel se encuentra ubicado en 1500 acres de tierras de cultivo, vi\u00f1edos y olivares; una de las fincas privadas m\u00e1s grandes de Italia.<\/p>\n<p>\u2730\u2730\u2730\u2730\u2730 En 2013 Interjet inici\u00f3 operaciones en Colombia con la ruta Bogot\u00e1\u2013 M\u00e9xico\u2013Bogot\u00e1. Desde ese a\u00f1o a la fecha se ha registrado un crecimiento del 13.6 por ciento en el n\u00famero de pasajeros colombianos que llegan al Aeropuerto Internacional de la Ciudad de M\u00e9xico.<\/p>\n<p>La otra ruta con gran \u00e9xito y aceptaci\u00f3n es Bogot\u00e1\u2013Canc\u00fan\u2013Bogot\u00e1, inaugurada en 2016 y hasta el a\u00f1o pasado registr\u00f3 un incremento de m\u00e1s del 8 por ciento en el tr\u00e1fico de pasajeros a esta playa mexicana.<\/p>\n<p>En 2017, la Secretaria de Turismo Federal (Sectur) dio a conocer que 485 mil 371 colombianos visitaron M\u00e9xico, lo cual represent\u00f3 un 2.7 por ciento del total de registro de visitantes extranjeros; asimismo aument\u00f3 un 10.4 por ciento en comparaci\u00f3n con 2016.<\/p>\n<p><strong>Julio Gamero<\/strong>, <em>Chief Commercial Officer <\/em>de Interjet asegur\u00f3: \u201cen el marco de la Vitrina Tur\u00edstica de ANATO 2018, esperamos concretar relaciones y alianzas que ayuden a la aerol\u00ednea a fortalecer su presencia y prestigio como una de las compa\u00f1\u00edas con mejor servicio en el mercado latinoamericano\u201d.<\/p>\n<p>La l\u00ednea a\u00e9rea se ha distinguido por ofrecer la mejor experiencia de viaje, con un conjunto \u00fanico de servicios que brinda a su clientes el equilibrio perfecto entre costo y beneficios; no existe la sobreventa de boletos, por lo cual los pasajeros siempre obtienen el asiento elegido, pueden documentar hasta 50 kilos. de equipaje en vuelos desde y hacia Latinoam\u00e9rica, viajando en tarifa <em>Priority,<\/em> disfrutar del servicio de <em>snacks<\/em> y bebidas a bordo sin costo, adem\u00e1s los adultos mayores tienen un descuento permanente en todos sus vuelos. Para reservar consulta: <a href=\"http:\/\/interjet.com\" target=\"_blank\" rel=\"noopener\">interjet.com<\/a><\/p>\n<p>\u2730\u2730\u2730\u2730\u2730 \u201cNos emociona cumplir nuestro tercer aniversario rodeados del talento y creatividad del chef <strong>David Izquierdo<\/strong> que durante este a\u00f1o est\u00e1 ya tras los fogones de la cocina del restaurante Candela Romero.<\/p>\n<p><strong>David<\/strong> toma cargo de una cocina acostumbrada a servir a sus clientes calidad e innovaci\u00f3n es todos sus platos. A partir de este a\u00f1o el restaurante ofrece un nuevo men\u00fa que refleja la amplia trayectoria de <strong>David<\/strong> en el mundo culinario, respetando los platos que han hecho del lugar el favorito para las personas que gustan del buen comer.<\/p>\n<p><strong>David Izquierdo Jover<\/strong> naci\u00f3 en Valencia, Espa\u00f1a. De 2000 a 2008 inici\u00f3 su carrera junto a cocineros reconocidos como <strong>Jacobo Torreblanc<\/strong>a (Torreblanca), <strong>Oscar Torrijos<\/strong> (restaurante Torrijos*) y <strong>Francis Paniego<\/strong> (Ectxaurren**). Su trayectoria en la hoteler\u00eda comenzar\u00eda en lugares como Hotel El <em>Bulli Hacienda Benazuza 5*<\/em> y Hotel Las Arenas 5* hasta el 2008 cuando su carrera lo llevar\u00eda al continente asi\u00e1tico.<\/p>\n<p>En Hong Kong 2008 consigue poner su restaurante Uno Mas en la gu\u00eda Michelin, con t\u00edtulo de <em>gourdman<\/em>. *Nominado por gu\u00eda <em>Miele<\/em> durante dos a\u00f1os consecutivos en el Top 10 chefs de Asia. En 2012 abre el restaurante <em>Boqueria<\/em> de NY en Hong Kong premiado como mejor nuevo restaurante por la gu\u00eda <em>Asia atelier<\/em>. <strong>David<\/strong> llega a M\u00e9xico en 2014 al hotel <em>Hyatt Los Cabos<\/em> el primer todo incluido de lujo con restaurantes a la carta.<\/p>\n<p>En 2015 llega a Panam\u00e1 de la mano de Estudio <em>Millesime by American Express,<\/em> compartiendo cocina con Top chefs como <strong>Jonay Armas<\/strong>, <strong>Pablo Salas<\/strong>, <strong>Diego Munoz<\/strong>, <strong>Fernando Canales<\/strong> y <strong>Abi Barak<\/strong>. M\u00e1s tarde se incorpora como chef ejecutivo al Hotel <em>JW Marriott Panam\u00e1 Golf &amp; Resort. <\/em><\/p>\n<p>En enero de 2018 David llega como chef de Candela Romero para imprimir su experiencia e innovaci\u00f3n culinaria.<\/p>\n<p><em><a href=\"mailto:victoriagprado@gmail.com\" target=\"_blank\" rel=\"noopener\">victoriagprado@gmail.com<\/a><\/em><br \/>\n<em> Twitter: <a href=\"https:\/\/twitter.com\/victoriagprado\" target=\"_blank\" rel=\"noopener\">@victoriagprado<\/a><\/em><\/p>\n","protected":false},"excerpt":{"rendered":"<p>Con una inversi\u00f3n de 7,3 millones de euros en una remodelaci\u00f3n gradual del hotel que incluir\u00e1 dos villas nuevas, para elevar el n\u00famero total de resort de 39 a 41 habitaciones. <em>Belmond Castello di Casole, <\/em>buscar\u00e1 convertirse en el mejor resort de lujo rom\u00e1ntico con un sentido rural al norte de Italia.<\/p>\n","protected":false},"author":3,"featured_media":365696,"comment_status":"open","ping_status":"open","sticky":false,"template":"","format":"standard","meta":{"_monsterinsights_skip_tracking":false,"_monsterinsights_sitenote_active":false,"_monsterinsights_sitenote_note":"","_monsterinsights_sitenote_category":0,"footnotes":""},"categories":[11],"tags":[107,43674,43681,106],"class_list":["post-365577","post","type-post","status-publish","format-standard","has-post-thumbnail","hentry","category-turismo","tag-de-cinco-estrellas","tag-opinion","tag-turismo","tag-victoria-gonzalez-prado"],"_links":{"self":[{"href":"https:\/\/www.diarioimagen.net\/index.php?rest_route=\/wp\/v2\/posts\/365577","targetHints":{"allow":["GET"]}}],"collection":[{"href":"https:\/\/www.diarioimagen.net\/index.php?rest_route=\/wp\/v2\/posts"}],"about":[{"href":"https:\/\/www.diarioimagen.net\/index.php?rest_route=\/wp\/v2\/types\/post"}],"author":[{"embeddable":true,"href":"https:\/\/www.diarioimagen.net\/index.php?rest_route=\/wp\/v2\/users\/3"}],"replies":[{"embeddable":true,"href":"https:\/\/www.diarioimagen.net\/index.php?rest_route=%2Fwp%2Fv2%2Fcomments&post=365577"}],"version-history":[{"count":0,"href":"https:\/\/www.diarioimagen.net\/index.php?rest_route=\/wp\/v2\/posts\/365577\/revisions"}],"wp:featuredmedia":[{"embeddable":true,"href":"https:\/\/www.diarioimagen.net\/index.php?rest_route=\/wp\/v2\/media\/365696"}],"wp:attachment":[{"href":"https:\/\/www.diarioimagen.net\/index.php?rest_route=%2Fwp%2Fv2%2Fmedia&parent=365577"}],"wp:term":[{"taxonomy":"category","embeddable":true,"href":"https:\/\/www.diarioimagen.net\/index.php?rest_route=%2Fwp%2Fv2%2Fcategories&post=365577"},{"taxonomy":"post_tag","embeddable":true,"href":"https:\/\/www.diarioimagen.net\/index.php?rest_route=%2Fwp%2Fv2%2Ftags&post=365577"}],"curies":[{"name":"wp","href":"https:\/\/api.w.org\/{rel}","templated":true}]}}