{"id":365579,"date":"2018-02-23T00:08:12","date_gmt":"2018-02-23T06:08:12","guid":{"rendered":"http:\/\/www.diarioimagen.net\/?p=365579"},"modified":"2018-02-25T22:10:39","modified_gmt":"2018-02-26T04:10:39","slug":"destaca-epn-monto-de-inversion-extranjera-directa","status":"publish","type":"post","link":"https:\/\/www.diarioimagen.net\/?p=365579","title":{"rendered":"Destaca EPN monto de inversi\u00f3n extranjera directa"},"content":{"rendered":"<ul>\n<li><strong><em>Sumar\u00e1 m\u00e1s de 180 mil mdd a fin de sexenio<\/em><\/strong><\/li>\n<\/ul>\n<p>&nbsp;<\/p>\n<div id=\"attachment_134042\" style=\"width: 430px\" class=\"wp-caption aligncenter\"><img loading=\"lazy\" decoding=\"async\" aria-describedby=\"caption-attachment-134042\" class=\"wp-image-134042 size-large\" src=\"http:\/\/diarioimagenqroo.mx\/noticias\/wp-content\/uploads\/2018\/02\/epn-3313-420x236.jpg\" alt=\"\" width=\"420\" height=\"236\" \/><p id=\"caption-attachment-134042\" class=\"wp-caption-text\">Enrique Pe\u00f1a Nieto destac\u00f3 la cifra hist\u00f3rica de Inversi\u00f3n Extranjera Directa en este sexenio.<\/p><\/div>\n<p>&nbsp;<\/p>\n<p>El presidente Enrique Pe\u00f1a advirti\u00f3 que a lo largo de este sexenio se han captado m\u00e1s de 171 mil millones de d\u00f3lares de Inversi\u00f3n Extranjera Directa (IED), cifra hist\u00f3rica, superior en 50% a la recibida durante la pasada administraci\u00f3n federal.<\/p>\n<p>En un video colocado en sus redes sociales, el jefe de Ejecutivo sostuvo que esta inversi\u00f3n for\u00e1nea es consecuencia de la confianza generada por M\u00e9xico a partir de la consolidaci\u00f3n del paquete de reformas estructurales concretado por los mexicanos.<\/p>\n<p>\u201cEl d\u00eda de ayer se ha dado a conocer la cifra de Inversi\u00f3n Extranjera Directa en nuestro pa\u00eds, es decir cu\u00e1nto invierten otros pa\u00edses, empresarios de otras naciones, en M\u00e9xico y hemos alcanzado una cifra hist\u00f3rica que nunca se hab\u00eda tenido en nuestro pa\u00eds, m\u00e1s de 171 mil millones de d\u00f3lares.<\/p>\n<p>\u201cSupera en mucho lo que se hab\u00eda invertido en el pasado, en la administraci\u00f3n anterior, 50% m\u00e1s. \u00bfY esto qu\u00e9 significa?, que la gente est\u00e1 confiando en M\u00e9xico, que ven en M\u00e9xico, a partir de las reformas que se hicieron, una buena ventana de oportunidad para generar inversi\u00f3n para generar empleos\u201d.<\/p>\n<p>El Presidente de la Rep\u00fablica enfatiz\u00f3 que \u201cuna cosa va con la otra\u201d, pues la inversi\u00f3n extranjera que se capta como naci\u00f3n, es gracias a la confianza que proyecta el pa\u00eds, a partir de ello, hay generaci\u00f3n de empleos y oportunidades para m\u00e1s mexicanos.<\/p>\n<p style=\"text-align: center;\"><strong>Inversi\u00f3n Extranjera sumar\u00e1 m\u00e1s de 180 mil mdd: Guajardo<\/strong><\/p>\n<p>Por su parte, el secretario de Econom\u00eda, Ildefonso Guajardo Villarreal destac\u00f3 que en este sexenio se captar\u00e1n m\u00e1s 180 mil millones de d\u00f3lares en Inversi\u00f3n Extranjera Directa (IED), con un promedio anual de m\u00e1s de 30 mil millones, incluso sin que se reflejen a\u00fan las inversiones comprometidas en el sector energ\u00e9tico.<\/p>\n<p>\u201cEsa es una muy buena noticia, porque quiere decir que muchos de los proyectos estaban en proceso fueron materializados, fueron realizados\u201d, explic\u00f3 en entrevista en el marco de su participaci\u00f3n aqu\u00ed en la Tercera Conferencia Ministerial Global de Pymes y Emprendimento, de la Organizaci\u00f3n para la Cooperaci\u00f3n y el Desarrollo Econ\u00f3micos (OCDE).<\/p>\n<p>\u201cAlgo que compart\u00ed con ustedes desde el inicio del sexenio, que este sexenio iba a lograr no solo cumplir su meta, sino llegar a una consolidaci\u00f3n sexenal de m\u00e1s de 180 mil millones de d\u00f3lares, reflejando un promedio de m\u00e1s de 30 mil millones\u201d.<\/p>\n<p>Reiter\u00f3 que algunos de los proyectos de IED estaban apenas en ideas, y sus promotores prefirieron esperar a ver c\u00f3mo le va al Tratado de Libre Comercio de Am\u00e9rica del Norte (TLCAN), actualmente en proceso de renegociaci\u00f3n entre M\u00e9xico, Estados Unidos y Canad\u00e1.<\/p>\n<p>Calific\u00f3 como una gran noticia los 29 mil 695 millones de d\u00f3lares que M\u00e9xico registr\u00f3 en 2017 por concepto de IED, pues a\u00fan falta que se reflejen compromisos de inversi\u00f3n establecidos a 10 o 15 a\u00f1os por m\u00e1s de 120 mil millones de d\u00f3lares en la parte energ\u00e9tica.<\/p>\n<p>El funcionario federal coment\u00f3 que este monto representa un incremento de 11 por ciento en relaci\u00f3n al periodo enero-diciembre de 2016, \u201ces una muy buena cifra y nos muestra que los inversionistas siguen confiando en M\u00e9xico\u201d.<\/p>\n<p>Sobre el origen de esta IED a M\u00e9xico, record\u00f3 que no hace muchos a\u00f1os, m\u00e1s del 80 por ciento ven\u00eda de Estados Unidos, pero ahora s\u00f3lo 50 por ciento del monto acumulado en este sexenio proviene de ese pa\u00eds.<\/p>\n<p>\u201cClaro, tenemos que estar conscientes que una parte de la inversi\u00f3n viene buscando al mercado nacional, pero tambi\u00e9n viene buscando el mercado de Am\u00e9rica del Norte, por eso esta negociaci\u00f3n (del TLCAN) es tan importante\u201d, a\u00f1adi\u00f3 el secretario de Econom\u00eda.<\/p>\n<p>Sobre el comportamiento de la inflaci\u00f3n, destac\u00f3 que a tasa anual muestra una tendencia a la baja, pues en la primera quincena de febrero de este a\u00f1o se ubic\u00f3 en 5.45 por ciento, por debajo del 5.58 por ciento registrado en la segunda quincena de enero.<\/p>\n<p>\u201cHay un incremento, pero menos que el incremento que venimos presenciando, la curva anual viene hacia la baja, reduci\u00e9ndose de los niveles que hab\u00eda alcanzado, y muchos de los elementos que la estaban impulsando, como en el caso de frutas y verduras, el tomate tiene un tema de sobreproducci\u00f3n que est\u00e1 afectando, hubo una reducci\u00f3n de 23 por ciento en el precio del tomate\u201d.<\/p>\n<p>Esto apunta a que la tendencia inflacionaria tiene que ir cerr\u00e1ndose hacia los niveles que se ha manejado a partir de los supuestos incluidos en el paquete econ\u00f3mico para este a\u00f1o, que es eventualmente bajar al 4.0 por ciento y llegar a 3.0 por ciento a finales de 2018.<\/p>\n","protected":false},"excerpt":{"rendered":"<p>El presidente Enrique Pe\u00f1a advirti\u00f3 que a lo largo de este sexenio se han captado m\u00e1s de 171 mil millones de d\u00f3lares de Inversi\u00f3n Extranjera Directa (IED), cifra hist\u00f3rica, superior en 50% a la recibida durante la pasada administraci\u00f3n federal.<\/p>\n","protected":false},"author":3,"featured_media":365691,"comment_status":"open","ping_status":"open","sticky":false,"template":"","format":"standard","meta":{"_monsterinsights_skip_tracking":false,"_monsterinsights_sitenote_active":false,"_monsterinsights_sitenote_note":"","_monsterinsights_sitenote_category":0,"footnotes":""},"categories":[8],"tags":[18,71147,43678,5247,9074],"class_list":["post-365579","post","type-post","status-publish","format-standard","has-post-thumbnail","hentry","category-finanzas","tag-enrique-pena-nieto","tag-extranjera","tag-finanzas","tag-inversion","tag-inversion-extranjera-directa"],"_links":{"self":[{"href":"https:\/\/www.diarioimagen.net\/index.php?rest_route=\/wp\/v2\/posts\/365579","targetHints":{"allow":["GET"]}}],"collection":[{"href":"https:\/\/www.diarioimagen.net\/index.php?rest_route=\/wp\/v2\/posts"}],"about":[{"href":"https:\/\/www.diarioimagen.net\/index.php?rest_route=\/wp\/v2\/types\/post"}],"author":[{"embeddable":true,"href":"https:\/\/www.diarioimagen.net\/index.php?rest_route=\/wp\/v2\/users\/3"}],"replies":[{"embeddable":true,"href":"https:\/\/www.diarioimagen.net\/index.php?rest_route=%2Fwp%2Fv2%2Fcomments&post=365579"}],"version-history":[{"count":0,"href":"https:\/\/www.diarioimagen.net\/index.php?rest_route=\/wp\/v2\/posts\/365579\/revisions"}],"wp:featuredmedia":[{"embeddable":true,"href":"https:\/\/www.diarioimagen.net\/index.php?rest_route=\/wp\/v2\/media\/365691"}],"wp:attachment":[{"href":"https:\/\/www.diarioimagen.net\/index.php?rest_route=%2Fwp%2Fv2%2Fmedia&parent=365579"}],"wp:term":[{"taxonomy":"category","embeddable":true,"href":"https:\/\/www.diarioimagen.net\/index.php?rest_route=%2Fwp%2Fv2%2Fcategories&post=365579"},{"taxonomy":"post_tag","embeddable":true,"href":"https:\/\/www.diarioimagen.net\/index.php?rest_route=%2Fwp%2Fv2%2Ftags&post=365579"}],"curies":[{"name":"wp","href":"https:\/\/api.w.org\/{rel}","templated":true}]}}