{"id":365599,"date":"2018-02-23T00:05:47","date_gmt":"2018-02-23T06:05:47","guid":{"rendered":"http:\/\/www.diarioimagen.net\/?p=365599"},"modified":"2018-02-23T05:02:47","modified_gmt":"2018-02-23T11:02:47","slug":"gran-participacion-en-el-jueves-ciudadano-en-comunidad-de-zacamulpa-en-huixquilucan","status":"publish","type":"post","link":"https:\/\/www.diarioimagen.net\/?p=365599","title":{"rendered":"Gran participaci\u00f3n en el Jueves Ciudadano en comunidad de Zacamulpa, en Huixquilucan"},"content":{"rendered":"<p><a href=\"http:\/\/www.diarioimagen.net\/?attachment_id=365677\" rel=\"attachment wp-att-365677\"><img loading=\"lazy\" decoding=\"async\" class=\"aligncenter size-large wp-image-365677\" src=\"http:\/\/www.diarioimagen.net\/wp-content\/uploads\/2018\/02\/HUIXQUILUCAN-3313-460x259.jpg\" alt=\"\" width=\"460\" height=\"259\" srcset=\"https:\/\/www.diarioimagen.net\/wp-content\/uploads\/2018\/02\/HUIXQUILUCAN-3313-460x259.jpg 460w, https:\/\/www.diarioimagen.net\/wp-content\/uploads\/2018\/02\/HUIXQUILUCAN-3313-240x135.jpg 240w, https:\/\/www.diarioimagen.net\/wp-content\/uploads\/2018\/02\/HUIXQUILUCAN-3313-235x132.jpg 235w, https:\/\/www.diarioimagen.net\/wp-content\/uploads\/2018\/02\/HUIXQUILUCAN-3313-202x114.jpg 202w, https:\/\/www.diarioimagen.net\/wp-content\/uploads\/2018\/02\/HUIXQUILUCAN-3313-350x196.jpg 350w, https:\/\/www.diarioimagen.net\/wp-content\/uploads\/2018\/02\/HUIXQUILUCAN-3313-220x123.jpg 220w, https:\/\/www.diarioimagen.net\/wp-content\/uploads\/2018\/02\/HUIXQUILUCAN-3313-237x132.jpg 237w, https:\/\/www.diarioimagen.net\/wp-content\/uploads\/2018\/02\/HUIXQUILUCAN-3313.jpg 480w\" sizes=\"auto, (max-width: 460px) 100vw, 460px\" \/><\/a><\/p>\n<p>&nbsp;<\/p>\n<p><strong>Huixquilucan, Estado de M\u00e9xico.- <\/strong>Al acudir por segunda ocasi\u00f3n al Jueves Ciudadano, realizado en la comunidad de Zacamulpa, el presidente municipal, Enrique Vargas del Villar, asegur\u00f3 que este ejercicio demuestra la forma como se debe gobernar, escuchando las inquietudes y demandas de la poblaci\u00f3n, pero sobre todo, dando soluciones inmediatas.<\/p>\n<p>Ante vecinos de la zona, el alcalde reiter\u00f3 su compromiso de seguir trabajando de la mano con las autoridades auxiliares para generar bienestar a las familias, a trav\u00e9s de un manejo responsable de las finanzas p\u00fablicas, que permiten la realizaci\u00f3n de obra. Record\u00f3, que esta administraci\u00f3n, lejos de contraer deuda, ha pagado m\u00e1s de 400 millones de pesos de d\u00e9bitos heredados.<\/p>\n","protected":false},"excerpt":{"rendered":"<p>Al acudir por segunda ocasi\u00f3n al Jueves Ciudadano, realizado en la comunidad de Zacamulpa, el presidente municipal, Enrique Vargas del Villar, asegur\u00f3 que este ejercicio demuestra la forma como se debe gobernar, escuchando las inquietudes y demandas de la poblaci\u00f3n, pero sobre todo, dando soluciones inmediatas.<\/p>\n","protected":false},"author":3,"featured_media":365677,"comment_status":"open","ping_status":"open","sticky":false,"template":"","format":"standard","meta":{"_monsterinsights_skip_tracking":false,"_monsterinsights_sitenote_active":false,"_monsterinsights_sitenote_note":"","_monsterinsights_sitenote_category":0,"footnotes":""},"categories":[35155],"tags":[43675,1097,71148,71149],"class_list":["post-365599","post","type-post","status-publish","format-standard","has-post-thumbnail","hentry","category-estado-de-mexico-estado-de-mexico","tag-estado-de-mexico","tag-huixquilucan","tag-jueves-ciudadano","tag-zacamulpa"],"_links":{"self":[{"href":"https:\/\/www.diarioimagen.net\/index.php?rest_route=\/wp\/v2\/posts\/365599","targetHints":{"allow":["GET"]}}],"collection":[{"href":"https:\/\/www.diarioimagen.net\/index.php?rest_route=\/wp\/v2\/posts"}],"about":[{"href":"https:\/\/www.diarioimagen.net\/index.php?rest_route=\/wp\/v2\/types\/post"}],"author":[{"embeddable":true,"href":"https:\/\/www.diarioimagen.net\/index.php?rest_route=\/wp\/v2\/users\/3"}],"replies":[{"embeddable":true,"href":"https:\/\/www.diarioimagen.net\/index.php?rest_route=%2Fwp%2Fv2%2Fcomments&post=365599"}],"version-history":[{"count":0,"href":"https:\/\/www.diarioimagen.net\/index.php?rest_route=\/wp\/v2\/posts\/365599\/revisions"}],"wp:featuredmedia":[{"embeddable":true,"href":"https:\/\/www.diarioimagen.net\/index.php?rest_route=\/wp\/v2\/media\/365677"}],"wp:attachment":[{"href":"https:\/\/www.diarioimagen.net\/index.php?rest_route=%2Fwp%2Fv2%2Fmedia&parent=365599"}],"wp:term":[{"taxonomy":"category","embeddable":true,"href":"https:\/\/www.diarioimagen.net\/index.php?rest_route=%2Fwp%2Fv2%2Fcategories&post=365599"},{"taxonomy":"post_tag","embeddable":true,"href":"https:\/\/www.diarioimagen.net\/index.php?rest_route=%2Fwp%2Fv2%2Ftags&post=365599"}],"curies":[{"name":"wp","href":"https:\/\/api.w.org\/{rel}","templated":true}]}}