{"id":365614,"date":"2018-02-23T00:00:17","date_gmt":"2018-02-23T06:00:17","guid":{"rendered":"http:\/\/www.diarioimagen.net\/?p=365614"},"modified":"2018-02-23T03:45:49","modified_gmt":"2018-02-23T09:45:49","slug":"cada-vez-se-escucha-mas-que-ochoa-ya-no-sera-dirigente-del-pri","status":"publish","type":"post","link":"https:\/\/www.diarioimagen.net\/?p=365614","title":{"rendered":"Cada vez se escucha m\u00e1s que Ochoa ya no ser\u00e1 dirigente del PRI"},"content":{"rendered":"<h2>La Retaguardia<\/h2>\n<h5>Adriana Moreno Cordero<\/h5>\n<p>&nbsp;<\/p>\n<p>Cada vez se escucha m\u00e1s en los corrillos pol\u00edticos, que el presidente del CEN del PRI, <strong>Enrique Ocho Reza<\/strong>, dejar\u00e1 de serlo y en parte eso tendr\u00eda que ver con los tambi\u00e9n cada vez m\u00e1s constantes comentarios de que la campa\u00f1a de su candidato presidencial, <strong>Jos\u00e9 Antonio Meade<\/strong>, de plano, no acaba de despegar, am\u00e9n de que no faltan aquellos que aseguran que en las elecciones del ya pr\u00f3ximo 1 de julio, el Revolucionario Institucional se podr\u00eda ir hasta tercera fuerza. \u00bfSer\u00e1?<\/p>\n<p>Son dos las cartas que se manejan para sustituir a Ochoa, ambos exgobernadores: <strong>Eruviel Avila<\/strong> y <strong>Rub\u00e9n Moreira<\/strong>. En el caso del primero, como se recordar\u00e1, dej\u00f3 el PRI de la Ciudad de M\u00e9xico para incorporarse en la campa\u00f1a de Meade Kuribre\u00f1a y como gobernador del Estado de M\u00e9xico, no dej\u00f3 tan buen sabor de boca, pues su sucesor, <strong>Alfredo del Mazo Masa<\/strong>, gan\u00f3 por un escaso margen a la candidata de Morena al gobierno mexiquense, <strong>Delfina G\u00f3mez<\/strong>.<\/p>\n<p>Respecto al segundo, la fama que traen arrastrando los hermanos Moreira no solo en Coahuila, no se la quitan ni a\u00fan cuando en las m\u00e1s recientes elecciones, <strong>Humberto Moreira<\/strong> fingi\u00f3 tener pleito cazado con su hermano Rub\u00e9n.<\/p>\n<p>Por lo dem\u00e1s, se dice que a <strong>Claudia Ruiz Massieu<\/strong>, no la dejar\u00e1n llegar a la dirigencia pri\u00edsta. \u00bfSer\u00e1?<\/p>\n<p>Por otro lado, no deja de haber escepticismo y el parteaguas que marca este importante momento, es el anuncio que hiciera el partido tricolor sobre qui\u00e9nes ser\u00e1n los coordinadores regionales de la campa\u00f1a del candidato de la coalici\u00f3n, \u201cTodos por M\u00e9xico\u201d.<\/p>\n<p>As\u00ed, en medio del esc\u00e1ndalo en el que se intent\u00f3 involucrar a <strong>Manlio Fabio Beltrones<\/strong>, fue nombrado como coordinador de la primera circunscripci\u00f3n, que incluye, adem\u00e1s de su estado, Sonora, el de Baja California, donde, dicho sea de paso, se est\u00e1 conformando una corriente en la que el \u201chankismo\u201d crece, encabezada, ni m\u00e1s ni menos que por el due\u00f1o de Grupo Caliente, <strong>Jorge Hank Rhon<\/strong>.<\/p>\n<p>Se sabe adem\u00e1s, que el ex gobernador de Sonora, llegar\u00e1 de nueva cuenta a la C\u00e1mara de Diputados, donde ser\u00e1 coordinador de la fracci\u00f3n tricolor en esa instancia legislativa.<\/p>\n<p>La hidalguense <strong>Carolina Viggiano<\/strong>, -esposa de Rub\u00e9n Moreira, por cierto-, se har\u00e1 cargo de la segunda circunscripci\u00f3n.<\/p>\n<p>Tambi\u00e9n est\u00e1 <strong>Miguel Angel Osorio Chong<\/strong>, ex secretario de Gobernaci\u00f3n, que busca un esca\u00f1o en el Senado de la Rep\u00fablica y se supone que tambi\u00e9n ser\u00eda el coordinador de la fracci\u00f3n tricolor, aunque ah\u00ed, no ha dejado de mencionarse al sinaloense <strong>Enrique Jackson<\/strong>. El ex gobernador de Hidalgo ser\u00e1 el responsable de las campa\u00f1as de aquellos que aspiren, como \u00e9l, a llegar a la C\u00e1mara Alta.<\/p>\n<p><strong>Beatriz Paredes Rangel <\/strong>ser\u00e1 la coordinadora en la tercera circunscripci\u00f3n y con esto, marca su retorno a la pol\u00edtica aunque (seg\u00fan se sabe), no le tocar\u00e1 nada.<\/p>\n<p>Otros dos ex gobernadores ser\u00e1n coordinadores, el guerrerense <strong>Ren\u00e9 Ju\u00e1rez Cisneros<\/strong>, con la cuarta circunscripci\u00f3n y el tlaxcalteca <strong>Mariano Gonz\u00e1lez Zarur<\/strong> en la quinta. Los dos ex mandatarios estatales pasaron su estafeta a otro pri\u00edsta: Ju\u00e1rez Cisneros a <strong>H\u00e9ctor Astudillo<\/strong> y Gonz\u00e1lez Zarur a <strong>Marco Antonio Mena<\/strong>, pero nada m\u00e1s.<\/p>\n<p style=\"text-align: center;\"><strong>Municiones<\/strong><\/p>\n<p>*** La industria aeron\u00e1utica en M\u00e9xico registra un crecimiento sostenido de 17% en sus exportaciones, al tiempo que logr\u00f3 m\u00e1s de 7 mil 600 millones de d\u00f3lares por este concepto y un super\u00e1vit comercial con cerca de mil 400 millones de d\u00f3lares, asegur\u00f3 el secretario de Comunicaciones y Transportes, <strong>Gerardo Ruiz Esparza<\/strong>, al inaugurar la planta SAFRAN en asociaci\u00f3n con la empresa ALBANY, en representaci\u00f3n del presidente Enrique Pe\u00f1a Nieto.<\/p>\n<p>Hoy en d\u00eda operan m\u00e1s de 330 empresas aeroespaciales que generan cerca de 50 mil empleos y nuestro pa\u00eds es ya el tercer destino mundial en atracci\u00f3n de proyectos de inversi\u00f3n extranjera directa en tecnolog\u00eda aeroespacial, despu\u00e9s de Estados Unidos y Reino Unido. As\u00ed es como las relevantes inversiones representan de manera indiscutible la confianza que tienen en el pa\u00eds los inversionistas y empresarios mexicanos e internacionales y son un voto de confianza en la transformaci\u00f3n de gran calado.<\/p>\n<p>*** En la Primera Sesi\u00f3n Ordinaria de la Conferencia Nacional de Secretarios del Trabajo 2018, CONASETRA, que preside <strong>Roberto Campa Cifri\u00e1n<\/strong>, se firm\u00f3 el Acuerdo de Ejecuci\u00f3n de Movilidad Interna, que tiene por objeto ejecutar pol\u00edticas y programas para mejorar la protecci\u00f3n de los derechos laborales de los trabajadores del campo. Para el titular de la STyPS, dicho acuerdo, \u201cresulta una herramienta \u00fatil para el mejoramiento de las condiciones de los trabajadores y la dignificaci\u00f3n del empleo, a trav\u00e9s de acciones de movilidad laboral interna, que les garanticen respecto a sus derechos humanos, como es salud e integridad f\u00edsica en los campos de trabajo\u201d.<\/p>\n<p>*** El coordinador de la bancada del PRI en el Senado, <strong>Emilio Gamboa Patr\u00f3n<\/strong>, opin\u00f3 sobre los dichos del candidato presidencial de \u201cPor M\u00e9xico al Frente\u201d, <strong>Ricardo Anaya<\/strong>, que acus\u00f3 al PRI de estar detr\u00e1s de la acusaci\u00f3n por \u201clavado de dinero\u201d. El legislador yucateco deslind\u00f3 a su partido, \u201cno tiene nada que ver\u201d, dijo.<\/p>\n<p>*** La siempre flamante candidata de Morena a la jefatura de Gobierno de la CDMX, <strong>Claudia Sheinbaum<\/strong>, sigue cargando sobre su espalda los delicados pendientes que dej\u00f3 cuando encabez\u00f3 la delegaci\u00f3n Tlalpan y que tienen nombre y apellido \u201cEnrique R\u00e9bsamen\u201d.<\/p>\n<p>El perredista <strong>Ra\u00fal Flores<\/strong>, v\u00eda twitter solicit\u00f3 al Instituto de Acceso a la Informaci\u00f3n de la CDMX, que \u201cde manera urgente, garantice el acceso irrestricto y total a la informaci\u00f3n p\u00fablica\u201d, pues el expediente del colegio que est\u00e1 en las inmediaciones de Villa Coapa y que colaps\u00f3 luego del sismo del pasado 19 de septiembre est\u00e1 \u201cconvenientemente incompleto\u201d.<\/p>\n<p>Pero ahora que ya se desclasific\u00f3 el expediente del plantel educativo en el que murieron 26 personas y sigue sembrando temor en los vecinos que viven cerca, debe haber mucha preocupaci\u00f3n en el equipo de la candidata Sheinbaum.<\/p>\n<p>Eso s\u00ed, como quedaron en dicha demarcaci\u00f3n gente cercana a la morenista, de inmediato hicieron p\u00fablico que no est\u00e1n encubriendo opacidad. \u00bfSer\u00e1 entonces que ya \u201cmaquillaron\u201d dicho expediente?<\/p>\n<p>*** Viva Aerobus reporta que durante el 2017, fueron transportados m\u00e1s de 8.1 millones de pasajeros, lo que representa un incremento del 29% respecto al 2016 y con un factor de ocupaci\u00f3n del 90%. Adicionalmente, a lo largo del a\u00f1o pasado, dicha Aerol\u00ednea estren\u00f3 23 nuevas rutas, finalizando el 2017 con 88 rutas a 37 destinos diferentes. Los resultados fueron impulsados por la preferencia de los viajeros dado el atractivo de los precios m\u00e1s competitivos del mercado y su estrategia de expansi\u00f3n constante. Asimismo, Viva Aerobus creci\u00f3 en el tr\u00e1fico de pasajeros.<\/p>\n<p><a href=\"mailto:morcora@gmail.com\" target=\"_blank\" rel=\"noopener\"><em>morcora@gmail.com<\/em><\/a><\/p>\n","protected":false},"excerpt":{"rendered":"<p><span style=\"color: #005497;\"><strong>Adriana Moreno Cordero<\/strong><\/span><\/p>\n","protected":false},"author":3,"featured_media":0,"comment_status":"open","ping_status":"open","sticky":false,"template":"","format":"standard","meta":{"_monsterinsights_skip_tracking":false,"_monsterinsights_sitenote_active":false,"_monsterinsights_sitenote_note":"","_monsterinsights_sitenote_category":0,"footnotes":""},"categories":[69370],"tags":[69369,69368,43674],"class_list":["post-365614","post","type-post","status-publish","format-standard","hentry","category-adriana-moreno-cordero","tag-adriana-moreno-cordero","tag-la-retaguardia","tag-opinion"],"_links":{"self":[{"href":"https:\/\/www.diarioimagen.net\/index.php?rest_route=\/wp\/v2\/posts\/365614","targetHints":{"allow":["GET"]}}],"collection":[{"href":"https:\/\/www.diarioimagen.net\/index.php?rest_route=\/wp\/v2\/posts"}],"about":[{"href":"https:\/\/www.diarioimagen.net\/index.php?rest_route=\/wp\/v2\/types\/post"}],"author":[{"embeddable":true,"href":"https:\/\/www.diarioimagen.net\/index.php?rest_route=\/wp\/v2\/users\/3"}],"replies":[{"embeddable":true,"href":"https:\/\/www.diarioimagen.net\/index.php?rest_route=%2Fwp%2Fv2%2Fcomments&post=365614"}],"version-history":[{"count":0,"href":"https:\/\/www.diarioimagen.net\/index.php?rest_route=\/wp\/v2\/posts\/365614\/revisions"}],"wp:attachment":[{"href":"https:\/\/www.diarioimagen.net\/index.php?rest_route=%2Fwp%2Fv2%2Fmedia&parent=365614"}],"wp:term":[{"taxonomy":"category","embeddable":true,"href":"https:\/\/www.diarioimagen.net\/index.php?rest_route=%2Fwp%2Fv2%2Fcategories&post=365614"},{"taxonomy":"post_tag","embeddable":true,"href":"https:\/\/www.diarioimagen.net\/index.php?rest_route=%2Fwp%2Fv2%2Ftags&post=365614"}],"curies":[{"name":"wp","href":"https:\/\/api.w.org\/{rel}","templated":true}]}}