{"id":365750,"date":"2018-02-26T00:10:18","date_gmt":"2018-02-26T06:10:18","guid":{"rendered":"http:\/\/www.diarioimagen.net\/?p=365750"},"modified":"2018-02-26T02:32:05","modified_gmt":"2018-02-26T08:32:05","slug":"mejoran-condiciones-de-vivienda","status":"publish","type":"post","link":"https:\/\/www.diarioimagen.net\/?p=365750","title":{"rendered":"Mejoran condiciones de vivienda"},"content":{"rendered":"<h2>Arco Norte<\/h2>\n<h5>Jos\u00e9 Luis Monta\u00f1ez Aguilar<\/h5>\n<p>&nbsp;<\/p>\n<p><a href=\"http:\/\/www.diarioimagen.net\/?attachment_id=365840\" rel=\"attachment wp-att-365840\"><img loading=\"lazy\" decoding=\"async\" class=\"aligncenter size-large wp-image-365840\" src=\"http:\/\/www.diarioimagen.net\/wp-content\/uploads\/2018\/02\/arco-3314-460x259.jpg\" alt=\"\" width=\"460\" height=\"259\" srcset=\"https:\/\/www.diarioimagen.net\/wp-content\/uploads\/2018\/02\/arco-3314-460x259.jpg 460w, https:\/\/www.diarioimagen.net\/wp-content\/uploads\/2018\/02\/arco-3314-240x135.jpg 240w, https:\/\/www.diarioimagen.net\/wp-content\/uploads\/2018\/02\/arco-3314-235x132.jpg 235w, https:\/\/www.diarioimagen.net\/wp-content\/uploads\/2018\/02\/arco-3314-202x114.jpg 202w, https:\/\/www.diarioimagen.net\/wp-content\/uploads\/2018\/02\/arco-3314-350x196.jpg 350w, https:\/\/www.diarioimagen.net\/wp-content\/uploads\/2018\/02\/arco-3314-220x123.jpg 220w, https:\/\/www.diarioimagen.net\/wp-content\/uploads\/2018\/02\/arco-3314-237x132.jpg 237w, https:\/\/www.diarioimagen.net\/wp-content\/uploads\/2018\/02\/arco-3314.jpg 480w\" sizes=\"auto, (max-width: 460px) 100vw, 460px\" \/><\/a><\/p>\n<p>&nbsp;<\/p>\n<p>Al encabezar la Segunda Sesi\u00f3n Ordinaria del Gabinete Regional IV, que comprende los municipios de Nicol\u00e1s Romero, Cuautitl\u00e1n Izcalli y Atizap\u00e1n de Zaragoza, el secretario de Desarrollo Urbano y Metropolitano, Enrique Jacob Rocha, dio a conocer el programa Piso firme.<\/p>\n<p>Explic\u00f3 que el programa Piso firme es gratuito y est\u00e1 dise\u00f1ado para mejorar las condiciones de espacios de prioridad en los hogares, tales como cocina, rec\u00e1maras y ba\u00f1os, lo cual produce un impacto positivo sobre la salud de los integrantes de las familias beneficiadas, principalmente de los ni\u00f1os y los adultos mayores.<\/p>\n<p>Tambi\u00e9n dio a conocer el programa de Regularizaci\u00f3n de la Tierra, con el que se apoya a los mexiquenses a regularizar y obtener los t\u00edtulos de propiedad de sus viviendas y patrimonios.<\/p>\n<p>En la reuni\u00f3n, Enrique Jacob proporcion\u00f3 diversos detalles del programa Salario Rosa, el cual est\u00e1 dirigido a amas de casa en condiciones de pobreza extrema, y que se caracteriza por contar con acciones inclusivas, integrales, solidarias y productivas, que tienen como finalidad el desarrollo humano para combatir la pobreza con un enfoque multidimensional.<\/p>\n<p>Finalmente, exhort\u00f3 a los integrantes de este Gabinete Regional a continuar trabajando con cercan\u00eda para dar seguimiento a las acciones y estrategias que se han formulado para atender las necesidades de los mexiquenses de la regi\u00f3n.<\/p>\n<p style=\"text-align: center;\"><strong>Cumple ISEM con meta de vacunaci\u00f3n<\/strong><\/p>\n<p>Al concluir la Primera Semana Nacional de Salud, el ISEM inform\u00f3 que cumpli\u00f3 con la meta de aplicar un mill\u00f3n 400 mil\u00a0 vacunas de diversos biol\u00f3gicos, adem\u00e1s de realizar m\u00e1s de 4.5 millones de acciones de orientaci\u00f3n a la poblaci\u00f3n objetivo para la prevenci\u00f3n de diversas enfermedades.<\/p>\n<p>Con lo anterior, se protege a los ni\u00f1os menores de cinco a\u00f1os y mujeres embarazadas, a trav\u00e9s de las vacunas contra sarampi\u00f3n, rubeola y parotiditis; difteria, tosferina y t\u00e9tanos; haemophilus\u00a0 influenzae tipo B y poliomielitis; hepatitis B, anti neumococo, anti-rotavirus y contra tuberculosis.<\/p>\n<p>La meta de la Primera Semana Nacional de Salud fue completar el esquema b\u00e1sico de las vacunas BCG, pentavalente acelular, anti hepatitis B, la triple viral, anti-rotavirus y anti neumoc\u00f3cica conjugada, as\u00ed como reforzar la vacuna DTP y SR.<\/p>\n<p><em><a href=\"mailto:montanezaguilar@gmail.com\" target=\"_blank\" rel=\"noopener noreferrer\">montanezaguilar@gmail.com<\/a><\/em><\/p>\n","protected":false},"excerpt":{"rendered":"<p><span style=\"color: #005497;\">Jos\u00e9 Luis Monta\u00f1ez Aguilar<\/span><br \/>\n<br \/>\nAl encabezar la Segunda Sesi\u00f3n Ordinaria del Gabinete Regional IV, que comprende los municipios de Nicol\u00e1s Romero, Cuautitl\u00e1n Izcalli y Atizap\u00e1n de Zaragoza, el secretario de Desarrollo Urbano y Metropolitano, Enrique Jacob Rocha, dio a conocer el programa Piso firme.<\/p>\n","protected":false},"author":3,"featured_media":365840,"comment_status":"open","ping_status":"open","sticky":false,"template":"","format":"standard","meta":{"_monsterinsights_skip_tracking":false,"_monsterinsights_sitenote_active":false,"_monsterinsights_sitenote_note":"","_monsterinsights_sitenote_category":0,"footnotes":""},"categories":[5],"tags":[13284,43704,43674],"class_list":["post-365750","post","type-post","status-publish","format-standard","has-post-thumbnail","hentry","category-estado-de-mexico","tag-arco-norte","tag-jose-luis-montanez-aguilar","tag-opinion"],"_links":{"self":[{"href":"https:\/\/www.diarioimagen.net\/index.php?rest_route=\/wp\/v2\/posts\/365750","targetHints":{"allow":["GET"]}}],"collection":[{"href":"https:\/\/www.diarioimagen.net\/index.php?rest_route=\/wp\/v2\/posts"}],"about":[{"href":"https:\/\/www.diarioimagen.net\/index.php?rest_route=\/wp\/v2\/types\/post"}],"author":[{"embeddable":true,"href":"https:\/\/www.diarioimagen.net\/index.php?rest_route=\/wp\/v2\/users\/3"}],"replies":[{"embeddable":true,"href":"https:\/\/www.diarioimagen.net\/index.php?rest_route=%2Fwp%2Fv2%2Fcomments&post=365750"}],"version-history":[{"count":0,"href":"https:\/\/www.diarioimagen.net\/index.php?rest_route=\/wp\/v2\/posts\/365750\/revisions"}],"wp:featuredmedia":[{"embeddable":true,"href":"https:\/\/www.diarioimagen.net\/index.php?rest_route=\/wp\/v2\/media\/365840"}],"wp:attachment":[{"href":"https:\/\/www.diarioimagen.net\/index.php?rest_route=%2Fwp%2Fv2%2Fmedia&parent=365750"}],"wp:term":[{"taxonomy":"category","embeddable":true,"href":"https:\/\/www.diarioimagen.net\/index.php?rest_route=%2Fwp%2Fv2%2Fcategories&post=365750"},{"taxonomy":"post_tag","embeddable":true,"href":"https:\/\/www.diarioimagen.net\/index.php?rest_route=%2Fwp%2Fv2%2Ftags&post=365750"}],"curies":[{"name":"wp","href":"https:\/\/api.w.org\/{rel}","templated":true}]}}