{"id":365805,"date":"2018-02-26T00:00:57","date_gmt":"2018-02-26T06:00:57","guid":{"rendered":"http:\/\/www.diarioimagen.net\/?p=365805"},"modified":"2018-02-25T23:55:00","modified_gmt":"2018-02-26T05:55:00","slug":"meade-sigue-partido-pumas-vs-chivas","status":"publish","type":"post","link":"https:\/\/www.diarioimagen.net\/?p=365805","title":{"rendered":"Meade sigue partido Pumas vs Chivas"},"content":{"rendered":"<h2>La Retaguardia<\/h2>\n<h5>Adriana Moreno Cordero<\/h5>\n<p><em>\u00a0<\/em><\/p>\n<ul>\n<li><strong><em>\u00a0<\/em><em>Anaya hace mitin afuera de PGR<\/em><\/strong><\/li>\n<li><strong><em>Cravioto y C\u00eda. buscan poner a Luna, Toledo y Romero\u00a0 en el \u201cojo del hurac\u00e1n\u201d<\/em><\/strong><\/li>\n<\/ul>\n<p>&nbsp;<\/p>\n<p>El candidato de la coalici\u00f3n \u201cTodos por M\u00e9xico\u201d, <strong>Jos\u00e9 Antonio Meade<\/strong>, estuvo siguiendo ayer desde sus oficinas de campa\u00f1a, el encuentro de futbol entre los Pumas de la UNAM y las Chivas de Guadalajara.<\/p>\n<p>Vale la pena destacar que Meade Kuribre\u00f1a es un fiel seguidor del equipo de la m\u00e1xima Casa de Estudios, por lo que estuvo acompa\u00f1ado del Secretario de Salud y ex rector de la UNAM, <strong>Jos\u00e9 Narro<\/strong>. Tambi\u00e9n estuvo con \u00e9l <strong>Aurelio Nu\u00f1o<\/strong>, coordinador de su campa\u00f1a y ambos, fueron armando la agenda de actividades para la semana que inicia, sin olvidar que seguimos en etapa de intercampa\u00f1as.<\/p>\n<p>Por su parte, el abanderado de la alianza \u201cPor M\u00e9xico al Frente\u201d, <strong>Ricardo Anaya<\/strong>, finalmente oy\u00f3 los consejos y se present\u00f3 ante \u00a0la Subprocuradur\u00eda Especializada en Investigaci\u00f3n de Delincuencia Organizada (SEIDO), sin embargo, se neg\u00f3 a rendir declaraci\u00f3n sobre los hechos cuestionables en los que est\u00e1 envuelto y que presuntamente, le habr\u00edan redituado muy buenas ganancias.<\/p>\n<p>Hizo en cambio, todo un mitin de apoyo a las afueras de las instalaciones de la PGR, a donde el \u201cJoven Maravilla\u201d, present\u00f3 un escrito en el que hizo patente toda su indignaci\u00f3n por verse involucrado en este esc\u00e1ndalo de presunto \u201clavado\u201d de dinero.<\/p>\n<p>Muy cerca de \u00e9l, estaba <strong>Diego Fern\u00e1ndez de Cevallos<\/strong>, que lo acompa\u00f1\u00f3 y aprovech\u00f3 para felicitarlo por su cumplea\u00f1os, sin embargo, en el improvisado mitin el \u201cJefe Diego\u201d le dirigi\u00f3 unas miradas muy directas, g\u00e9lidas y con el ce\u00f1o fruncido, quiz\u00e1s reprobando o a lo mejor solidariz\u00e1ndose.<\/p>\n<p>Se ilustra lo anterior porque precisamente ayer, fue cumplea\u00f1os del ex dirigente del PAN, el n\u00famero 39, mientras que ma\u00f1ana 27 de febrero, Meade soplar\u00e1 49 velitas colocadas en un pastel.<\/p>\n<p>Diez a\u00f1os de diferencia entre uno y otro candidato y por lo que respecta al m\u00e1s joven, una gran mayor\u00eda de \u201cMillenials\u201d, asegura que votar\u00e1 por \u00e9l este ya pr\u00f3ximo 1 de julio. \u00bfSer\u00e1?<\/p>\n<p>En otro tema no\u00a0 menos importante,\u00a0 desde hace varias semanas se ha intentado colocar en el ojo del hurac\u00e1n a los diputados perredistas <strong>Mauricio Toledo, Leonel Luna<\/strong> as\u00ed como al panista que se siente due\u00f1o de la Ciudad de M\u00e9xico, <strong>Jorge Romero<\/strong>, por el tema, ni m\u00e1s ni menos, que de la reconstrucci\u00f3n en la capital de la Rep\u00fablica.<\/p>\n<p>Incluso,\u00a0 se presentaron documentos, hasta donde se sabe, ap\u00f3crifos, tratando de inculpar a los legisladores de supuestas conductas irregulares, de ah\u00ed la pregunta, \u00bfacaso quedaron en el olvido las diversas ocasiones en que los diputados de la Asamblea Legislativa de la CDMX, encabezados por Toledo, le recriminaron al Secretario de Finanzas la falta de un presupuesto equitativo?<\/p>\n<p>Desde el a\u00f1o 2016, se le reclam\u00f3 a <strong>Edgar Amador<\/strong>, la carencia de sensibilidad, hecho que se repiti\u00f3 el a\u00f1o pasado, cuando el legislador le recrimin\u00f3 haber entregado de manera tard\u00eda los recursos para los damnificados de los sismos del pasado 19 de septiembre de las delegaciones m\u00e1s afectadas como Xochimilco e Iztapalapa, reclamos que tambi\u00e9n hicieron en su momento Luna y Romero.<\/p>\n<p>Al parecer, desde la Secretar\u00eda de Finanzas se ten\u00eda el objetivo de mantener el control total de los recursos para la reconstrucci\u00f3n.<\/p>\n<p>Bajo esta l\u00f3gica, el Presidente de la Comisi\u00f3n de Gobierno de la ALDF, Leonel Luna; el coordinador del PAN en esa instancia legislativa, Jorge Romero y el presidente de la Comisi\u00f3n de Presupuesto de la Asamblea, Mauricio Toledo, trataron de garantizar que los recursos llegaran a donde tienen que llegar, es decir, a los afectados.<\/p>\n<p>El caso es que el tema se enred\u00f3 por la intromisi\u00f3n, (adivina adivinador), de la bancada de Morena que \u201ccoordina\u201d en la ALDF, <strong>C\u00e9sar Cravioto<\/strong>, mismos que, para variar, aprovechan para politizar a su favor, erigi\u00e9ndose como los \u201cbuenos\u201d de la pel\u00edcula de la CDMX y los dem\u00e1s, son los \u201cmalos\u201d. \u00a1Vaya formas las que tiene el partido de <strong>Andr\u00e9s Manuel L\u00f3pez Obrador!<\/strong><\/p>\n<p style=\"text-align: center;\"><strong>Municiones<\/strong><\/p>\n<p>*** El gobernador de Campeche, <strong>Alejandro Moreno C\u00e1rdenas<\/strong>, encabez\u00f3 la entrega de 450 computadoras al 100% de los alumnos del Colegio de Bachilleres en esa entidad. Asimismo anunci\u00f3 que este a\u00f1o se invertir\u00e1n m\u00e1s de 12 millones de pesos para dicho Centro Educativo.<\/p>\n<p>El gobernador Moreno C\u00e1rdenas subray\u00f3 que la entrega de equipos, deja en claro que su gobierno quiere apostarle a los j\u00f3venes y destinarles recursos en la mayor inversi\u00f3n que se puede hacer en un estado.<\/p>\n<p>*** Pues resulta que en d\u00edas pasados, el l\u00edder del PRD, <strong>Manuel Granados<\/strong>, se\u00f1al\u00f3 que sobre <strong>Ricardo Gallardo Cardona<\/strong>, no pesa impedimento alguno para aspirar a un esca\u00f1o al Senado de la Rep\u00fablica por su estado, San Luis Potos\u00ed, ya que, afirm\u00f3 Granados Covarrubias, \u201cno hay ninguna responsabilidad que se le haya comprobado. No obstante lo anterior, estas acusaciones que ya qued\u00f3 demostrado, son falsas, siguen intentando ser implementadas por los adversarios del PRD.<\/p>\n<p>*** Para el coordinador de los senadores pri\u00edstas, <strong>Emilio Gamboa Patr\u00f3n<\/strong>, las reformas estructurales implementadas por el Presidente <strong>Enrique Pe\u00f1a Nieto<\/strong>, \u201chan sido de gran utilidad para que el mundo vea a nuestro pa\u00eds como una econom\u00eda seria y confiable\u201d y a la vez, han propiciado que a M\u00e9xico hayan llegado m\u00e1s de 171 mil millones de d\u00f3lares en inversi\u00f3n extranjera directa.<\/p>\n<p><a href=\"mailto:morcora@gmail.com\" target=\"_blank\" rel=\"noopener\"><em>morcora@gmail.com<\/em><\/a><\/p>\n","protected":false},"excerpt":{"rendered":"<p><span style=\"color: #005497;\"><strong>Adriana Moreno Cordero<\/strong><\/span><\/p>\n","protected":false},"author":3,"featured_media":0,"comment_status":"open","ping_status":"open","sticky":false,"template":"","format":"standard","meta":{"_monsterinsights_skip_tracking":false,"_monsterinsights_sitenote_active":false,"_monsterinsights_sitenote_note":"","_monsterinsights_sitenote_category":0,"footnotes":""},"categories":[69370],"tags":[69369,69368,43674],"class_list":["post-365805","post","type-post","status-publish","format-standard","hentry","category-adriana-moreno-cordero","tag-adriana-moreno-cordero","tag-la-retaguardia","tag-opinion"],"_links":{"self":[{"href":"https:\/\/www.diarioimagen.net\/index.php?rest_route=\/wp\/v2\/posts\/365805","targetHints":{"allow":["GET"]}}],"collection":[{"href":"https:\/\/www.diarioimagen.net\/index.php?rest_route=\/wp\/v2\/posts"}],"about":[{"href":"https:\/\/www.diarioimagen.net\/index.php?rest_route=\/wp\/v2\/types\/post"}],"author":[{"embeddable":true,"href":"https:\/\/www.diarioimagen.net\/index.php?rest_route=\/wp\/v2\/users\/3"}],"replies":[{"embeddable":true,"href":"https:\/\/www.diarioimagen.net\/index.php?rest_route=%2Fwp%2Fv2%2Fcomments&post=365805"}],"version-history":[{"count":0,"href":"https:\/\/www.diarioimagen.net\/index.php?rest_route=\/wp\/v2\/posts\/365805\/revisions"}],"wp:attachment":[{"href":"https:\/\/www.diarioimagen.net\/index.php?rest_route=%2Fwp%2Fv2%2Fmedia&parent=365805"}],"wp:term":[{"taxonomy":"category","embeddable":true,"href":"https:\/\/www.diarioimagen.net\/index.php?rest_route=%2Fwp%2Fv2%2Fcategories&post=365805"},{"taxonomy":"post_tag","embeddable":true,"href":"https:\/\/www.diarioimagen.net\/index.php?rest_route=%2Fwp%2Fv2%2Ftags&post=365805"}],"curies":[{"name":"wp","href":"https:\/\/api.w.org\/{rel}","templated":true}]}}