{"id":365947,"date":"2018-02-27T00:10:58","date_gmt":"2018-02-27T06:10:58","guid":{"rendered":"http:\/\/www.diarioimagen.net\/?p=365947"},"modified":"2018-02-27T08:40:06","modified_gmt":"2018-02-27T14:40:06","slug":"especializa-issemym-a-medicos-nacionales-e-internacionales","status":"publish","type":"post","link":"https:\/\/www.diarioimagen.net\/?p=365947","title":{"rendered":"Especializa ISSEMyM a m\u00e9dicos nacionales e internacionales"},"content":{"rendered":"<ul>\n<li><strong><em>Para brindar mejor atenci\u00f3n<\/em><\/strong><\/li>\n<\/ul>\n<p>&nbsp;<\/p>\n<p><a href=\"http:\/\/www.diarioimagen.net\/?attachment_id=366067\" rel=\"attachment wp-att-366067\"><img loading=\"lazy\" decoding=\"async\" class=\"aligncenter size-large wp-image-366067\" src=\"http:\/\/www.diarioimagen.net\/wp-content\/uploads\/2018\/02\/ISSEMYM-3315-460x259.jpg\" alt=\"\" width=\"460\" height=\"259\" srcset=\"https:\/\/www.diarioimagen.net\/wp-content\/uploads\/2018\/02\/ISSEMYM-3315-460x259.jpg 460w, https:\/\/www.diarioimagen.net\/wp-content\/uploads\/2018\/02\/ISSEMYM-3315-240x135.jpg 240w, https:\/\/www.diarioimagen.net\/wp-content\/uploads\/2018\/02\/ISSEMYM-3315-235x132.jpg 235w, https:\/\/www.diarioimagen.net\/wp-content\/uploads\/2018\/02\/ISSEMYM-3315-202x114.jpg 202w, https:\/\/www.diarioimagen.net\/wp-content\/uploads\/2018\/02\/ISSEMYM-3315-350x196.jpg 350w, https:\/\/www.diarioimagen.net\/wp-content\/uploads\/2018\/02\/ISSEMYM-3315-220x123.jpg 220w, https:\/\/www.diarioimagen.net\/wp-content\/uploads\/2018\/02\/ISSEMYM-3315-237x132.jpg 237w, https:\/\/www.diarioimagen.net\/wp-content\/uploads\/2018\/02\/ISSEMYM-3315.jpg 480w\" sizes=\"auto, (max-width: 460px) 100vw, 460px\" \/><\/a><\/p>\n<p>&nbsp;<\/p>\n<p><strong>Toluca, Estado de M\u00e9xico<\/strong>.- A lo largo de m\u00e1s de 34 a\u00f1os, el Instituto de Seguridad Social del Estado de M\u00e9xico y Municipios (ISSEMyM) recibe a m\u00e9dicos generales de toda la Rep\u00fablica mexicana, as\u00ed como a candidatos de otras nacionalidades, para especializarse o subespecializarse en diversas ramas de la salud, expres\u00f3 Alberto Peredo Jim\u00e9nez, director general de esta instituci\u00f3n.<\/p>\n<p>\u201cNuestras plazas son muy competidas, los estudiantes nos eligen dentro de una gama de diferentes hospitales e instituciones a la vanguardia en salud, ya que contamos con seis hospitales escuela, los cuales se caracterizan por contar con m\u00e9dicos titulares reconocidos internacionalmente, equipamiento tecnol\u00f3gico y un programa acad\u00e9mico de ense\u00f1anza-aprendizaje avalado por las mejores casas de estudio del pa\u00eds\u201d.<\/p>\n<p>Por su parte, Guillermo Victal V\u00e1zquez, director de Educaci\u00f3n e Investigaci\u00f3n de Salud del ISSEMyM, anunci\u00f3 que a partir del uno de marzo se incluir\u00e1 en el plan de estudios la subespecialidad en neurocirug\u00eda y para el pr\u00f3ximo a\u00f1o, cirug\u00eda pedi\u00e1trica, la cual \u201crepresenta un logro y una satisfacci\u00f3n institucional, ya que con la experiencia y el conocimiento de los m\u00e9dicos a cargo se generar\u00e1n especialistas con gran capacidad, quienes har\u00e1n frente a los retos y compromisos para la salud de nuestro pa\u00eds\u201d.<\/p>\n<p>A\u00f1adi\u00f3 que a nivel estatal este Instituto es el \u00fanico en brindar adiestramiento en cirug\u00eda cr\u00e1neo facial, radiooncolog\u00eda, cirug\u00eda oncol\u00f3gica y oncolog\u00eda m\u00e9dica, adem\u00e1s de impartir cursos de alta especialidad en cirug\u00eda articular, endoscopia g\u00e1strica y cirug\u00eda de columna.<\/p>\n<p>Los cursos antes mencionados forman parte de un Programa de Posgrado de Calidad avalados por el Consejo Nacional de Ciencia y Tecnolog\u00eda (CONACyT), la Universidad Nacional Aut\u00f3noma de M\u00e9xico (UNAM) y la Universidad Aut\u00f3noma del Estado de M\u00e9xico (UAEM), instituciones que certifican la alta excelencia de estos procesos.<\/p>\n<p>Tambi\u00e9n refiri\u00f3 que se tienen vigentes 23 diferentes especialidades en las que los m\u00e9dicos en formaci\u00f3n adquieren conocimientos te\u00f3ricos y pr\u00e1cticos, entre las que destacan Cirug\u00eda general, Ortopedia, Anestesiolog\u00eda, Ginecobstetricia, Medicina interna, Pediatr\u00eda, Cardiolog\u00eda, Gastroenterolog\u00eda, Otorrinolaringolog\u00eda, as\u00ed como Cirug\u00eda pl\u00e1stica y reconstructiva.<\/p>\n<p>Para concluir, Victal V\u00e1zquez detall\u00f3 que los m\u00e9dicos que solicitan su ingreso al ISSEMyM son aprobados por la Comisi\u00f3n Interinstitucional para formaci\u00f3n de Recursos Humanos en Salud dirigida y coordinada con las Secretar\u00edas de Salud y de Educaci\u00f3n P\u00fablica, lo que respalda que s\u00f3lo son aceptados aquellos m\u00e9dicos graduados con los mejores promedios, quienes son minuciosamente seleccionados para ejercer en beneficio de la salud de los derechohabientes.<\/p>\n<p>Cabe destacar que este a\u00f1o se graduar\u00e1n m\u00e1s de 190 m\u00e9dicos residentes de 18 especialidades y subespecialidades m\u00e9dicas, as\u00ed como cuatro cursos de alta especialidad.<\/p>\n","protected":false},"excerpt":{"rendered":"<p>A lo largo de m\u00e1s de 34 a\u00f1os, el Instituto de Seguridad Social del Estado de M\u00e9xico y Municipios (ISSEMyM) recibe a m\u00e9dicos generales de toda la Rep\u00fablica mexicana, as\u00ed como a candidatos de otras<\/p>\n","protected":false},"author":3,"featured_media":366067,"comment_status":"open","ping_status":"open","sticky":false,"template":"","format":"standard","meta":{"_monsterinsights_skip_tracking":false,"_monsterinsights_sitenote_active":false,"_monsterinsights_sitenote_note":"","_monsterinsights_sitenote_category":0,"footnotes":""},"categories":[5],"tags":[43675,71231,699,452],"class_list":["post-365947","post","type-post","status-publish","format-standard","has-post-thumbnail","hentry","category-estado-de-mexico","tag-estado-de-mexico","tag-internacionales","tag-issemym","tag-toluca"],"_links":{"self":[{"href":"https:\/\/www.diarioimagen.net\/index.php?rest_route=\/wp\/v2\/posts\/365947","targetHints":{"allow":["GET"]}}],"collection":[{"href":"https:\/\/www.diarioimagen.net\/index.php?rest_route=\/wp\/v2\/posts"}],"about":[{"href":"https:\/\/www.diarioimagen.net\/index.php?rest_route=\/wp\/v2\/types\/post"}],"author":[{"embeddable":true,"href":"https:\/\/www.diarioimagen.net\/index.php?rest_route=\/wp\/v2\/users\/3"}],"replies":[{"embeddable":true,"href":"https:\/\/www.diarioimagen.net\/index.php?rest_route=%2Fwp%2Fv2%2Fcomments&post=365947"}],"version-history":[{"count":0,"href":"https:\/\/www.diarioimagen.net\/index.php?rest_route=\/wp\/v2\/posts\/365947\/revisions"}],"wp:featuredmedia":[{"embeddable":true,"href":"https:\/\/www.diarioimagen.net\/index.php?rest_route=\/wp\/v2\/media\/366067"}],"wp:attachment":[{"href":"https:\/\/www.diarioimagen.net\/index.php?rest_route=%2Fwp%2Fv2%2Fmedia&parent=365947"}],"wp:term":[{"taxonomy":"category","embeddable":true,"href":"https:\/\/www.diarioimagen.net\/index.php?rest_route=%2Fwp%2Fv2%2Fcategories&post=365947"},{"taxonomy":"post_tag","embeddable":true,"href":"https:\/\/www.diarioimagen.net\/index.php?rest_route=%2Fwp%2Fv2%2Ftags&post=365947"}],"curies":[{"name":"wp","href":"https:\/\/api.w.org\/{rel}","templated":true}]}}