{"id":366002,"date":"2018-02-27T00:05:19","date_gmt":"2018-02-27T06:05:19","guid":{"rendered":"http:\/\/www.diarioimagen.net\/?p=366002"},"modified":"2018-02-27T08:25:07","modified_gmt":"2018-02-27T14:25:07","slug":"egresado-de-uaem-exhibio-otras-personalidades-en-gauting-alemania","status":"publish","type":"post","link":"https:\/\/www.diarioimagen.net\/?p=366002","title":{"rendered":"Egresado de UAEM exhibi\u00f3 \u201cOtras personalidades\u201d, en Gauting, Alemania"},"content":{"rendered":"<ul>\n<li><strong><em>Jos\u00e9 Manuel Garc\u00eda, de la Facultad de Artes<\/em><\/strong><\/li>\n<\/ul>\n<p>&nbsp;<\/p>\n<div id=\"attachment_366082\" style=\"width: 470px\" class=\"wp-caption aligncenter\"><a href=\"http:\/\/www.diarioimagen.net\/?attachment_id=366082\" rel=\"attachment wp-att-366082\"><img loading=\"lazy\" decoding=\"async\" aria-describedby=\"caption-attachment-366082\" class=\"size-large wp-image-366082\" src=\"http:\/\/www.diarioimagen.net\/wp-content\/uploads\/2018\/02\/UAEM-3315-460x259.jpg\" alt=\"\" width=\"460\" height=\"259\" srcset=\"https:\/\/www.diarioimagen.net\/wp-content\/uploads\/2018\/02\/UAEM-3315-460x259.jpg 460w, https:\/\/www.diarioimagen.net\/wp-content\/uploads\/2018\/02\/UAEM-3315-240x135.jpg 240w, https:\/\/www.diarioimagen.net\/wp-content\/uploads\/2018\/02\/UAEM-3315-235x132.jpg 235w, https:\/\/www.diarioimagen.net\/wp-content\/uploads\/2018\/02\/UAEM-3315-202x114.jpg 202w, https:\/\/www.diarioimagen.net\/wp-content\/uploads\/2018\/02\/UAEM-3315-350x196.jpg 350w, https:\/\/www.diarioimagen.net\/wp-content\/uploads\/2018\/02\/UAEM-3315-220x123.jpg 220w, https:\/\/www.diarioimagen.net\/wp-content\/uploads\/2018\/02\/UAEM-3315-237x132.jpg 237w, https:\/\/www.diarioimagen.net\/wp-content\/uploads\/2018\/02\/UAEM-3315.jpg 480w\" sizes=\"auto, (max-width: 460px) 100vw, 460px\" \/><\/a><p id=\"caption-attachment-366082\" class=\"wp-caption-text\">El tema de la muestra de Jos\u00e9 Manuel Garc\u00eda Chino, de la Facultad de Artes, es la m\u00e1scara mexicana.<\/p><\/div>\n<p>&nbsp;<\/p>\n<p><strong>Toluca, Estado de M\u00e9xico<\/strong>.\u2013 Jos\u00e9 Manuel Garc\u00eda Chino, egresado de la Facultad de Artes de la Universidad Aut\u00f3noma del Estado de M\u00e9xico, realiz\u00f3 una estancia de tres meses en Gauting, Alemania, donde mont\u00f3 la exposici\u00f3n \u201cOtras personalidades\u201d.<\/p>\n<p>En la Galer\u00eda \u201cKunstverein Gauting\u201d, el artista universitario expuso 36 obras, que trabaj\u00f3 durante dos a\u00f1os. \u201cFue mi primera exposici\u00f3n de gr\u00e1fica tradicional fuera de M\u00e9xico\u201d.<\/p>\n<p>Refiri\u00f3 que el tema de la muestra es la m\u00e1scara mexicana y en particular, aquellas realizadas en el el municipio de Quechultenango, Guerrero, de donde es originario.<\/p>\n<p>La lectura de Octavio Paz, Carlos Fuentes y Carlos Monsiv\u00e1is me permiti\u00f3 realizar este trabajo, que resalta la imagen de lo mexicano y provoca una reflexi\u00f3n sobre la identidad nacional.<\/p>\n<p>La m\u00e1scara, afirm\u00f3, no es una representaci\u00f3n del rostro y s\u00ed un objeto que simboliza el encuentro con la espiritualidad. \u201cEn sus circunstancias, los mexicanos huimos hacia otros escenarios y la m\u00e1scara nos protege en este trayecto\u201d.<\/p>\n<p>Detall\u00f3 que tambi\u00e9n formaron parte de esta exposici\u00f3n 20 trabajos de alumnos a quienes imparte clases de dibujo experimental y fotograf\u00eda en el municipio de Nicol\u00e1s Romero, Estado de M\u00e9xico.<\/p>\n<p>Durante su estancia en Alemania, Jos\u00e9 Manuel Garc\u00eda Chino imparti\u00f3 un curso en el Colegio Theresa Gerhardinger Gymnasium am Anger. \u201cNo domino el alem\u00e1n, pero el arte nos permiti\u00f3 crear un lenguaje que va m\u00e1s all\u00e1 de cualquier barrera\u201d, concluy\u00f3.<\/p>\n","protected":false},"excerpt":{"rendered":"<p>os\u00e9 Manuel Garc\u00eda Chino, egresado de la Facultad de Artes de la Universidad Aut\u00f3noma del Estado de M\u00e9xico, realiz\u00f3 una estancia de tres meses en Gauting, Alemania, donde mont\u00f3 la exposici\u00f3n \u201cOtras personalidades\u201d.<\/p>\n","protected":false},"author":3,"featured_media":366082,"comment_status":"open","ping_status":"open","sticky":false,"template":"","format":"standard","meta":{"_monsterinsights_skip_tracking":false,"_monsterinsights_sitenote_active":false,"_monsterinsights_sitenote_note":"","_monsterinsights_sitenote_category":0,"footnotes":""},"categories":[35155],"tags":[43675,71245,71244,452],"class_list":["post-366002","post","type-post","status-publish","format-standard","has-post-thumbnail","hentry","category-estado-de-mexico-estado-de-mexico","tag-estado-de-mexico","tag-facultad-de-artes","tag-jose-manuel-garcia-chino","tag-toluca"],"_links":{"self":[{"href":"https:\/\/www.diarioimagen.net\/index.php?rest_route=\/wp\/v2\/posts\/366002","targetHints":{"allow":["GET"]}}],"collection":[{"href":"https:\/\/www.diarioimagen.net\/index.php?rest_route=\/wp\/v2\/posts"}],"about":[{"href":"https:\/\/www.diarioimagen.net\/index.php?rest_route=\/wp\/v2\/types\/post"}],"author":[{"embeddable":true,"href":"https:\/\/www.diarioimagen.net\/index.php?rest_route=\/wp\/v2\/users\/3"}],"replies":[{"embeddable":true,"href":"https:\/\/www.diarioimagen.net\/index.php?rest_route=%2Fwp%2Fv2%2Fcomments&post=366002"}],"version-history":[{"count":0,"href":"https:\/\/www.diarioimagen.net\/index.php?rest_route=\/wp\/v2\/posts\/366002\/revisions"}],"wp:featuredmedia":[{"embeddable":true,"href":"https:\/\/www.diarioimagen.net\/index.php?rest_route=\/wp\/v2\/media\/366082"}],"wp:attachment":[{"href":"https:\/\/www.diarioimagen.net\/index.php?rest_route=%2Fwp%2Fv2%2Fmedia&parent=366002"}],"wp:term":[{"taxonomy":"category","embeddable":true,"href":"https:\/\/www.diarioimagen.net\/index.php?rest_route=%2Fwp%2Fv2%2Fcategories&post=366002"},{"taxonomy":"post_tag","embeddable":true,"href":"https:\/\/www.diarioimagen.net\/index.php?rest_route=%2Fwp%2Fv2%2Ftags&post=366002"}],"curies":[{"name":"wp","href":"https:\/\/api.w.org\/{rel}","templated":true}]}}