{"id":366202,"date":"2018-02-28T00:02:54","date_gmt":"2018-02-28T06:02:54","guid":{"rendered":"http:\/\/www.diarioimagen.net\/?p=366202"},"modified":"2018-02-28T09:22:50","modified_gmt":"2018-02-28T15:22:50","slug":"palladium-hotel-group-llega-a-un-acuerdo-para-gestionar-su-primer-resort-en-cartagena-de-indias-colombia","status":"publish","type":"post","link":"https:\/\/www.diarioimagen.net\/?p=366202","title":{"rendered":"<em>Palladium Hotel Group<\/em> llega a un acuerdo para gestionar su primer resort en Cartagena de Indias, Colombia"},"content":{"rendered":"<h2>De cinco estrellas<\/h2>\n<h5>Victoria Gonz\u00e1lez Prado<\/h5>\n<p><strong>\u00a0<\/strong><\/p>\n<ul>\n<li><strong><em>Tony Guti\u00e9rrez, directora de <\/em>American Airlines<em> en M\u00e9xico, es la ejecutiva del a\u00f1o nombrada por <\/em>Latina\u00a0Style\u00a0Inc<em>.<\/em><\/strong><\/li>\n<li><strong><em>Ra\u00fal Revuelta Musalem, con m\u00e1s de 18 a\u00f1os de experiencia en el sector de infraestructura, ser\u00e1 el nuevo director general de <\/em>GAP<\/strong><\/li>\n<li><strong><em>Miembros afiliados de la OMT comparten casos de \u00e9xito. En la reuni\u00f3n virtual particip\u00f3 Guanajuato<\/em><\/strong><\/li>\n<\/ul>\n<p>&nbsp;<\/p>\n<div id=\"attachment_366302\" style=\"width: 470px\" class=\"wp-caption aligncenter\"><a href=\"http:\/\/www.diarioimagen.net\/?attachment_id=366302\" rel=\"attachment wp-att-366302\"><img loading=\"lazy\" decoding=\"async\" aria-describedby=\"caption-attachment-366302\" class=\"size-large wp-image-366302\" src=\"http:\/\/www.diarioimagen.net\/wp-content\/uploads\/2018\/02\/turismo-1752-460x259.jpg\" alt=\"\" width=\"460\" height=\"259\" srcset=\"https:\/\/www.diarioimagen.net\/wp-content\/uploads\/2018\/02\/turismo-1752-460x259.jpg 460w, https:\/\/www.diarioimagen.net\/wp-content\/uploads\/2018\/02\/turismo-1752-240x135.jpg 240w, https:\/\/www.diarioimagen.net\/wp-content\/uploads\/2018\/02\/turismo-1752-235x132.jpg 235w, https:\/\/www.diarioimagen.net\/wp-content\/uploads\/2018\/02\/turismo-1752-202x114.jpg 202w, https:\/\/www.diarioimagen.net\/wp-content\/uploads\/2018\/02\/turismo-1752-350x196.jpg 350w, https:\/\/www.diarioimagen.net\/wp-content\/uploads\/2018\/02\/turismo-1752-220x123.jpg 220w, https:\/\/www.diarioimagen.net\/wp-content\/uploads\/2018\/02\/turismo-1752-237x132.jpg 237w, https:\/\/www.diarioimagen.net\/wp-content\/uploads\/2018\/02\/turismo-1752.jpg 480w\" sizes=\"auto, (max-width: 460px) 100vw, 460px\" \/><\/a><p id=\"caption-attachment-366302\" class=\"wp-caption-text\">Cartagena de Indias ser\u00e1 escenario del nuevo inmueble hotelero.<\/p><\/div>\n<p>&nbsp;<\/p>\n<p>Cartagena de Indias ser\u00e1 el marco para la apertura de un nuevo hotel gracias al r\u00e1pido crecimiento que la cadena espa\u00f1ola <em>Palladium Hotel Group<\/em> ha tenido en los \u00faltimos a\u00f1os.<\/p>\n<p>As\u00ed, se firm\u00f3 un contrato de gesti\u00f3n con la Promotora Hotelera de Altos Guayacanes S.A.S con el cual administrar\u00e1 la nueva propiedad cinco estrellas bajo la marca <em>Grand Palladium Hotels &amp; Resorts. <\/em><\/p>\n<p>El resort ser\u00e1 construido por la sociedad Promotora mencionada y formar\u00e1 parte del complejo Altos de Guayacanes, ubicado a 17 kil\u00f3metros del Aeropuerto Internacional Rafael N\u00fa\u00f1ez, en el que se combinan desarrollos residenciales, tur\u00edsticos y de ocio.<\/p>\n<p>El complejo hotelero ser\u00e1 construido sobre un terreno de m\u00e1s de 50 mil m<sup>2<\/sup> con salida directa al mar. Contar\u00e1 con 400 lujosas habitaciones, salas de convenciones, restaurantes a la carta, un <em>Zentropia Palladium Spa &amp; Wellness,<\/em> <em>beach club<\/em> y <em>kids clubs<\/em> para garantizar a toda la familia una estad\u00eda perfecta.<\/p>\n<p>Uno de los grandes atractivos que tendr\u00e1 este proyecto ser\u00e1 su visi\u00f3n ambiental y paisajista, para lo cual se cuidar\u00e1 y facilitar\u00e1 la sostenibilidad de los terrenos naturales, la diversidad y la preservaci\u00f3n original del entorno todav\u00eda sin descubrir.<\/p>\n<p>Se trata de preservar a la ciudad de Cartagena, uno de los destinos tur\u00edsticos m\u00e1s importantes de Colombia y Am\u00e9rica Latina, gracias a sus atractivos naturales y su rica historia, basada en su arquitectura. El centro hist\u00f3rico de Cartagena,<\/p>\n<p>\u201cLa Ciudad Amurallada\u201d, fue declarada Patrimonio Mundial en 1984 por el Comit\u00e9 del Patrimonio de la Humanidad de la Unesco.<\/p>\n<p>La compa\u00f1\u00eda espa\u00f1ola <em>BuyFor Real Estate Advisors<\/em> y <em>Regenera Hospitality<\/em> <em>Trends<\/em>, con base en Latino Am\u00e9rica, han actuado como coordinadores globales de la operaci\u00f3n, para la que afirman seguir estudiando propuestas de inversores nacionales e internacionales que permitan acelerar el desarrollo del proyecto.<\/p>\n<p>Dentro de los m\u00e1s recientes anuncios de la cadena, durante 2017 el grupo obtuvo ingresos que alcanzaron los 600 millones de euros, con una inversi\u00f3n en Europa y Am\u00e9rica de m\u00e1s de 88 millones de euros en renovaciones y 125 millones en obra nueva.<\/p>\n<p>Para este 2018 la compa\u00f1\u00eda tiene proyectado invertir 50 millones de euros en reformas a sus propiedades y otros 180 millones en nuevas construcciones en diferentes regiones, como lo es el caso de los inmuebles ubicados al noreste de la pen\u00ednsula de Yucat\u00e1n, M\u00e9xico.<\/p>\n<p>\u2730\u2730\u2730\u2730\u2730 La \u00fanica empresa dedicada a atender las necesidades de las mujeres, <em>Latina Style Inc.,<\/em> nombr\u00f3 a <strong>Tony Guti\u00e9rrez<\/strong>, directora de <em>American Airlines<\/em> en M\u00e9xico como la ejecutiva del a\u00f1o. Este nombramiento se llev\u00f3 a cabo en d\u00edas pasados durante el evento anual <em>Latina\u00a0Style\u00a050 Awards &amp; Diversity Leaders Conference <\/em>en Washington, D.C.<\/p>\n<p><strong>Guti\u00e9rrez <\/strong>fue seleccionada entre otras ejecutivas de empresas como <em>Walmart, Johnson &amp; Johnson, Wells Fargo<\/em>, por mencionar algunas. Ella es la primera ejecutiva -que desempe\u00f1a su cargo fuera de los Estado Unidos- en ser seleccionada. Este nombramiento lo recibi\u00f3 tras su labor y liderazgo en la creaci\u00f3n de oportunidades de \u00e9xito profesional y personal para todos sus colaboradores.<\/p>\n<p>Al hacer uso de la palabra Tony Guti\u00e9rrez dijo: \u201ceste reconocimiento me hace sentir que he logrado impactar de forma positiva a todos mis colaboradores, me siento muy orgullosa y contenta de haberlo recibido. La cooperaci\u00f3n para mi es fundamental por lo que siempre he sido partidaria de trabajar de forma conjunta, independientemente del g\u00e9nero. Me encanta apoyar a la mujer que quiere desarrollarse de forma profesional y lo hago de forma permanente en <em>American\u201d.\u00a0 <\/em><\/p>\n<p>Es importante se\u00f1alar que<em> Latina\u00a0Style\u00a050 program<\/em>, fue creado en 1998 y reconoce a las empresas que ofrecen mejores oportunidades profesionales para mujeres latinas.<\/p>\n<p>\u2730\u2730\u2730\u2730\u2730 <strong>Ra\u00fal Revuelta Musalem<\/strong>, con m\u00e1s de 18 a\u00f1os de experiencia en el sector de infraestructura ser\u00e1 el nuevo director general del Grupo Aeroportuario del Pac\u00edfico (GAP), y cumple con todos los requisitos necesarios para desempe\u00f1ar el cargo.<\/p>\n<p>Trabaj\u00f3 en GAP por m\u00e1s de 10 a\u00f1os, donde se desempe\u00f1\u00f3 como director de Administraci\u00f3n y Finanzas y director Comercial entre 2005 y 2015. Actualmente es director general de <em>Cross Border Xpress<\/em>. <strong>Revuelta Musalem<\/strong>, fue subdirector de finanzas de la Secretar\u00eda de Comunicaciones y Transportes por seis a\u00f1os en donde particip\u00f3 en diferentes procesos de privatizaci\u00f3n en el sector y tiene una extensa experiencia en concesiones federales. Es licenciado en Econom\u00eda por el Instituto Tecnol\u00f3gico de Estudios Superiores de MonterreGrupo.<\/p>\n<p><strong>Fernando Bosque Mohino<\/strong>, director general de la empresa, se retira para dedicarse a actividades personales a partir del 26 de abril pr\u00f3ximo, despu\u00e9s de 42 a\u00f1os de desempe\u00f1o en distintos sectores del transporte, en empresas como Abertis, Ferrovial,<em> AENA<\/em> y GAP.<\/p>\n<p>\u2730\u2730\u2730\u2730\u2730 Con el objetivo de intercambiar las buenas pr\u00e1cticas y enriquecer la actividad tur\u00edstica del estado de Guanajuato, el Observatorio Tur\u00edstico de Guanajuato, particip\u00f3 en la primera reuni\u00f3n del grupo de miembros afiliados de la Organizaci\u00f3n Mundial de Turismo (OMT),<\/p>\n<p>Durante la sesi\u00f3n, que se llev\u00f3 a cabo de manera virtual, <strong>Daniel Zunzunegui<\/strong>, representante de la Red Espa\u00f1ola de Turismo Accesible, mencion\u00f3 que los objetivos de esta Red son: compartir casos de \u00e9xito, proyectos, acciones y herramientas sobre los servicios y nuevos productos tur\u00edsticos.<\/p>\n<p>As\u00ed como establecer constante comunicaci\u00f3n entre los miembros afiliados, mejorar criterios a la hora de exponer un producto, y establecer una certificaci\u00f3n en turismo accesible.<\/p>\n<p><strong>Yolanda Perdomo<\/strong>, directora del programa de miembros afiliados de la OMT, expuso sobre la iniciativa que pr\u00f3ximamente llevar\u00e1n a cabo en m\u00e1s de 20 universidades en Santiago de Compostela, Espa\u00f1a en pro del turismo sostenible.<\/p>\n<p><strong>Helena Havrylets<\/strong> e <strong>Ivan Rablitt,<\/strong> del Ministerio de Turismo de Argentina, compartieron los resultados de las directrices de accesibilidad que han sido implementadas en 17 de las 23 provincias de Argentina.<\/p>\n<p>Lo anterior, mediante un programa de concientizaci\u00f3n con los prestadores de servicios tur\u00edsticos, abarcando hoteles, museos, barcos, parques para esquiar, parques nacionales, entre otros. El programa no est\u00e1 afiliado a ning\u00fan financiamiento, m\u00e1s bien, cada prestador tur\u00edstico responde a sus propias necesidades.<\/p>\n<p>La reuni\u00f3n virtual estuvo integrado por <strong>Yolanda Perdomo<\/strong>, directora del Programa de miembros afiliados de la OMT; <strong>Daniel Zunzunegui<\/strong>, representante de la Red Espa\u00f1ola de Turismo Accesible con sede en Madrid, Espa\u00f1a; <strong>Helena Havrylet<\/strong>s e <strong>Ivan Rablitt<\/strong>, del Ministerio de Turismo de Argentina con sede en Buenos Aires; e <strong>Ileana Morales Gonz\u00e1lez<\/strong>, coordinadora del Observatorio Tur\u00edstico de Guanajuato, M\u00e9xico.<\/p>\n<p><em><a href=\"mailto:victoriagprado@gmail.com\" target=\"_blank\" rel=\"noopener\">victoriagprado@gmail.com<\/a><\/em><br \/>\n<em> Twitter: <a href=\"https:\/\/twitter.com\/victoriagprado\" target=\"_blank\" rel=\"noopener\">@victoriagprado<\/a><\/em><\/p>\n","protected":false},"excerpt":{"rendered":"<p>Cartagena de Indias ser\u00e1 el marco para la apertura de un nuevo hotel gracias al r\u00e1pido crecimiento que la cadena espa\u00f1ola <em>Palladium Hotel Group<\/em> ha tenido en los \u00faltimos a\u00f1os.<\/p>\n","protected":false},"author":3,"featured_media":366302,"comment_status":"open","ping_status":"open","sticky":false,"template":"","format":"standard","meta":{"_monsterinsights_skip_tracking":false,"_monsterinsights_sitenote_active":false,"_monsterinsights_sitenote_note":"","_monsterinsights_sitenote_category":0,"footnotes":""},"categories":[11],"tags":[107,43674,43681,106],"class_list":["post-366202","post","type-post","status-publish","format-standard","has-post-thumbnail","hentry","category-turismo","tag-de-cinco-estrellas","tag-opinion","tag-turismo","tag-victoria-gonzalez-prado"],"_links":{"self":[{"href":"https:\/\/www.diarioimagen.net\/index.php?rest_route=\/wp\/v2\/posts\/366202","targetHints":{"allow":["GET"]}}],"collection":[{"href":"https:\/\/www.diarioimagen.net\/index.php?rest_route=\/wp\/v2\/posts"}],"about":[{"href":"https:\/\/www.diarioimagen.net\/index.php?rest_route=\/wp\/v2\/types\/post"}],"author":[{"embeddable":true,"href":"https:\/\/www.diarioimagen.net\/index.php?rest_route=\/wp\/v2\/users\/3"}],"replies":[{"embeddable":true,"href":"https:\/\/www.diarioimagen.net\/index.php?rest_route=%2Fwp%2Fv2%2Fcomments&post=366202"}],"version-history":[{"count":0,"href":"https:\/\/www.diarioimagen.net\/index.php?rest_route=\/wp\/v2\/posts\/366202\/revisions"}],"wp:featuredmedia":[{"embeddable":true,"href":"https:\/\/www.diarioimagen.net\/index.php?rest_route=\/wp\/v2\/media\/366302"}],"wp:attachment":[{"href":"https:\/\/www.diarioimagen.net\/index.php?rest_route=%2Fwp%2Fv2%2Fmedia&parent=366202"}],"wp:term":[{"taxonomy":"category","embeddable":true,"href":"https:\/\/www.diarioimagen.net\/index.php?rest_route=%2Fwp%2Fv2%2Fcategories&post=366202"},{"taxonomy":"post_tag","embeddable":true,"href":"https:\/\/www.diarioimagen.net\/index.php?rest_route=%2Fwp%2Fv2%2Ftags&post=366202"}],"curies":[{"name":"wp","href":"https:\/\/api.w.org\/{rel}","templated":true}]}}