{"id":366213,"date":"2018-02-28T00:07:44","date_gmt":"2018-02-28T06:07:44","guid":{"rendered":"http:\/\/www.diarioimagen.net\/?p=366213"},"modified":"2018-02-28T09:30:19","modified_gmt":"2018-02-28T15:30:19","slug":"entregan-tinacos-a-habitantes-de-la-parte-alta-de-huixquilucan","status":"publish","type":"post","link":"https:\/\/www.diarioimagen.net\/?p=366213","title":{"rendered":"Entregan tinacos a habitantes de la parte alta de Huixquilucan"},"content":{"rendered":"<ul>\n<li><strong><em>Invierten 400 mil pesos<\/em><\/strong><\/li>\n<\/ul>\n<p>&nbsp;<\/p>\n<div id=\"attachment_366311\" style=\"width: 470px\" class=\"wp-caption aligncenter\"><a href=\"http:\/\/www.diarioimagen.net\/?attachment_id=366311\" rel=\"attachment wp-att-366311\"><img loading=\"lazy\" decoding=\"async\" aria-describedby=\"caption-attachment-366311\" class=\"size-large wp-image-366311\" src=\"http:\/\/www.diarioimagen.net\/wp-content\/uploads\/2018\/02\/HUIXQUILUCAN-3316-460x259.jpg\" alt=\"\" width=\"460\" height=\"259\" srcset=\"https:\/\/www.diarioimagen.net\/wp-content\/uploads\/2018\/02\/HUIXQUILUCAN-3316-460x259.jpg 460w, https:\/\/www.diarioimagen.net\/wp-content\/uploads\/2018\/02\/HUIXQUILUCAN-3316-240x135.jpg 240w, https:\/\/www.diarioimagen.net\/wp-content\/uploads\/2018\/02\/HUIXQUILUCAN-3316-235x132.jpg 235w, https:\/\/www.diarioimagen.net\/wp-content\/uploads\/2018\/02\/HUIXQUILUCAN-3316-202x114.jpg 202w, https:\/\/www.diarioimagen.net\/wp-content\/uploads\/2018\/02\/HUIXQUILUCAN-3316-350x196.jpg 350w, https:\/\/www.diarioimagen.net\/wp-content\/uploads\/2018\/02\/HUIXQUILUCAN-3316-220x123.jpg 220w, https:\/\/www.diarioimagen.net\/wp-content\/uploads\/2018\/02\/HUIXQUILUCAN-3316-237x132.jpg 237w, https:\/\/www.diarioimagen.net\/wp-content\/uploads\/2018\/02\/HUIXQUILUCAN-3316.jpg 480w\" sizes=\"auto, (max-width: 460px) 100vw, 460px\" \/><\/a><p id=\"caption-attachment-366311\" class=\"wp-caption-text\">Enrique Vargas del Villar destac\u00f3 que el trabajo conjunto que realizan las diferentes \u00e1reas de gobierno, permite que los apoyos sean m\u00e1s y mejores.<\/p><\/div>\n<p>&nbsp;<\/p>\n<p><strong>Huixquilucan, Estado de M\u00e9xico<\/strong>.- Con la entrega de 200 tinacos para las comunidades de El Hielo, El Guarda y La Glorieta, el gobierno de Huixquilucan refrenda su compromiso con la ciudadan\u00eda para el bienestar de las familias.<\/p>\n<p>El presidente municipal, Enrique Vargas del Villar, destac\u00f3 que el trabajo conjunto que realizan las diferentes \u00e1reas de gobierno, permite que los apoyos sean m\u00e1s y mejores, con un manejo responsable de los recursos p\u00fablicos, sin endeudamiento.<\/p>\n<p>\u201cSon dos a\u00f1os\u00a0con dos meses de gobierno, de estar transformando Huixquilucan, a pesar de haber recibido una administraci\u00f3n con 2\u00a0\u00a0mil 670 pesos en caja y una deuda superior a los mil millones de pesos, que se terminar\u00e1 de pagar en el a\u00f1o 2038\u201d. A pesar de ello, abund\u00f3 Vargas del Villar, el municipio ha salido adelante con resultados palpables.<\/p>\n<p>Acompa\u00f1ado por la presidenta honoraria del Sistema Municipal para el Desarrollo Integral de la Familia (DIF), Romina Contreras Carrasco, por el director del sistema de aguas de Huixquilucan, V\u00edctor Manuel B\u00e1ez Melo, integrantes del cabildo y autoridades auxiliares, el Alcalde recalc\u00f3 que derivado de estas finanzas sanas, es que hoy se entregaron 200 tinacos, con una inversi\u00f3n superior a los 400 mil pesos.<\/p>\n<p>Ante los vecinos de la zona tradicional alta, Romina Contreras Carrasco, record\u00f3 que el DIF est\u00e1 pendiente de lo que necesitan las familias y anunci\u00f3 que pr\u00f3ximamente se colocar\u00e1 la primera piedra de una estancia infantil para la comunidad de La Glorieta.<\/p>\n<p>El director del sistema de aguas de Huixquilucan, V\u00edctor Manuel B\u00e1ez Melo, coment\u00f3 que por instrucciones del Presidente Municipal, todas las regiones de Huixquilucan, son visitadas para saber de primera mano sus necesidades y el caso de La Glorieta no es la excepci\u00f3n, donde permanentemente se dan apoyos.<\/p>\n<p>A nombre de los beneficiados, el delegado de la comunidad de La Glorieta, Antonio Gonz\u00e1lez Mira, destac\u00f3 el trabajo de las autoridades municipales y agradeci\u00f3 los apoyos que a trav\u00e9s del DIF se dan para esta zona de Huixquilucan.<\/p>\n","protected":false},"excerpt":{"rendered":"<p>Con la entrega de 200 tinacos para las comunidades de El Hielo, El Guarda y La Glorieta, el gobierno de Huixquilucan refrenda su compromiso con la ciudadan\u00eda para el bienestar de las familias.<\/p>\n","protected":false},"author":3,"featured_media":366311,"comment_status":"open","ping_status":"open","sticky":false,"template":"","format":"standard","meta":{"_monsterinsights_skip_tracking":false,"_monsterinsights_sitenote_active":false,"_monsterinsights_sitenote_note":"","_monsterinsights_sitenote_category":0,"footnotes":""},"categories":[35155],"tags":[24769,43675,1097,69686],"class_list":["post-366213","post","type-post","status-publish","format-standard","has-post-thumbnail","hentry","category-estado-de-mexico-estado-de-mexico","tag-entrega","tag-estado-de-mexico","tag-huixquilucan","tag-tinacos"],"_links":{"self":[{"href":"https:\/\/www.diarioimagen.net\/index.php?rest_route=\/wp\/v2\/posts\/366213","targetHints":{"allow":["GET"]}}],"collection":[{"href":"https:\/\/www.diarioimagen.net\/index.php?rest_route=\/wp\/v2\/posts"}],"about":[{"href":"https:\/\/www.diarioimagen.net\/index.php?rest_route=\/wp\/v2\/types\/post"}],"author":[{"embeddable":true,"href":"https:\/\/www.diarioimagen.net\/index.php?rest_route=\/wp\/v2\/users\/3"}],"replies":[{"embeddable":true,"href":"https:\/\/www.diarioimagen.net\/index.php?rest_route=%2Fwp%2Fv2%2Fcomments&post=366213"}],"version-history":[{"count":0,"href":"https:\/\/www.diarioimagen.net\/index.php?rest_route=\/wp\/v2\/posts\/366213\/revisions"}],"wp:featuredmedia":[{"embeddable":true,"href":"https:\/\/www.diarioimagen.net\/index.php?rest_route=\/wp\/v2\/media\/366311"}],"wp:attachment":[{"href":"https:\/\/www.diarioimagen.net\/index.php?rest_route=%2Fwp%2Fv2%2Fmedia&parent=366213"}],"wp:term":[{"taxonomy":"category","embeddable":true,"href":"https:\/\/www.diarioimagen.net\/index.php?rest_route=%2Fwp%2Fv2%2Fcategories&post=366213"},{"taxonomy":"post_tag","embeddable":true,"href":"https:\/\/www.diarioimagen.net\/index.php?rest_route=%2Fwp%2Fv2%2Ftags&post=366213"}],"curies":[{"name":"wp","href":"https:\/\/api.w.org\/{rel}","templated":true}]}}