{"id":366215,"date":"2018-02-28T00:06:44","date_gmt":"2018-02-28T06:06:44","guid":{"rendered":"http:\/\/www.diarioimagen.net\/?p=366215"},"modified":"2018-02-28T09:27:40","modified_gmt":"2018-02-28T15:27:40","slug":"continua-dif-metepec-acercando-la-tecnologia-a-los-adultos-mayores","status":"publish","type":"post","link":"https:\/\/www.diarioimagen.net\/?p=366215","title":{"rendered":"Contin\u00faa DIF Metepec acercando la tecnolog\u00eda a los adultos mayores"},"content":{"rendered":"<ul>\n<li><strong><em>Con clases de computaci\u00f3n<\/em><\/strong><\/li>\n<\/ul>\n<p>&nbsp;<\/p>\n<div id=\"attachment_366305\" style=\"width: 470px\" class=\"wp-caption aligncenter\"><a href=\"http:\/\/www.diarioimagen.net\/?attachment_id=366305\" rel=\"attachment wp-att-366305\"><img loading=\"lazy\" decoding=\"async\" aria-describedby=\"caption-attachment-366305\" class=\"size-large wp-image-366305\" src=\"http:\/\/www.diarioimagen.net\/wp-content\/uploads\/2018\/02\/METEPEC-3316-460x259.jpg\" alt=\"\" width=\"460\" height=\"259\" srcset=\"https:\/\/www.diarioimagen.net\/wp-content\/uploads\/2018\/02\/METEPEC-3316-460x259.jpg 460w, https:\/\/www.diarioimagen.net\/wp-content\/uploads\/2018\/02\/METEPEC-3316-240x135.jpg 240w, https:\/\/www.diarioimagen.net\/wp-content\/uploads\/2018\/02\/METEPEC-3316-235x132.jpg 235w, https:\/\/www.diarioimagen.net\/wp-content\/uploads\/2018\/02\/METEPEC-3316-202x114.jpg 202w, https:\/\/www.diarioimagen.net\/wp-content\/uploads\/2018\/02\/METEPEC-3316-350x196.jpg 350w, https:\/\/www.diarioimagen.net\/wp-content\/uploads\/2018\/02\/METEPEC-3316-220x123.jpg 220w, https:\/\/www.diarioimagen.net\/wp-content\/uploads\/2018\/02\/METEPEC-3316-237x132.jpg 237w, https:\/\/www.diarioimagen.net\/wp-content\/uploads\/2018\/02\/METEPEC-3316.jpg 480w\" sizes=\"auto, (max-width: 460px) 100vw, 460px\" \/><\/a><p id=\"caption-attachment-366305\" class=\"wp-caption-text\">El DIF de Metepec, en coordinaci\u00f3n con la Secretar\u00eda de Educaci\u00f3n, ha beneficiado a 120 adultos mayores con clases de computaci\u00f3n.<\/p><\/div>\n<p>&nbsp;<\/p>\n<p><strong>Metepec, Estado de M\u00e9xico<\/strong>.- Las clases de computaci\u00f3n que desde el a\u00f1o pasado ofrece el Sistema Municipal DIF, en coordinaci\u00f3n con la Secretar\u00eda de Educaci\u00f3n a trav\u00e9s del programa \u201cAulas Digitales\u201d para adultos mayores, increment\u00f3 su oferta formativa ya que adem\u00e1s de ense\u00f1arles a utilizar programas b\u00e1sicos, incluye ahora las redes sociales como Facebook y Skype.<\/p>\n<p>De acuerdo con la presidenta del DIF, Gabriela Bringas Abarca, desde la puesta en marcha del programa se han capacitado a 120 personas de la tercera edad, asimismo, indic\u00f3, que gran parte de los que tomaron el curso b\u00e1sico se inscribieron al taller avanzado.<\/p>\n<p>\u201cComo gobierno municipal estamos enfocados en que ustedes contin\u00faen buscando su desarrollo y mientras exista gente con ganas de aprender, el gobierno del Estado que encabeza Alfredo del Mazo, continuar\u00e1 facilitando todo el apoyo y las herramientas necesarias como \u00a0las computadoras\u201d.<\/p>\n<p>Tambi\u00e9n agradeci\u00f3 la colaboraci\u00f3n de los facilitadores, quienes con paciencia transmiten sus conocimientos \u201ca medida que la tecnolog\u00eda va avanzando tenemos que actualizarnos, por ello reconozco su inter\u00e9s de aprender a navegar en internet y hacer uso de las redes sociales ya que \u00e9stas les permiten comunicarse con la familia que no tienen cerca, es otro tipo de convivencia\u201d finaliz\u00f3.<\/p>\n<p>Los adultos mayores interesados en asistir a los cursos de computaci\u00f3n, pueden acudir a las instalaciones de la Coordinaci\u00f3n de adultos mayores, ubicada en Hacienda la Quemada n\u00famero 55, en la Unidad Habitacional Andr\u00e9s Molina Enr\u00edquez o llamar al n\u00famero telef\u00f3nico 3-19-01-64.<\/p>\n","protected":false},"excerpt":{"rendered":"<p>Las clases de computaci\u00f3n que desde el a\u00f1o pasado ofrece el Sistema Municipal DIF, en coordinaci\u00f3n con la Secretar\u00eda de Educaci\u00f3n a trav\u00e9s del programa \u201cAulas Digitales\u201d para adultos mayores, increment\u00f3 su oferta formativa ya que adem\u00e1s de ense\u00f1arles a utilizar programas b\u00e1sicos, incluye ahora las redes sociales como Facebook y Skype.<\/p>\n","protected":false},"author":3,"featured_media":366305,"comment_status":"open","ping_status":"open","sticky":false,"template":"","format":"standard","meta":{"_monsterinsights_skip_tracking":false,"_monsterinsights_sitenote_active":false,"_monsterinsights_sitenote_note":"","_monsterinsights_sitenote_category":0,"footnotes":""},"categories":[35155],"tags":[15930,43675,876],"class_list":["post-366215","post","type-post","status-publish","format-standard","has-post-thumbnail","hentry","category-estado-de-mexico-estado-de-mexico","tag-adultos-mayores","tag-estado-de-mexico","tag-metepec"],"_links":{"self":[{"href":"https:\/\/www.diarioimagen.net\/index.php?rest_route=\/wp\/v2\/posts\/366215","targetHints":{"allow":["GET"]}}],"collection":[{"href":"https:\/\/www.diarioimagen.net\/index.php?rest_route=\/wp\/v2\/posts"}],"about":[{"href":"https:\/\/www.diarioimagen.net\/index.php?rest_route=\/wp\/v2\/types\/post"}],"author":[{"embeddable":true,"href":"https:\/\/www.diarioimagen.net\/index.php?rest_route=\/wp\/v2\/users\/3"}],"replies":[{"embeddable":true,"href":"https:\/\/www.diarioimagen.net\/index.php?rest_route=%2Fwp%2Fv2%2Fcomments&post=366215"}],"version-history":[{"count":0,"href":"https:\/\/www.diarioimagen.net\/index.php?rest_route=\/wp\/v2\/posts\/366215\/revisions"}],"wp:featuredmedia":[{"embeddable":true,"href":"https:\/\/www.diarioimagen.net\/index.php?rest_route=\/wp\/v2\/media\/366305"}],"wp:attachment":[{"href":"https:\/\/www.diarioimagen.net\/index.php?rest_route=%2Fwp%2Fv2%2Fmedia&parent=366215"}],"wp:term":[{"taxonomy":"category","embeddable":true,"href":"https:\/\/www.diarioimagen.net\/index.php?rest_route=%2Fwp%2Fv2%2Fcategories&post=366215"},{"taxonomy":"post_tag","embeddable":true,"href":"https:\/\/www.diarioimagen.net\/index.php?rest_route=%2Fwp%2Fv2%2Ftags&post=366215"}],"curies":[{"name":"wp","href":"https:\/\/api.w.org\/{rel}","templated":true}]}}