{"id":366506,"date":"2018-03-01T00:05:00","date_gmt":"2018-03-01T06:05:00","guid":{"rendered":"http:\/\/www.diarioimagen.net\/?p=366506"},"modified":"2018-03-01T03:25:49","modified_gmt":"2018-03-01T09:25:49","slug":"desvios-y-juicio-politico","status":"publish","type":"post","link":"https:\/\/www.diarioimagen.net\/?p=366506","title":{"rendered":"Desv\u00edos y juicio pol\u00edtico"},"content":{"rendered":"<h2>Desde el portal<\/h2>\n<h5>\u00c1ngel Soriano<\/h5>\n<p>&nbsp;<\/p>\n<p>Cuando menos los encargados de las instituciones de impartici\u00f3n de justicia deber\u00e1n aclarar las presunciones de desv\u00edos de recursos p\u00fablicos, a trav\u00e9s de empresas fantasma que, supuestamente, han sido utilizadas por secretar\u00edas de Estado encargadas de los programas sociales, y que buscan reforzar actividades pol\u00edticas con fines electorales.<\/p>\n<p>Tambi\u00e9n, la acusaci\u00f3n contra los candidatos presidenciales y las dirigencias de los respectivos partidos que los postulan, en el sentido de que han incurrido en irregularidades al favorecer a los suyos, o a poderosos caciques sindicales, en otorgar candidaturas al Congreso de la Uni\u00f3n con el fin de otorgarles fuero para seguir gozando de la impunidad.<\/p>\n<p>De otra manera, se caer\u00e1 en la falta de autoridad moral para el ejercicio de sus funciones. Y aunque la honestidad ni la \u00e9tica en el servicio p\u00fablico es el fuerte entre los pol\u00edticos, lo cierto es que menudean las acusaciones: Si Meade \u201csaque\u00f3\u201d Sedesol; si Napole\u00f3n G\u00f3mez Urrutia compr\u00f3 el fuero, que todav\u00eda no tiene; si Anaya obtuvo recursos ileg\u00edtimos con negocios inmobiliarios, etc.<\/p>\n<p>La falta de cumplimiento con la ley y el aprovechamiento de la flexibilidad de la ley electoral para llevar a cargos de representaci\u00f3n popular a presuntos delincuentes, hace que el electorado est\u00e9 alarmado. No s\u00f3lo deber\u00edan pasar el filtro del INE, sino de la tambi\u00e9n cuestionada PGR. Lo importante aqu\u00ed es rescatar la credibilidad del servicio p\u00fablico, de los partidos y de los aspirantes a puestos de elecci\u00f3n popular. El voto, el uno de julio, ahora s\u00ed debe funcionar.<\/p>\n<p style=\"text-align: center;\"><strong>TURBULENCIAS<br \/>\nNavarrete Prida, <\/strong><strong>con gobernadores<\/strong><\/p>\n<p>El secretario de Gobernaci\u00f3n, Alfonso Navarrete Prida, se reuni\u00f3 con una docena de gobernadores pri\u00edstas para abordar temas, como la inseguridad y reclamos de la poblaci\u00f3n que deben ser atendidas con prontitud, pero en realidad se sabe que fue para perfeccionar la estrategia para apuntalar la campa\u00f1a presidencial de Jos\u00e9 Antonio Meade, ante los escenarios muy riesgosos que se est\u00e1n planteando ahora, ante los adversarios en ascenso, como Andr\u00e9s Manuel L\u00f3pez Obrador y Ricardo Anaya\u2026Diputados federales de Por M\u00e9xico al Frente exigen juicio pol\u00edtico contra el encargado de la PGR, por utilizar la dependencia con fines facciosos y partidistas\u2026 Luego de una reuni\u00f3n de trabajo con investigadores, el presidente del Comit\u00e9 del Centro de Estudios para el Desarrollo Rural Sustentable y la Soberan\u00eda Alimentaria (CEDRSSA), diputado Jos\u00e9 Hugo Cabrera Ruiz (PRI), consider\u00f3 necesario fortalecer el mercado interno y abrir el sector productivo agropecuario a nuevas econom\u00edas, ante los escenarios que pueden presentarse por la renegociaci\u00f3n del Tratado de Libre Comercio de Am\u00e9rica del Norte (TLCAN), e indic\u00f3 que \u201cante la posibilidad de cancelaci\u00f3n del Tratado de Libre Comercio\u201d existen dos v\u00edas: abrirse a nuevos mercados y fortalecer la econom\u00eda interna\u2026Mercantilismo, antidemocracia y corrupci\u00f3n en el PRD estatal y nacional acus\u00f3 el diputado federal Jos\u00e9 Antonio Estefan Garfias, luego de que los ex pri\u00edstas, Manuel Garc\u00eda Corpus y Samy Gurri\u00f3n se agandallaron las candidaturas al Senado y a la C\u00e1mara de Diputados, en tanto se fortalece la postulaci\u00f3n del diputado Francisco Mart\u00ednez Neri para la alcald\u00eda de la ciudad de Oaxaca\u2026<\/p>\n<p><em><a href=\"http:\/\/www.revista-brecha.com\/\" target=\"_blank\" rel=\"noopener\">www.revista-brecha.com<br \/>\n<\/a><a href=\"mailto:asorianodesdelportalo@hotmail.com\" target=\"_blank\" rel=\"noopener\">asorianodesdelportalo@hotmail.com<\/a><\/em><\/p>\n","protected":false},"excerpt":{"rendered":"<p><span style=\"color: #005497;\"><strong>\u00c1ngel Soriano<\/strong><\/span><\/p>\n","protected":false},"author":3,"featured_media":0,"comment_status":"open","ping_status":"open","sticky":false,"template":"","format":"standard","meta":{"_monsterinsights_skip_tracking":false,"_monsterinsights_sitenote_active":false,"_monsterinsights_sitenote_note":"","_monsterinsights_sitenote_category":0,"footnotes":""},"categories":[135],"tags":[85,86,43674],"class_list":["post-366506","post","type-post","status-publish","format-standard","hentry","category-angel-soriano-opinion","tag-angel-soriano","tag-desde-el-portal","tag-opinion"],"_links":{"self":[{"href":"https:\/\/www.diarioimagen.net\/index.php?rest_route=\/wp\/v2\/posts\/366506","targetHints":{"allow":["GET"]}}],"collection":[{"href":"https:\/\/www.diarioimagen.net\/index.php?rest_route=\/wp\/v2\/posts"}],"about":[{"href":"https:\/\/www.diarioimagen.net\/index.php?rest_route=\/wp\/v2\/types\/post"}],"author":[{"embeddable":true,"href":"https:\/\/www.diarioimagen.net\/index.php?rest_route=\/wp\/v2\/users\/3"}],"replies":[{"embeddable":true,"href":"https:\/\/www.diarioimagen.net\/index.php?rest_route=%2Fwp%2Fv2%2Fcomments&post=366506"}],"version-history":[{"count":0,"href":"https:\/\/www.diarioimagen.net\/index.php?rest_route=\/wp\/v2\/posts\/366506\/revisions"}],"wp:attachment":[{"href":"https:\/\/www.diarioimagen.net\/index.php?rest_route=%2Fwp%2Fv2%2Fmedia&parent=366506"}],"wp:term":[{"taxonomy":"category","embeddable":true,"href":"https:\/\/www.diarioimagen.net\/index.php?rest_route=%2Fwp%2Fv2%2Fcategories&post=366506"},{"taxonomy":"post_tag","embeddable":true,"href":"https:\/\/www.diarioimagen.net\/index.php?rest_route=%2Fwp%2Fv2%2Ftags&post=366506"}],"curies":[{"name":"wp","href":"https:\/\/api.w.org\/{rel}","templated":true}]}}