{"id":366565,"date":"2018-03-02T00:11:34","date_gmt":"2018-03-02T06:11:34","guid":{"rendered":"http:\/\/www.diarioimagen.net\/?p=366565"},"modified":"2018-03-02T05:24:23","modified_gmt":"2018-03-02T11:24:23","slug":"apoyos-para-promover-el-desarrollo-humano","status":"publish","type":"post","link":"https:\/\/www.diarioimagen.net\/?p=366565","title":{"rendered":"Apoyos para promover el desarrollo humano"},"content":{"rendered":"<h2>Arco Norte<\/h2>\n<h5>Jos\u00e9 Luis Monta\u00f1ez Aguilar<\/h5>\n<p>&nbsp;<\/p>\n<p>&nbsp;<\/p>\n<p>Los beneficios del programa Salario rosa son una realidad que ya beneficia a miles de\u00a0 mujeres mexiquenses de escasos recursos, quienes continuar\u00e1n recibiendo este apoyo, pues asegur\u00f3 que lleg\u00f3 para quedarse y ayudar a las amas de casa, afirm\u00f3 Alfredo Del Mazo Maza.<\/p>\n<p>El gobernador consider\u00f3 que el trabajo que las amas de casa realizan todos los d\u00edas, merece un reconocimiento y una remuneraci\u00f3n, pues ellas ponen el bienestar de sus familias sobre cualquier otro inter\u00e9s personal.<\/p>\n<p>Por lo que invit\u00f3 a difundir en sus comunidades el Salario rosa y aprovechar sus ventajas, pues \u00e9stas promueven el desarrollo humano, en \u00e1reas como capacitaci\u00f3n para el trabajo, apoyo de proyectos productivos, as\u00ed como alternativas para estudiar.<\/p>\n<p>Tambi\u00e9n destac\u00f3 que actualmente este programa social es una realidad que contribuye a mejorar la calidad de vida de miles de amas de casa mexiquenses en situaci\u00f3n de pobreza, y que en muchas ocasiones velan por sus hijos, padres u otros familiares que dependen de ellas.<\/p>\n<p>Por su parte, Eric Sevilla, secretario de Desarrollo Social, inform\u00f3 que en las pr\u00f3ximas semanas se abrir\u00e1n nuevas listas de registro a este programa, el cual, indic\u00f3, llegar\u00e1 a los 125 municipios de la entidad, en etapas posteriores.<\/p>\n<p>&nbsp;<\/p>\n<p>&nbsp;<\/p>\n<p style=\"text-align: center;\"><strong>Reconocen empresarios avances del Edomex en mejora regulatoria<\/strong><\/p>\n<p>&nbsp;<\/p>\n<p><a href=\"http:\/\/www.diarioimagen.net\/?attachment_id=366642\" rel=\"attachment wp-att-366642\"><img loading=\"lazy\" decoding=\"async\" class=\"aligncenter size-large wp-image-366642\" src=\"http:\/\/www.diarioimagen.net\/wp-content\/uploads\/2018\/03\/arco-3318-460x319.jpg\" alt=\"\" width=\"460\" height=\"319\" srcset=\"https:\/\/www.diarioimagen.net\/wp-content\/uploads\/2018\/03\/arco-3318-460x319.jpg 460w, https:\/\/www.diarioimagen.net\/wp-content\/uploads\/2018\/03\/arco-3318-240x166.jpg 240w, https:\/\/www.diarioimagen.net\/wp-content\/uploads\/2018\/03\/arco-3318.jpg 700w\" sizes=\"auto, (max-width: 460px) 100vw, 460px\" \/><\/a><\/p>\n<p>&nbsp;<\/p>\n<p>Empresarios de la C\u00e1mara Nacional de la Industria de la Transformaci\u00f3n (Canacintra) reconocieron los avances del Estado de M\u00e9xico en materia de mejora regulatoria, los cuales les brindan mayor certeza para invertir en un entorno de justicia e igualdad.<\/p>\n<p>Durante la Reuni\u00f3n de Industriales 2018 de la Canacintra Estado de M\u00e9xico, Enoch Castellanos, tesorero nacional de esa organizaci\u00f3n, explic\u00f3 que el Producto Interno Bruto (PIB) de la entidad mexiquense es equiparable con el de todos los pa\u00edses de Centroam\u00e9rica, lo cual ha sido posible gracias a los avances regulatorios.<\/p>\n<p>En ese sentido, el secretario de Justicia y Derechos Humanos, Rodrigo Espeleta, dijo que el gobierno del Estado de M\u00e9xico continuar\u00e1 a la vanguardia en materia de mejora regulatoria para facilitar la inversi\u00f3n y frenar la corrupci\u00f3n.<\/p>\n<p>\u201cEstamos trabajando en la reducci\u00f3n de tr\u00e1mites para consolidar al Estado de M\u00e9xico como la entidad m\u00e1s atractiva para los inversionistas, una entidad en la que la mejora regulatoria sea un compromiso continuo que garantice negocios justos y productivos\u201d, asegur\u00f3 Espeleta.<\/p>\n<p>En ese contexto, el Secretario de Desarrollo Econ\u00f3mico, Alberto Curi, dijo que el Gobierno del Estado de M\u00e9xico ser\u00e1 un aliado de los empresarios para que sigan invirtiendo en la entidad.<\/p>\n<p>\u201cTengan ustedes plena certeza y la absoluta confianza de que en el Gobierno del Estado de M\u00e9xico encontrar\u00e1n siempre a un aliado, as\u00ed lo ha expresado puntualmente el Gobernador Alfredo Del Mazo y as\u00ed lo haremos invariablemente\u201d, expres\u00f3 Curi.<\/p>\n<p>En el evento, rindi\u00f3 protesta la nueva mesa directiva de la Canacintra Estado de M\u00e9xico, al frente de la cual se mantendr\u00e1 el arquitecto Ariel Rodr\u00edguez Polo con el compromiso de fortalecer el sector productivo para generar m\u00e1s empleos para las y los mexiquenses.<\/p>\n","protected":false},"excerpt":{"rendered":"<p><span style=\"color: #005497;\">Jos\u00e9 Luis Monta\u00f1ez<\/span><br \/>\n<br \/>\nLos beneficios del programa Salario rosa son una realidad que ya beneficia a miles de  mujeres mexiquenses de escasos recursos, quienes continuar\u00e1n recibiendo este apoyo, pues asegur\u00f3 que lleg\u00f3 para quedarse y ayudar a las amas de casa, afirm\u00f3 Alfredo Del Mazo Maza.<\/p>\n","protected":false},"author":3,"featured_media":366642,"comment_status":"open","ping_status":"open","sticky":false,"template":"","format":"standard","meta":{"_monsterinsights_skip_tracking":false,"_monsterinsights_sitenote_active":false,"_monsterinsights_sitenote_note":"","_monsterinsights_sitenote_category":0,"footnotes":""},"categories":[5],"tags":[13284,71378,43704,43674],"class_list":["post-366565","post","type-post","status-publish","format-standard","has-post-thumbnail","hentry","category-estado-de-mexico","tag-arco-norte","tag-desarrollo-humano","tag-jose-luis-montanez-aguilar","tag-opinion"],"_links":{"self":[{"href":"https:\/\/www.diarioimagen.net\/index.php?rest_route=\/wp\/v2\/posts\/366565","targetHints":{"allow":["GET"]}}],"collection":[{"href":"https:\/\/www.diarioimagen.net\/index.php?rest_route=\/wp\/v2\/posts"}],"about":[{"href":"https:\/\/www.diarioimagen.net\/index.php?rest_route=\/wp\/v2\/types\/post"}],"author":[{"embeddable":true,"href":"https:\/\/www.diarioimagen.net\/index.php?rest_route=\/wp\/v2\/users\/3"}],"replies":[{"embeddable":true,"href":"https:\/\/www.diarioimagen.net\/index.php?rest_route=%2Fwp%2Fv2%2Fcomments&post=366565"}],"version-history":[{"count":0,"href":"https:\/\/www.diarioimagen.net\/index.php?rest_route=\/wp\/v2\/posts\/366565\/revisions"}],"wp:featuredmedia":[{"embeddable":true,"href":"https:\/\/www.diarioimagen.net\/index.php?rest_route=\/wp\/v2\/media\/366642"}],"wp:attachment":[{"href":"https:\/\/www.diarioimagen.net\/index.php?rest_route=%2Fwp%2Fv2%2Fmedia&parent=366565"}],"wp:term":[{"taxonomy":"category","embeddable":true,"href":"https:\/\/www.diarioimagen.net\/index.php?rest_route=%2Fwp%2Fv2%2Fcategories&post=366565"},{"taxonomy":"post_tag","embeddable":true,"href":"https:\/\/www.diarioimagen.net\/index.php?rest_route=%2Fwp%2Fv2%2Ftags&post=366565"}],"curies":[{"name":"wp","href":"https:\/\/api.w.org\/{rel}","templated":true}]}}