{"id":366585,"date":"2018-03-02T00:10:19","date_gmt":"2018-03-02T06:10:19","guid":{"rendered":"http:\/\/www.diarioimagen.net\/?p=366585"},"modified":"2018-03-02T04:53:06","modified_gmt":"2018-03-02T10:53:06","slug":"mancera-plantea-endurecer-penas-por-narco-en-escuelas","status":"publish","type":"post","link":"https:\/\/www.diarioimagen.net\/?p=366585","title":{"rendered":"Mancera plantea endurecer penas por <em>narco<\/em> en escuelas"},"content":{"rendered":"<ul>\n<li><strong><em>Ante aumento de venta de drogas en CU<\/em><\/strong><\/li>\n<\/ul>\n<p>&nbsp;<\/p>\n<div id=\"attachment_366648\" style=\"width: 470px\" class=\"wp-caption aligncenter\"><a href=\"http:\/\/www.diarioimagen.net\/?attachment_id=366648\" rel=\"attachment wp-att-366648\"><img loading=\"lazy\" decoding=\"async\" aria-describedby=\"caption-attachment-366648\" class=\"size-large wp-image-366648\" src=\"http:\/\/www.diarioimagen.net\/wp-content\/uploads\/2018\/03\/MANCERA-3318-460x259.jpg\" alt=\"\" width=\"460\" height=\"259\" srcset=\"https:\/\/www.diarioimagen.net\/wp-content\/uploads\/2018\/03\/MANCERA-3318-460x259.jpg 460w, https:\/\/www.diarioimagen.net\/wp-content\/uploads\/2018\/03\/MANCERA-3318-240x135.jpg 240w, https:\/\/www.diarioimagen.net\/wp-content\/uploads\/2018\/03\/MANCERA-3318-235x132.jpg 235w, https:\/\/www.diarioimagen.net\/wp-content\/uploads\/2018\/03\/MANCERA-3318-202x114.jpg 202w, https:\/\/www.diarioimagen.net\/wp-content\/uploads\/2018\/03\/MANCERA-3318-350x196.jpg 350w, https:\/\/www.diarioimagen.net\/wp-content\/uploads\/2018\/03\/MANCERA-3318-220x123.jpg 220w, https:\/\/www.diarioimagen.net\/wp-content\/uploads\/2018\/03\/MANCERA-3318-237x132.jpg 237w, https:\/\/www.diarioimagen.net\/wp-content\/uploads\/2018\/03\/MANCERA-3318.jpg 480w\" sizes=\"auto, (max-width: 460px) 100vw, 460px\" \/><\/a><p id=\"caption-attachment-366648\" class=\"wp-caption-text\">Miguel \u00c1ngel Mancera propuso endurecer las penas contra los narcomenudistas que operen dentro de instituciones educativas.<\/p><\/div>\n<p>&nbsp;<\/p>\n<p>El jefe de gobierno, Miguel \u00c1ngel Mancera, propuso endurecer las penas contra los narcomenudistas que operen dentro de instituciones educativas, como sucede en Ciudad Universitaria.<\/p>\n<p>Afirm\u00f3 que se deben reformar legislaciones federales como la Ley de Salud para frenar la presencia de estupefacientes en ambientes estudiantiles, pues actualmente apenas alcanzan penas de hasta tres a\u00f1os.<\/p>\n<p>\u201cMe parece que podr\u00edamos plantear una reforma legislativa en donde esta pr\u00e1ctica en instalaciones escolares tuviera una sanci\u00f3n mucho mayor\u201d, dijo en conferencia de prensa.<\/p>\n<p>\u201cPor eso he insistido tanto en hacer ajustes a la ley, no es lo mismo que detengas a un narcomenudista en la calle o en un punto conocido como de tiendita, a un se\u00f1or que se mete a unas instalaciones educativas y ah\u00ed est\u00e1 generando esto que es pues un delito de peligro\u201d, explic\u00f3.<\/p>\n<p>Mancera Espinosa mencion\u00f3 que estar\u00eda dispuesto a encabezar esta tarea, pues considera indispensable modificar la ley, para proteger a la comunidad estudiantil. Afirm\u00f3 que se deben reformar legislaciones federales como la Ley de Salud para frenar la presencia de estupefacientes en ambientes estudiantiles, pues actualmente apenas alcanzan penas de hasta tres a\u00f1os.<\/p>\n<p>Destac\u00f3 que actualmente la ley est\u00e1 enfocada a no criminalizar a los consumidores, pero se est\u00e1 dejando del lado este agravante dentro de las instituciones escolares.<\/p>\n<p>\u201cPero cuando est\u00e1s encontrando a alguien que comercializa dentro de un plantel educativo, me parece que toma otro tinte y que debiera ser una respuesta mucho m\u00e1s en\u00e9rgica, de por s\u00ed es dif\u00edcil la captura, como para que despu\u00e9s llevemos a una persona a un procedimiento abreviado de mes y medio con una pena de tres a\u00f1os y se est\u00e9 riendo de lo que fue el proceso penal\u201d, remarc\u00f3.<\/p>\n<p>Mancera rechaz\u00f3 cualquier acusaci\u00f3n de inacci\u00f3n por parte de su gobierno, luego de las cr\u00edticas por parte del l\u00edder del Sindicato de Trabajadores de la UNAM, Agust\u00edn Rodr\u00edguez Fuentes, quien pidi\u00f3 operativos m\u00e1s en\u00e9rgicos para combatir el narcomenudeo en Ciudad Universitaria.<\/p>\n<p>Adem\u00e1s, asegur\u00f3 que en pr\u00f3ximos d\u00edas estar\u00e1 presentando un resumen de todas las detenciones que se han hecho de presuntos delincuentes en los alrededores de CU.<\/p>\n","protected":false},"excerpt":{"rendered":"<p>El jefe de gobierno, Miguel \u00c1ngel Mancera, propuso endurecer las penas contra los narcomenudistas que operen dentro de instituciones educativas, como sucede en Ciudad Universitaria. Afirm\u00f3 que se deben reformar legislaciones federales como la Ley de Salud para frenar la presencia de estupefacientes en ambientes estudiantiles, pues actualmente apenas alcanzan penas de hasta tres a\u00f1os.<\/p>\n","protected":false},"author":3,"featured_media":366648,"comment_status":"open","ping_status":"open","sticky":false,"template":"","format":"standard","meta":{"_monsterinsights_skip_tracking":false,"_monsterinsights_sitenote_active":false,"_monsterinsights_sitenote_note":"","_monsterinsights_sitenote_category":0,"footnotes":""},"categories":[6],"tags":[207,5314,1216],"class_list":["post-366585","post","type-post","status-publish","format-standard","has-post-thumbnail","hentry","category-cd-de-mexico","tag-escuelas","tag-miguel-angel-mancera-espinosa","tag-narcotrafico"],"_links":{"self":[{"href":"https:\/\/www.diarioimagen.net\/index.php?rest_route=\/wp\/v2\/posts\/366585","targetHints":{"allow":["GET"]}}],"collection":[{"href":"https:\/\/www.diarioimagen.net\/index.php?rest_route=\/wp\/v2\/posts"}],"about":[{"href":"https:\/\/www.diarioimagen.net\/index.php?rest_route=\/wp\/v2\/types\/post"}],"author":[{"embeddable":true,"href":"https:\/\/www.diarioimagen.net\/index.php?rest_route=\/wp\/v2\/users\/3"}],"replies":[{"embeddable":true,"href":"https:\/\/www.diarioimagen.net\/index.php?rest_route=%2Fwp%2Fv2%2Fcomments&post=366585"}],"version-history":[{"count":0,"href":"https:\/\/www.diarioimagen.net\/index.php?rest_route=\/wp\/v2\/posts\/366585\/revisions"}],"wp:featuredmedia":[{"embeddable":true,"href":"https:\/\/www.diarioimagen.net\/index.php?rest_route=\/wp\/v2\/media\/366648"}],"wp:attachment":[{"href":"https:\/\/www.diarioimagen.net\/index.php?rest_route=%2Fwp%2Fv2%2Fmedia&parent=366585"}],"wp:term":[{"taxonomy":"category","embeddable":true,"href":"https:\/\/www.diarioimagen.net\/index.php?rest_route=%2Fwp%2Fv2%2Fcategories&post=366585"},{"taxonomy":"post_tag","embeddable":true,"href":"https:\/\/www.diarioimagen.net\/index.php?rest_route=%2Fwp%2Fv2%2Ftags&post=366585"}],"curies":[{"name":"wp","href":"https:\/\/api.w.org\/{rel}","templated":true}]}}