{"id":366594,"date":"2018-03-02T00:02:19","date_gmt":"2018-03-02T06:02:19","guid":{"rendered":"http:\/\/www.diarioimagen.net\/?p=366594"},"modified":"2018-03-02T04:07:08","modified_gmt":"2018-03-02T10:07:08","slug":"forma-parte-uaem-del-laboratorio-nacional-de-observacion-de-la-tierra","status":"publish","type":"post","link":"https:\/\/www.diarioimagen.net\/?p=366594","title":{"rendered":"Forma parte UAEM del Laboratorio Nacional de Observaci\u00f3n de la Tierra"},"content":{"rendered":"<ul>\n<li><strong><em>Investigaci\u00f3n en la prevenci\u00f3n de desastres naturales<\/em><\/strong><\/li>\n<\/ul>\n<p>&nbsp;<\/p>\n<div id=\"attachment_366657\" style=\"width: 470px\" class=\"wp-caption aligncenter\"><a href=\"http:\/\/www.diarioimagen.net\/?attachment_id=366657\" rel=\"attachment wp-att-366657\"><img loading=\"lazy\" decoding=\"async\" aria-describedby=\"caption-attachment-366657\" class=\"size-large wp-image-366657\" src=\"http:\/\/www.diarioimagen.net\/wp-content\/uploads\/2018\/03\/UAEM-3318-460x259.jpg\" alt=\"\" width=\"460\" height=\"259\" srcset=\"https:\/\/www.diarioimagen.net\/wp-content\/uploads\/2018\/03\/UAEM-3318-460x259.jpg 460w, https:\/\/www.diarioimagen.net\/wp-content\/uploads\/2018\/03\/UAEM-3318-240x135.jpg 240w, https:\/\/www.diarioimagen.net\/wp-content\/uploads\/2018\/03\/UAEM-3318-235x132.jpg 235w, https:\/\/www.diarioimagen.net\/wp-content\/uploads\/2018\/03\/UAEM-3318-202x114.jpg 202w, https:\/\/www.diarioimagen.net\/wp-content\/uploads\/2018\/03\/UAEM-3318-350x196.jpg 350w, https:\/\/www.diarioimagen.net\/wp-content\/uploads\/2018\/03\/UAEM-3318-220x123.jpg 220w, https:\/\/www.diarioimagen.net\/wp-content\/uploads\/2018\/03\/UAEM-3318-237x132.jpg 237w, https:\/\/www.diarioimagen.net\/wp-content\/uploads\/2018\/03\/UAEM-3318.jpg 480w\" sizes=\"auto, (max-width: 460px) 100vw, 460px\" \/><\/a><p id=\"caption-attachment-366657\" class=\"wp-caption-text\">En la inauguraci\u00f3n del laboratorio se dieron cita los rectores de la UAEM, Alfredo Barrera Baca, y de la UNAM, Enrique Graue Wiechers.<\/p><\/div>\n<p>&nbsp;<\/p>\n<p><strong>Ciudad de M\u00e9xico<\/strong>.\u2013 La Universidad Aut\u00f3noma del Estado de M\u00e9xico forma parte del Laboratorio Nacional de Observaci\u00f3n de la Tierra (LANOT), espacio de investigaci\u00f3n de vanguardia y pieza importante en la prevenci\u00f3n de desastres naturales que se inaugur\u00f3 en el Instituto de Geograf\u00eda de la Universidad Nacional Aut\u00f3noma de M\u00e9xico.<\/p>\n<p>En este espacio, perteneciente a la Red de Laboratorios Nacionales del Consejo Nacional de Ciencia y Tecnolog\u00eda (CONACyT), investigadores de la Aut\u00f3noma mexiquense trabajar\u00e1n en el monitoreo de cultivos y la identificaci\u00f3n de islas de calor, entre otros temas.<\/p>\n<p>Cabe destacar que desde 2017, la Facultad de Geograf\u00eda de la UAEM trabaja en conjunto con el Instituto de Geograf\u00eda de la UNAM para incorporarse al LANOT, a cuyo trabajo se sumar\u00e1n investigadores de las facultades de Ciencias, Ciencias Agr\u00edcolas, Planeaci\u00f3n Urbana y Regional y Arquitectura y Dise\u00f1o de la m\u00e1xima casa de estudios mexiquense.<\/p>\n<p>Durante la inauguraci\u00f3n, donde se dieron cita los rectores de la UAEM, Alfredo Barrera Baca, y de la UNAM, Enrique Graue Wiechers, se destac\u00f3 que el Laboratorio cuenta con una inversi\u00f3n de 16 millones de pesos y genera informaci\u00f3n que permite conocer el territorio nacional, sus recursos, as\u00ed como los procesos f\u00edsicos que benefician o amenazan a la sociedad.<\/p>\n<p>El LANOT, del que tambi\u00e9n forman parte instituciones como la Secretar\u00eda de Marina (SEMAR) y el Instituto Nacional de Estad\u00edstica y Geograf\u00eda (INEGI), permite observar los procesos de los mares, la atm\u00f3sfera y las cubiertas vegetales, as\u00ed como detectar y monitorear incendios y actividad volc\u00e1nica.<\/p>\n<p>El director del Instituto de Geograf\u00eda de la UNAM, Manuel Su\u00e1rez Lastra, sostuvo que el Laboratorio \u201cpermite disminuir riesgos y prevenir desastres, incide de manera positiva, en temas de seguridad nacional\u201d.<\/p>\n<p>Resalt\u00f3 que como resultado de su infraestructura, requer\u00eda contar con esquema de colaboraci\u00f3n con diferentes instituciones que estuvieran interesadas en la obtenci\u00f3n y procesamiento de im\u00e1genes de sat\u00e9lite.<\/p>\n<p>\u201cM\u00e9xico tiene la necesidad de contar con informaci\u00f3n de la m\u00e1s alta calidad para la toma de decisiones cr\u00edticas, as\u00ed como generar datos cient\u00edficos para desarrollar proyectos de investigaci\u00f3n en la materia\u201d.<\/p>\n<p>En esta ceremonia tambi\u00e9n estuvieron presentes la vicepresidenta del INEGI, Paloma Merodio G\u00f3mez, y el director adjunto de Oceanograf\u00eda, Hidrograf\u00eda y Meteorolog\u00eda de la SEMAR, Enrique Flores Morado.<\/p>\n","protected":false},"excerpt":{"rendered":"<p>La Universidad Aut\u00f3noma del Estado de M\u00e9xico forma parte del Laboratorio Nacional de Observaci\u00f3n de la Tierra (LANOT), espacio de investigaci\u00f3n de vanguardia y pieza importante en la prevenci\u00f3n de desastres naturales que se inaugur\u00f3 en el Instituto de Geograf\u00eda de la Universidad Nacional Aut\u00f3noma de M\u00e9xico.<\/p>\n","protected":false},"author":3,"featured_media":366657,"comment_status":"open","ping_status":"open","sticky":false,"template":"","format":"standard","meta":{"_monsterinsights_skip_tracking":false,"_monsterinsights_sitenote_active":false,"_monsterinsights_sitenote_note":"","_monsterinsights_sitenote_category":0,"footnotes":""},"categories":[35155],"tags":[204,71381,1491],"class_list":["post-366594","post","type-post","status-publish","format-standard","has-post-thumbnail","hentry","category-estado-de-mexico-estado-de-mexico","tag-ciudad-de-mexico","tag-laboratorio-nacional-de-observacion-de-la-tierra","tag-uaem"],"_links":{"self":[{"href":"https:\/\/www.diarioimagen.net\/index.php?rest_route=\/wp\/v2\/posts\/366594","targetHints":{"allow":["GET"]}}],"collection":[{"href":"https:\/\/www.diarioimagen.net\/index.php?rest_route=\/wp\/v2\/posts"}],"about":[{"href":"https:\/\/www.diarioimagen.net\/index.php?rest_route=\/wp\/v2\/types\/post"}],"author":[{"embeddable":true,"href":"https:\/\/www.diarioimagen.net\/index.php?rest_route=\/wp\/v2\/users\/3"}],"replies":[{"embeddable":true,"href":"https:\/\/www.diarioimagen.net\/index.php?rest_route=%2Fwp%2Fv2%2Fcomments&post=366594"}],"version-history":[{"count":0,"href":"https:\/\/www.diarioimagen.net\/index.php?rest_route=\/wp\/v2\/posts\/366594\/revisions"}],"wp:featuredmedia":[{"embeddable":true,"href":"https:\/\/www.diarioimagen.net\/index.php?rest_route=\/wp\/v2\/media\/366657"}],"wp:attachment":[{"href":"https:\/\/www.diarioimagen.net\/index.php?rest_route=%2Fwp%2Fv2%2Fmedia&parent=366594"}],"wp:term":[{"taxonomy":"category","embeddable":true,"href":"https:\/\/www.diarioimagen.net\/index.php?rest_route=%2Fwp%2Fv2%2Fcategories&post=366594"},{"taxonomy":"post_tag","embeddable":true,"href":"https:\/\/www.diarioimagen.net\/index.php?rest_route=%2Fwp%2Fv2%2Ftags&post=366594"}],"curies":[{"name":"wp","href":"https:\/\/api.w.org\/{rel}","templated":true}]}}