{"id":366612,"date":"2018-03-02T00:04:15","date_gmt":"2018-03-02T06:04:15","guid":{"rendered":"http:\/\/www.diarioimagen.net\/?p=366612"},"modified":"2018-03-02T04:31:07","modified_gmt":"2018-03-02T10:31:07","slug":"artesania-de-metepec-llena-de-vida-el-gran-premio-de-formula-1","status":"publish","type":"post","link":"https:\/\/www.diarioimagen.net\/?p=366612","title":{"rendered":"Artesan\u00eda de Metepec llena de vida el Gran Premio de F\u00f3rmula 1"},"content":{"rendered":"<ul>\n<li><strong><em>Escultura expresa el talento mexiquense<\/em><\/strong><\/li>\n<\/ul>\n<p>&nbsp;<\/p>\n<div id=\"attachment_366701\" style=\"width: 310px\" class=\"wp-caption alignleft\"><a href=\"http:\/\/www.diarioimagen.net\/?attachment_id=366701\" rel=\"attachment wp-att-366701\"><img loading=\"lazy\" decoding=\"async\" aria-describedby=\"caption-attachment-366701\" class=\" wp-image-366701\" src=\"http:\/\/www.diarioimagen.net\/wp-content\/uploads\/2018\/03\/METEPEC-3318-inner-350x460.jpg\" alt=\"\" width=\"300\" height=\"394\" srcset=\"https:\/\/www.diarioimagen.net\/wp-content\/uploads\/2018\/03\/METEPEC-3318-inner-350x460.jpg 350w, https:\/\/www.diarioimagen.net\/wp-content\/uploads\/2018\/03\/METEPEC-3318-inner-182x240.jpg 182w, https:\/\/www.diarioimagen.net\/wp-content\/uploads\/2018\/03\/METEPEC-3318-inner.jpg 532w\" sizes=\"auto, (max-width: 300px) 100vw, 300px\" \/><\/a><p id=\"caption-attachment-366701\" class=\"wp-caption-text\">La escultura \u00c1rbol de la Vida fue elaborada en barro por el\u00a0 maestro alfarero de Metepec, Juan Jos\u00e9 Soteno.<\/p><\/div>\n<p><strong>Metepec, Estado de M\u00e9xico<\/strong>.- La pieza artesanal del \u00c1rbol de la Vida, m\u00e1ximo s\u00edmbolo art\u00edstico de la expresi\u00f3n popular de M\u00e9xico en el mundo, es la figura que engalanar\u00e1 el Gran Premio de la F\u00f3rmula 1 que se llevar\u00e1 a cabo en este pa\u00eds el pr\u00f3ximo mes de octubre.<\/p>\n<p>Se trata de un \u00c1rbol de la Vida, obra de arte tem\u00e1tico elaborada en barro por el distinguido maestro alfarero de Metepec, Estado de M\u00e9xico, Juan Jos\u00e9 Soteno, la cual tiene un peso de 6 kilogramos y 70 cent\u00edmetros de altura.<\/p>\n<p>Est\u00e1 compuesta por 177 piezas entre las que se encuentran carros de carreras, herramientas, motores, escuder\u00edas, sem\u00e1foros, pilotos, accesorios, 8 banderines de los pa\u00edses que conforman la temporada, destacando el s\u00edmbolo nacional de M\u00e9xico, as\u00ed como pu\u00f1os que demuestran la unidad y solidaridad del pueblo sede del evento, este \u00faltimo demostrado en el reciente sismo del pasado 19 de septiembre.<\/p>\n<p>Juan Jos\u00e9 Soteno es hijo del tambi\u00e9n destacado maestro Alfonso Soteno; entre toda la familia, destaca el autor de la obra, que dio vida a la imagen del certamen internacional en un sue\u00f1o que inicio desde el a\u00f1o pasado cuando la organizaci\u00f3n se acerc\u00f3 para conocer sus obras de arte y encomendar tan importante labor.<\/p>\n<p>\u201cEs muy importante para mi esta distinci\u00f3n, las piezas (10) se entregar\u00e1n a la organizaci\u00f3n para posterior obsequio a los ganadores del circuito en la pista del aut\u00f3dromo Hermanos Rodriguez.<\/p>\n<p>\u201cSignifica una tarea importante que valoramos y como en todas las p\u00edezas que realizamos, imprimimos todo el amor y cari\u00f1o que reflejan la calidad y calidez del pueblo de M\u00e9xico\u201d, acentu\u00f3 Juan Soteno.<\/p>\n<p>El autor no descart\u00f3 realizar piezas especiales para futuros eventos deportivos de gran relevancia como el pr\u00f3ximo mundial de futbol, a celebrarse en Rusia.<\/p>\n","protected":false},"excerpt":{"rendered":"<p>La pieza artesanal del \u00c1rbol de la Vida, m\u00e1ximo s\u00edmbolo art\u00edstico de la expresi\u00f3n popular de M\u00e9xico en el mundo, es la figura que engalanar\u00e1 el Gran Premio de la F\u00f3rmula 1 que se llevar\u00e1 a cabo en este pa\u00eds el pr\u00f3ximo mes de octubre.<\/p>\n","protected":false},"author":3,"featured_media":366699,"comment_status":"open","ping_status":"open","sticky":false,"template":"","format":"standard","meta":{"_monsterinsights_skip_tracking":false,"_monsterinsights_sitenote_active":false,"_monsterinsights_sitenote_note":"","_monsterinsights_sitenote_category":0,"footnotes":""},"categories":[35155],"tags":[43675,2315,876,22547],"class_list":["post-366612","post","type-post","status-publish","format-standard","has-post-thumbnail","hentry","category-estado-de-mexico-estado-de-mexico","tag-estado-de-mexico","tag-formula-1","tag-metepec","tag-premio"],"_links":{"self":[{"href":"https:\/\/www.diarioimagen.net\/index.php?rest_route=\/wp\/v2\/posts\/366612","targetHints":{"allow":["GET"]}}],"collection":[{"href":"https:\/\/www.diarioimagen.net\/index.php?rest_route=\/wp\/v2\/posts"}],"about":[{"href":"https:\/\/www.diarioimagen.net\/index.php?rest_route=\/wp\/v2\/types\/post"}],"author":[{"embeddable":true,"href":"https:\/\/www.diarioimagen.net\/index.php?rest_route=\/wp\/v2\/users\/3"}],"replies":[{"embeddable":true,"href":"https:\/\/www.diarioimagen.net\/index.php?rest_route=%2Fwp%2Fv2%2Fcomments&post=366612"}],"version-history":[{"count":0,"href":"https:\/\/www.diarioimagen.net\/index.php?rest_route=\/wp\/v2\/posts\/366612\/revisions"}],"wp:featuredmedia":[{"embeddable":true,"href":"https:\/\/www.diarioimagen.net\/index.php?rest_route=\/wp\/v2\/media\/366699"}],"wp:attachment":[{"href":"https:\/\/www.diarioimagen.net\/index.php?rest_route=%2Fwp%2Fv2%2Fmedia&parent=366612"}],"wp:term":[{"taxonomy":"category","embeddable":true,"href":"https:\/\/www.diarioimagen.net\/index.php?rest_route=%2Fwp%2Fv2%2Fcategories&post=366612"},{"taxonomy":"post_tag","embeddable":true,"href":"https:\/\/www.diarioimagen.net\/index.php?rest_route=%2Fwp%2Fv2%2Ftags&post=366612"}],"curies":[{"name":"wp","href":"https:\/\/api.w.org\/{rel}","templated":true}]}}