{"id":366788,"date":"2018-03-05T00:10:51","date_gmt":"2018-03-05T06:10:51","guid":{"rendered":"http:\/\/www.diarioimagen.net\/?p=366788"},"modified":"2018-03-05T02:50:51","modified_gmt":"2018-03-05T08:50:51","slug":"arranca-hoy-formalmente-servicio-de-l7-del-metrobus","status":"publish","type":"post","link":"https:\/\/www.diarioimagen.net\/?p=366788","title":{"rendered":"Arranca hoy formalmente servicio de L7 del Metrob\u00fas"},"content":{"rendered":"<ul>\n<li><strong><em>De 4:30 a 01:00 horas<\/em><\/strong><\/li>\n<\/ul>\n<p>&nbsp;<\/p>\n<div id=\"attachment_366875\" style=\"width: 470px\" class=\"wp-caption aligncenter\"><a href=\"http:\/\/www.diarioimagen.net\/?attachment_id=366875\" rel=\"attachment wp-att-366875\"><img loading=\"lazy\" decoding=\"async\" aria-describedby=\"caption-attachment-366875\" class=\"size-large wp-image-366875\" src=\"http:\/\/www.diarioimagen.net\/wp-content\/uploads\/2018\/03\/METROBUS-3319-460x259.jpg\" alt=\"\" width=\"460\" height=\"259\" srcset=\"https:\/\/www.diarioimagen.net\/wp-content\/uploads\/2018\/03\/METROBUS-3319-460x259.jpg 460w, https:\/\/www.diarioimagen.net\/wp-content\/uploads\/2018\/03\/METROBUS-3319-240x135.jpg 240w, https:\/\/www.diarioimagen.net\/wp-content\/uploads\/2018\/03\/METROBUS-3319-235x132.jpg 235w, https:\/\/www.diarioimagen.net\/wp-content\/uploads\/2018\/03\/METROBUS-3319-202x114.jpg 202w, https:\/\/www.diarioimagen.net\/wp-content\/uploads\/2018\/03\/METROBUS-3319-350x196.jpg 350w, https:\/\/www.diarioimagen.net\/wp-content\/uploads\/2018\/03\/METROBUS-3319-220x123.jpg 220w, https:\/\/www.diarioimagen.net\/wp-content\/uploads\/2018\/03\/METROBUS-3319-237x132.jpg 237w, https:\/\/www.diarioimagen.net\/wp-content\/uploads\/2018\/03\/METROBUS-3319.jpg 480w\" sizes=\"auto, (max-width: 460px) 100vw, 460px\" \/><\/a><p id=\"caption-attachment-366875\" class=\"wp-caption-text\">Este lunes inicia formalmente el servicio de la L\u00ednea 7 del Metrob\u00fas.<\/p><\/div>\n<p>&nbsp;<\/p>\n<p>Desde este lunes, el servicio de la L\u00ednea 7 del Metrob\u00fas ser\u00e1 completo desde Indios Verdes hasta Campo Marte y s\u00f3lo se recibir\u00e1 como forma de pago la tarjeta de la CDMX.<\/p>\n<p>Las pruebas preoperativas concluyeron ayer con recorridos sin pasajeros y utilizando la lateral del Paseo de la Reforma. El servicio ser\u00e1 en un horario de 04:30 hasta las 01:00 horas de d\u00eda siguiente; el costo del pasaje ser\u00e1 de seis pesos.<\/p>\n<p>Ayer, los autobuses doble piso se enfrentaron a uno de los obst\u00e1culos que de manera habitual tendr\u00e1n: el paseo ciclista.<\/p>\n<p>Debido a que todos los domingos los carriles centrales de Reforma son cerrados para el paso de cientos de bicis, los autobuses tendr\u00e1n que usar los carriles laterales.<\/p>\n<p>Pese a que se hab\u00eda anunciado que las pruebas preoperativas se realizar\u00edan de forma gratuita con usuarios abordo, las unidades no subieron pasajeros, por lo que quienes esperaban las unidades tuvieron que optar por caminar, buscar una bicicleta en pr\u00e9stamo o usar otro medio de transporte. Otros simplemente quer\u00edan conocer los autobuses \u201clondinenses\u201d por lo que se conformaron con verlo pasar y tomarle fotos.<\/p>\n<p>La L\u00ednea 7 del Metrob\u00fas tiene una extensi\u00f3n de 15 kil\u00f3metros, recorrido que har\u00e1n 90 unidades doble piso en tres rutas: Campo Marte-Indios Verdes, Campo Marte-Hospital Infantil La Villa y Campo Marte-Cuitl\u00e1huac.<\/p>\n","protected":false},"excerpt":{"rendered":"<p>Desde este lunes, el servicio de la L\u00ednea 7 del Metrob\u00fas ser\u00e1 completo desde Indios Verdes hasta Campo Marte y s\u00f3lo se recibir\u00e1 como forma de pago la tarjeta de la CDMX.<\/p>\n","protected":false},"author":3,"featured_media":366875,"comment_status":"open","ping_status":"open","sticky":false,"template":"","format":"standard","meta":{"_monsterinsights_skip_tracking":false,"_monsterinsights_sitenote_active":false,"_monsterinsights_sitenote_note":"","_monsterinsights_sitenote_category":0,"footnotes":""},"categories":[6],"tags":[68062,34444,204,29625,3195],"class_list":["post-366788","post","type-post","status-publish","format-standard","has-post-thumbnail","hentry","category-cd-de-mexico","tag-arrancha","tag-cdmx","tag-ciudad-de-mexico","tag-linea-7","tag-metrobus"],"_links":{"self":[{"href":"https:\/\/www.diarioimagen.net\/index.php?rest_route=\/wp\/v2\/posts\/366788","targetHints":{"allow":["GET"]}}],"collection":[{"href":"https:\/\/www.diarioimagen.net\/index.php?rest_route=\/wp\/v2\/posts"}],"about":[{"href":"https:\/\/www.diarioimagen.net\/index.php?rest_route=\/wp\/v2\/types\/post"}],"author":[{"embeddable":true,"href":"https:\/\/www.diarioimagen.net\/index.php?rest_route=\/wp\/v2\/users\/3"}],"replies":[{"embeddable":true,"href":"https:\/\/www.diarioimagen.net\/index.php?rest_route=%2Fwp%2Fv2%2Fcomments&post=366788"}],"version-history":[{"count":0,"href":"https:\/\/www.diarioimagen.net\/index.php?rest_route=\/wp\/v2\/posts\/366788\/revisions"}],"wp:featuredmedia":[{"embeddable":true,"href":"https:\/\/www.diarioimagen.net\/index.php?rest_route=\/wp\/v2\/media\/366875"}],"wp:attachment":[{"href":"https:\/\/www.diarioimagen.net\/index.php?rest_route=%2Fwp%2Fv2%2Fmedia&parent=366788"}],"wp:term":[{"taxonomy":"category","embeddable":true,"href":"https:\/\/www.diarioimagen.net\/index.php?rest_route=%2Fwp%2Fv2%2Fcategories&post=366788"},{"taxonomy":"post_tag","embeddable":true,"href":"https:\/\/www.diarioimagen.net\/index.php?rest_route=%2Fwp%2Fv2%2Ftags&post=366788"}],"curies":[{"name":"wp","href":"https:\/\/api.w.org\/{rel}","templated":true}]}}