{"id":366799,"date":"2018-03-05T00:11:40","date_gmt":"2018-03-05T06:11:40","guid":{"rendered":"http:\/\/www.diarioimagen.net\/?p=366799"},"modified":"2018-03-05T02:52:11","modified_gmt":"2018-03-05T08:52:11","slug":"protestan-contra-la-ampliacion-de-horarios-de-los-parquimetros","status":"publish","type":"post","link":"https:\/\/www.diarioimagen.net\/?p=366799","title":{"rendered":"Protestan contra la ampliaci\u00f3n de horarios de los parqu\u00edmetros"},"content":{"rendered":"<ul>\n<li><strong><em>Se manifiestan en el \u00c1ngel<\/em><\/strong><\/li>\n<\/ul>\n<p>&nbsp;<\/p>\n<div id=\"attachment_366879\" style=\"width: 470px\" class=\"wp-caption aligncenter\"><a href=\"http:\/\/www.diarioimagen.net\/?attachment_id=366879\" rel=\"attachment wp-att-366879\"><img loading=\"lazy\" decoding=\"async\" aria-describedby=\"caption-attachment-366879\" class=\"size-large wp-image-366879\" src=\"http:\/\/www.diarioimagen.net\/wp-content\/uploads\/2018\/03\/PARQUIMETROS-3319-460x259.jpg\" alt=\"\" width=\"460\" height=\"259\" srcset=\"https:\/\/www.diarioimagen.net\/wp-content\/uploads\/2018\/03\/PARQUIMETROS-3319-460x259.jpg 460w, https:\/\/www.diarioimagen.net\/wp-content\/uploads\/2018\/03\/PARQUIMETROS-3319-240x135.jpg 240w, https:\/\/www.diarioimagen.net\/wp-content\/uploads\/2018\/03\/PARQUIMETROS-3319-235x132.jpg 235w, https:\/\/www.diarioimagen.net\/wp-content\/uploads\/2018\/03\/PARQUIMETROS-3319-202x114.jpg 202w, https:\/\/www.diarioimagen.net\/wp-content\/uploads\/2018\/03\/PARQUIMETROS-3319-350x196.jpg 350w, https:\/\/www.diarioimagen.net\/wp-content\/uploads\/2018\/03\/PARQUIMETROS-3319-220x123.jpg 220w, https:\/\/www.diarioimagen.net\/wp-content\/uploads\/2018\/03\/PARQUIMETROS-3319-237x132.jpg 237w, https:\/\/www.diarioimagen.net\/wp-content\/uploads\/2018\/03\/PARQUIMETROS-3319.jpg 480w\" sizes=\"auto, (max-width: 460px) 100vw, 460px\" \/><\/a><p id=\"caption-attachment-366879\" class=\"wp-caption-text\">Vecinos de la Cuauht\u00e9moc, Ju\u00e1rez y Condesa se manifiestan en el \u00c1ngel de la Independencia en contra de los parqu\u00edmetros.<\/p><\/div>\n<p>&nbsp;<\/p>\n<p>Vecinos de la delegaci\u00f3n Cuauht\u00e9moc protestaron en el \u00c1ngel de la Independencia en contra de la ampliaci\u00f3n del horario de funcionamiento de los parqu\u00edmetros en las colonias Ju\u00e1rez y Cuauht\u00e9moc.<\/p>\n<p>Por segundo d\u00eda consecutivo, se movilizaron para solicitar al gobierno de la Ciudad de M\u00e9xico que no extienda los horarios en que deben pagar por aparcar sus veh\u00edculos.<\/p>\n<p>El anuncio de ampliaci\u00f3n de horario y la opacidad en el manejo de recursos econ\u00f3micos, derivados de las ganancias de los parqu\u00edmetros, son las principales inconformidades.<\/p>\n<p>Denunciaron que los vecinos o comerciantes que no consiguieron los tarjetones de residentes tienen que pagar m\u00e1s por el espacio de estacionamiento.<\/p>\n<p>Hay un problema cuando uno solicita el permiso para los que no viven realmente all\u00ed, que son arrendatarios, ellos les niegan el permiso, por lo tanto, tienen que pagar el parqu\u00edmetro y ahora lo tienen que pagar hasta la una de la ma\u00f1ana\u201d, se\u00f1al\u00f3 Araceli Linares, habitante de colonia Ju\u00e1rez.<\/p>\n<p>En la manifestaci\u00f3n tambi\u00e9n participaron vecinos de la colonia Condesa, quienes en 2010 impidieron la instalaci\u00f3n de parqu\u00edmetros. Ahora acusaron que el gobierno capitalino intenta otra vez instalar los aparatos, por lo que se unir\u00e1n al movimiento de los residentes de Ju\u00e1rez y Cuauht\u00e9moc.<\/p>\n<p>Colonos de la Ju\u00e1rez y Cuauht\u00e9moc, con lonas, cartulinas y volantes manifiestan a trav\u00e9s de altavoces su rechazo al nuevo horario por petici\u00f3n de un habitante que, indican, ya no los representa por no pertenecer al comit\u00e9 vecinal.<\/p>\n<p>Claudia Silva y Sergio Gonz\u00e1lez rechazaron que la colonia Cuauht\u00e9moc estuviera enterada de las medidas y habitantes de colonias como Santa Mar\u00eda La Ribera temen que se impongan parqu\u00edmetros sin consulta.<\/p>\n<p style=\"text-align: center;\"><strong>Vecinos pidieron ampliaci\u00f3n: GCDMX<\/strong><\/p>\n<p>Miguel \u00c1ngel Mancera, jefe de gobierno, inform\u00f3 el s\u00e1bado que en el asunto de los parqu\u00edmetros y su extensi\u00f3n de horario en las colonias Ju\u00e1rez y Cuauht\u00e9moc fue una petici\u00f3n de los comit\u00e9s vecinales, exponiendo de manera indirecta que hay una divisi\u00f3n entre los colonos.<\/p>\n<p>\u201cLa extensi\u00f3n de los parqu\u00edmetros fue una petici\u00f3n de los comit\u00e9s vecinales, tenemos los documentos, tenemos precisamente las cartas, las tiene Comunicaci\u00f3n Social del tema de la extensi\u00f3n\u201d, asegur\u00f3 el mandatario.<\/p>\n<p>El d\u00eda 28 de febrero, en una junta sostenida con las autoridades, Servimet entreg\u00f3 a los vecinos un oficio expedido en julio 2017, firmado por Ram\u00f3n Ibarra, presidente de la Asociaci\u00f3n de Residentes, solicitando el aumento de horarios y tarifas en la delegaci\u00f3n Cuauht\u00e9moc y pese a que se declar\u00f3 que Ram\u00f3n Ibarra ya no pertenece al Comit\u00e9 Ciudadano, Mancera advirti\u00f3 se revisar\u00e1 el caso.<\/p>\n<p>\u201cSe revisar\u00e1, pero no s\u00f3lo fue el Comit\u00e9 Ciudadano, cuando menos hay tres documentos m\u00e1s que yo recuerde en este momento\u201d, se\u00f1al\u00f3 el mandatario capitalino.<\/p>\n","protected":false},"excerpt":{"rendered":"<p>Vecinos de la delegaci\u00f3n Cuauht\u00e9moc protestaron en el \u00c1ngel de la Independencia en contra de la ampliaci\u00f3n del horario de funcionamiento de los parqu\u00edmetros en las colonias Ju\u00e1rez y Cuauht\u00e9moc.<\/p>\n","protected":false},"author":3,"featured_media":366879,"comment_status":"open","ping_status":"open","sticky":false,"template":"","format":"standard","meta":{"_monsterinsights_skip_tracking":false,"_monsterinsights_sitenote_active":false,"_monsterinsights_sitenote_note":"","_monsterinsights_sitenote_category":0,"footnotes":""},"categories":[6],"tags":[29797,204,14695],"class_list":["post-366799","post","type-post","status-publish","format-standard","has-post-thumbnail","hentry","category-cd-de-mexico","tag-ampliacion","tag-ciudad-de-mexico","tag-parquimetros"],"_links":{"self":[{"href":"https:\/\/www.diarioimagen.net\/index.php?rest_route=\/wp\/v2\/posts\/366799","targetHints":{"allow":["GET"]}}],"collection":[{"href":"https:\/\/www.diarioimagen.net\/index.php?rest_route=\/wp\/v2\/posts"}],"about":[{"href":"https:\/\/www.diarioimagen.net\/index.php?rest_route=\/wp\/v2\/types\/post"}],"author":[{"embeddable":true,"href":"https:\/\/www.diarioimagen.net\/index.php?rest_route=\/wp\/v2\/users\/3"}],"replies":[{"embeddable":true,"href":"https:\/\/www.diarioimagen.net\/index.php?rest_route=%2Fwp%2Fv2%2Fcomments&post=366799"}],"version-history":[{"count":0,"href":"https:\/\/www.diarioimagen.net\/index.php?rest_route=\/wp\/v2\/posts\/366799\/revisions"}],"wp:featuredmedia":[{"embeddable":true,"href":"https:\/\/www.diarioimagen.net\/index.php?rest_route=\/wp\/v2\/media\/366879"}],"wp:attachment":[{"href":"https:\/\/www.diarioimagen.net\/index.php?rest_route=%2Fwp%2Fv2%2Fmedia&parent=366799"}],"wp:term":[{"taxonomy":"category","embeddable":true,"href":"https:\/\/www.diarioimagen.net\/index.php?rest_route=%2Fwp%2Fv2%2Fcategories&post=366799"},{"taxonomy":"post_tag","embeddable":true,"href":"https:\/\/www.diarioimagen.net\/index.php?rest_route=%2Fwp%2Fv2%2Ftags&post=366799"}],"curies":[{"name":"wp","href":"https:\/\/api.w.org\/{rel}","templated":true}]}}