{"id":366839,"date":"2018-03-05T00:08:52","date_gmt":"2018-03-05T06:08:52","guid":{"rendered":"http:\/\/www.diarioimagen.net\/?p=366839"},"modified":"2018-03-05T03:28:37","modified_gmt":"2018-03-05T09:28:37","slug":"violencia-politica","status":"publish","type":"post","link":"https:\/\/www.diarioimagen.net\/?p=366839","title":{"rendered":"Violencia pol\u00edtica"},"content":{"rendered":"<h2>Punto por punto<\/h2>\n<h5>Augusto Corro<\/h5>\n<p>&nbsp;<\/p>\n<p>&nbsp;<\/p>\n<p>&nbsp;<\/p>\n<div id=\"attachment_366903\" style=\"width: 470px\" class=\"wp-caption aligncenter\"><a href=\"http:\/\/www.diarioimagen.net\/?attachment_id=366903\" rel=\"attachment wp-att-366903\"><img loading=\"lazy\" decoding=\"async\" aria-describedby=\"caption-attachment-366903\" class=\"size-large wp-image-366903\" src=\"http:\/\/www.diarioimagen.net\/wp-content\/uploads\/2018\/03\/ARRIBA-LAS-MANOS-jose-luis-3319-460x393.jpg\" alt=\"\" width=\"460\" height=\"393\" srcset=\"https:\/\/www.diarioimagen.net\/wp-content\/uploads\/2018\/03\/ARRIBA-LAS-MANOS-jose-luis-3319-460x393.jpg 460w, https:\/\/www.diarioimagen.net\/wp-content\/uploads\/2018\/03\/ARRIBA-LAS-MANOS-jose-luis-3319-240x205.jpg 240w, https:\/\/www.diarioimagen.net\/wp-content\/uploads\/2018\/03\/ARRIBA-LAS-MANOS-jose-luis-3319-768x655.jpg 768w, https:\/\/www.diarioimagen.net\/wp-content\/uploads\/2018\/03\/ARRIBA-LAS-MANOS-jose-luis-3319.jpg 1200w\" sizes=\"auto, (max-width: 460px) 100vw, 460px\" \/><\/a><p id=\"caption-attachment-366903\" class=\"wp-caption-text\">Arriba las manos&#8230; | Jos\u00e9 Luis<\/p><\/div>\n<p>Las pugnas pol\u00edticas se libran en diferentes niveles: violento y civilizado. En el primero, los problemas se resuelven a balazos, con la muerte; en el segundo, los pleitos se arreglan en comidas, festejos, reuniones sociales, etc.<\/p>\n<p>Sabemos de sobra que la violencia se pr\u00e1ctica entre los militantes de los partidos pol\u00edticos, en ocasiones por razones ideol\u00f3gicas y en otras por el poder o los negocios. El hecho, es que alrededor de 60 personas, con v\u00ednculos partidistas, fueron asesinadas en los \u00faltimos meses de efervescencia pol\u00edtica.<\/p>\n<p>De acuerdo con las estad\u00edsticas, las v\u00edctimas pertenec\u00edan a diferentes partidos pol\u00edticos. Entre las listas de los victimados se encuentran alcaldes, aspirantes a cargos p\u00fablicos, parientes de estos, etc. El viernes pasado fue asesinado Homero Bravo Espino, precandidato a la presidencia municipal del Partido de la Revoluci\u00f3n Democr\u00e1tica (PRD), en Guerrero.<\/p>\n<p>En otras entidades tambi\u00e9n las precampa\u00f1as electorales fueron alcanzadas por la violencia. Pero entre los pol\u00edticos guerrerenses, la situaci\u00f3n es m\u00e1s complicada porque en algunos casos se mezclan las pugnas pol\u00edticas con los intereses de la delincuencia organizada.<\/p>\n<p>Claro, a lo anterior debe agregarse que la mezcla de partidos provoc\u00f3, adem\u00e1s, confusi\u00f3n en los militantes de los partidos pol\u00edticos. Esto provoc\u00f3 que se decidieran las candidaturas a nivel cupular, sin tomar en cuenta los intereses de las bases. Por ejemplo, los perredistas y panistas aliados para apoyar a tal o cual aspirante.<\/p>\n<p>Esa soluci\u00f3n violenta a las broncas de los militantes partidistas no ocurre en las altas esferas de la pol\u00edtica, donde la guerra sucia se practica con discursos incendiarios, pero nada m\u00e1s. Los jerarcas de la pol\u00edtica se insultan con palabras altisonantes y nada m\u00e1s. En un ejemplo de civilidad reciente, se vio al ex senador, ex candidato presidencial panista, Diego Fern\u00e1ndez de Cevallos, en una \u201ctaquiza\u201d organizada para festejar el cumplea\u00f1os del candidato presidencial pri\u00edsta, Jos\u00e9 Antonio Meade Kuribre\u00f1a.<\/p>\n<p>Llam\u00f3 la atenci\u00f3n la presencia del blanquiazul en aquella reuni\u00f3n, pues se supon\u00eda que el \u201cJefe\u201d Diego estaba peleado a muerte, como se dice coloquialmente, con los pri\u00edstas por el maltrato que le dan a su \u201cpupilo\u201d, el candidato presidencial frentista, Ricardo Anaya, en la Procuradur\u00eda General de la Rep\u00fablica (PGR). Result\u00f3 que no. En fin, no es lo mismo pelearse a balazos en las filas partidistas que disfrutar de tacos en fiestas de cumplea\u00f1os.<\/p>\n<p>Lo complejo de la violencia pol\u00edtica en nuestro pa\u00eds es que continuar\u00e1, sin l\u00edmite alguno, porque parece que no hay nadie interesado en erradicarla, en ponerle fin, principalmente en las entidades, donde los gobernadores son ineptos e irresponsables, como H\u00e9ctor Astudillo Flores, que tiene sumido a Guerrero en una espiral de muerte e impunidad.<\/p>\n<p>\u00bfC\u00f3mo convencer a los militantes de los partidos pol\u00edticos que los pleitos tambi\u00e9n pueden solucionarse en reuniones, fiestas de cumplea\u00f1os, comidas, etc., sin balazos o agresiones f\u00edsicas, como lo hace el \u201cJefe\u201d Diego? \u00bfUsted qu\u00e9 opina amable lector?<\/p>\n<p style=\"text-align: center;\"><strong>VANIDAD<\/strong><\/p>\n<p>Creo que todos somos vanidosos en poca o mucha medida. Algunos la guardamos, la escondemos, otros, como los pol\u00edticos, la lucen esplendorosamente. S\u00f3lo que se auxilian para lograrlo con recursos econ\u00f3micos que no son suyos, son dineros de los contribuyentes.<\/p>\n<p>Los pol\u00edticos cuando llegan a los altos p\u00fablicos se inclinan por dejar testimonio de su paso por las dependencias a su cargo. Aprovechan la oportunidad que tienen de dejar sus retratos en las faustuosas oficinas de la Presidencia de la Rep\u00fablica, secretar\u00edas federales, partidos pol\u00edticos, universidades, etc. Esa acci\u00f3n para satisfacer la vanidad de los funcionarios p\u00fablicos le cost\u00f3 a los mexicanos alrededor de 5 millones de pesos en los \u00faltimos diez a\u00f1os. Entre las dependencias que m\u00e1s gast\u00f3 en retratos de sus funcionarios fue la Secretar\u00eda de Hacienda y Cr\u00e9dito P\u00fablico.<\/p>\n<p>Tambi\u00e9n, la Presidencia de la Rep\u00fablica pag\u00f3 casi un mill\u00f3n de pesos por un medall\u00f3n al \u00f3leo de Felipe Calder\u00f3n Hinojosa.<\/p>\n<p>En la Secretar\u00eda de Educaci\u00f3n P\u00fablica se encuentran, entre otros cuadros los de ex secretarios Josefina V\u00e1zquez Mota, Jos\u00e9 \u00c1ngel C\u00f3rdova Villalobos y de Emilio Chuayffet Chemor. Salieron baratos, cada uno cost\u00f3 9 mil pesos.<\/p>\n<p>En este rengl\u00f3n no se siente el dinero invertido, sino el lugar privilegiado que ocupan ex funcionarios que no s\u00f3lo ayudar\u00e1n a resolver el problema de la educaci\u00f3n en M\u00e9xico, sino que obstaculizaron su progreso.<\/p>\n<p>En general, esa pr\u00e1ctica malsana de coleccionar los retratos de los ex funcionarios de las diferentes dependencias no es mala idea, pero ser\u00eda mejor que los vanidosos funcionarios pagaran con sus recursos propios sus pinturas, dibujos o fotograf\u00edas y no con el dinero de los contribuyentes a quienes defraudaron con su paso gris, oscuro, en las dependencias bajo su responsabilidad.<\/p>\n<p><em><a href=\"mailto:aco2742@hotmail.com\" target=\"_blank\" rel=\"noopener\">aco2742@hotmail.com<\/a><\/em><\/p>\n","protected":false},"excerpt":{"rendered":"<p><span style=\"color: #005497;\"><strong>Augusto Corro<\/strong><\/span><br \/>\n<br \/>\nLas pugnas pol\u00edticas se libran en diferentes niveles: violento y civilizado. En el primero, los problemas se resuelven a balazos, con la muerte; en el segundo, los pleitos se arreglan en comidas, festejos, reuniones sociales, etc.<\/p>\n","protected":false},"author":3,"featured_media":366903,"comment_status":"open","ping_status":"open","sticky":false,"template":"","format":"standard","meta":{"_monsterinsights_skip_tracking":false,"_monsterinsights_sitenote_active":false,"_monsterinsights_sitenote_note":"","_monsterinsights_sitenote_category":0,"footnotes":""},"categories":[157],"tags":[43686,43674,11515],"class_list":["post-366839","post","type-post","status-publish","format-standard","has-post-thumbnail","hentry","category-augusto-corro","tag-augusto-corro","tag-opinion","tag-punto-por-punto"],"_links":{"self":[{"href":"https:\/\/www.diarioimagen.net\/index.php?rest_route=\/wp\/v2\/posts\/366839","targetHints":{"allow":["GET"]}}],"collection":[{"href":"https:\/\/www.diarioimagen.net\/index.php?rest_route=\/wp\/v2\/posts"}],"about":[{"href":"https:\/\/www.diarioimagen.net\/index.php?rest_route=\/wp\/v2\/types\/post"}],"author":[{"embeddable":true,"href":"https:\/\/www.diarioimagen.net\/index.php?rest_route=\/wp\/v2\/users\/3"}],"replies":[{"embeddable":true,"href":"https:\/\/www.diarioimagen.net\/index.php?rest_route=%2Fwp%2Fv2%2Fcomments&post=366839"}],"version-history":[{"count":0,"href":"https:\/\/www.diarioimagen.net\/index.php?rest_route=\/wp\/v2\/posts\/366839\/revisions"}],"wp:featuredmedia":[{"embeddable":true,"href":"https:\/\/www.diarioimagen.net\/index.php?rest_route=\/wp\/v2\/media\/366903"}],"wp:attachment":[{"href":"https:\/\/www.diarioimagen.net\/index.php?rest_route=%2Fwp%2Fv2%2Fmedia&parent=366839"}],"wp:term":[{"taxonomy":"category","embeddable":true,"href":"https:\/\/www.diarioimagen.net\/index.php?rest_route=%2Fwp%2Fv2%2Fcategories&post=366839"},{"taxonomy":"post_tag","embeddable":true,"href":"https:\/\/www.diarioimagen.net\/index.php?rest_route=%2Fwp%2Fv2%2Ftags&post=366839"}],"curies":[{"name":"wp","href":"https:\/\/api.w.org\/{rel}","templated":true}]}}