{"id":366850,"date":"2018-03-05T00:02:17","date_gmt":"2018-03-05T06:02:17","guid":{"rendered":"http:\/\/www.diarioimagen.net\/?p=366850"},"modified":"2018-03-05T02:21:03","modified_gmt":"2018-03-05T08:21:03","slug":"la-moda-del-turismo-inclusivo-en-mexico","status":"publish","type":"post","link":"https:\/\/www.diarioimagen.net\/?p=366850","title":{"rendered":"La moda del Turismo Inclusivo en M\u00e9xico"},"content":{"rendered":"<h2>\u201cHora 14\u201d<\/h2>\n<h5>Mauricio Conde Olivares<\/h5>\n<p>&nbsp;<\/p>\n<p>Ahora que se ha potencializado al m\u00e1ximo la estrategia de \u201cViajemos todos por M\u00e9xico\u201d, \u00bfalguna vez se ha preguntado qu\u00e9 es el Turismo Inclusivo?, pues el investigador Ernest Ca\u00f1ada analiz\u00f3 la propuesta de Regina Scheyvens y Robin Biddulph, en cuanto<\/p>\n<p>los sectores empobrecidos o marginados de la econom\u00eda vean ampliadas sus posibilidades de acceso al turismo, como consumidores y como productores.<\/p>\n<p>Dicha propuesta fue realizada recientemente por Regina Scheyvens, profesora de estudios sobre desarrollo en la Universidad de Massey, Nueva Zelanda, y Robin Biddulph, profesor de geograf\u00eda humana en la Universidad de Gotemburgo.<\/p>\n<p>En ella, se considera que dichos sectores marginados tienen una mayor participaci\u00f3n en la toma de decisiones sobre las actividades tur\u00edsticas y en la distribuci\u00f3n de los beneficios.<\/p>\n<p>M\u00e1s que una marca o un producto que pueda ser certificado, el turismo inclusivo, seg\u00fan esta formulaci\u00f3n, pretende movilizar el pensamiento cr\u00edtico en relaci\u00f3n al turismo, planteando dos preguntas clave: \u00bfcu\u00e1n inclusivo es un determinado desarrollo tur\u00edstico?<\/p>\n<p>\u00bfC\u00f3mo podr\u00eda ser una empresa tur\u00edstica m\u00e1s inclusiva?<\/p>\n<p>Para ello, detall\u00f3 Ernest Ca\u00f1ada, proponen 7 aspectos que se deben tener en cuenta en la valoraci\u00f3n del nivel de inclusi\u00f3n social de una determinada iniciativa o destino:<\/p>\n<p>Primero: potenciar el acceso de personas marginadas como productoras de turismo. Esto implica reconocer la tradici\u00f3n de iniciativas tur\u00edsticas gestionadas por los propios sectores populares, en sus m\u00faltiples y diversas formas.<\/p>\n<p>Pero tambi\u00e9n el reto de alentar que las empresas tur\u00edsticas existentes sean m\u00e1s inclusivas. Las posibilidades de avanzar en esta direcci\u00f3n son m\u00faltiples: mejorar las condiciones de empleo, incrementar la remuneraci\u00f3n o ampliar la capacidad de toma de decisiones de los mismos trabajadores y trabajadoras.<\/p>\n<p>Segundo: mejorar el acceso de personas marginadas como consumidores de turismo. Se destaca la importante contribuci\u00f3n de formas de turismo social (preocupado en los sectores de las clases trabajadoras y de menores recursos) o del turismo accesible (pensado para personas con alg\u00fan tipo de discapacidad) para ampliar las posibilidades de que determinados segmentos de la poblaci\u00f3n puedan disfrutar del turismo.<\/p>\n<p>Adem\u00e1s, se se\u00f1ala la importancia de promover el turismo interno, como forma de generar actividad econ\u00f3mica, especialmente en \u00e1reas no frecuentadas por el turismo internacional, pero tambi\u00e9n como una posibilidad de promover otros beneficios de \u00edndole social.<\/p>\n<p>Tercero: ampliar los lugares en los que tiene lugar el turismo. Espacios no frecuentados habitualmente por los turistas, como pueden ser barrios con escasos recursos, pueden ser imaginados desde la perspectiva del turismo inclusivo como nuevos atractivos.<\/p>\n<p>Esto puede facilitar la posibilidad de conocer nuevas realidades de forma m\u00e1s matizada y compleja, pero tambi\u00e9n proporcionar nuevas posibilidades de inserci\u00f3n socioecon\u00f3mica para algunas personas. Esta apuesta no est\u00e1 exenta de riesgos, de los que los mismos autores alertan, desde el vouyerismo a la estigmatizaci\u00f3n de los pobres, o la explotaci\u00f3n y comercializaci\u00f3n de la pobreza, como en ocasiones ha supuesto el slum tourism.<\/p>\n<p>Por ello, los autores, defienden, que es clave c\u00f3mo se gestione esta ampliaci\u00f3n del espacio tur\u00edstico, bajo qu\u00e9 criterios y en beneficio de qui\u00e9n.<\/p>\n<p>Cuarto: ampliar la participaci\u00f3n en la toma de decisiones tur\u00edsticas. Hay que enfrentar un problema en ascenso: las grandes corporaciones tienen cada vez m\u00e1s poder sobre el desarrollo tur\u00edstico.<\/p>\n<p>Guiadas por la l\u00f3gica de maximizar beneficios, es dif\u00edcil confiar que las propuestas de autoregulaci\u00f3n y Responsabilidad Social Empresarial de estas corporaciones puedan responder a intereses sociales m\u00e1s amplios, cuando ellas son adem\u00e1s responsables del incremento de la desigualdad y de la pobreza. Es por ello por lo que los autores proponen que m\u00e1s que medidas de car\u00e1cter voluntario lo que hay que ampliar es la capacidad de regulaci\u00f3n p\u00fablica de sus actividades. Solo de este modo se podr\u00e1 garantizar una mayor participaci\u00f3n social en la toma de decisiones sobre el turismo.<\/p>\n<p>Quinto: promover la comprensi\u00f3n y el respeto mutuo entre poblaci\u00f3n anfitriona y turistas.<\/p>\n<p>Se propone valorar la potencialidad del turismo tambi\u00e9n como generador de beneficios sociales, como una mayor integraci\u00f3n entre territorios, reconocimiento social de ciertos colectivos, integraci\u00f3n de sectores marginados o fortalecer lazos sociales entre miembros de comunidades o familias extensas.<\/p>\n<p>El problema se plantea bajo qu\u00e9 condiciones se puede producir estas din\u00e1micas en los t\u00e9rminos esperados.<\/p>\n<p>Sexto: garantizar una representaci\u00f3n digna y apropiada de los colectivos tur\u00edsticos involucrados. Una de las cr\u00edticas recurrentes al turismo es su tendencia a mostrar una imagen ex\u00f3tica del \u201cotro\u201d, tratado como objeto.<\/p>\n<p>La b\u00fasqueda de interacciones \u201caut\u00e9nticas\u201d se vuelven, como explic\u00f3 Dean MacCannell en varios de sus trabajos susceptibles a la comercializaci\u00f3n y mercantilizaci\u00f3n. De este modo, uno de los objetivos del turismo inclusivo es encontrar formas de desarrollo con las que las comunidades de acogida puedan representarse a s\u00ed mismas de la manera que consideren apropiada y digna.<\/p>\n<p>S\u00e9ptimo: desafiar las relaciones de poder dominantes. Las transformaciones que pueden promover las din\u00e1micas que acabamos de mencionar pueden contribuir potencialmente a una transformaci\u00f3n de las relaciones de poder dentro del turismo.<\/p>\n<p>A pesar de las resistencias corporativas, existen ejemplos de transformaci\u00f3n en la vida social y econ\u00f3mica a trav\u00e9s de los cuales personas empobrecidas o marginadas han podido acceder al turismo en t\u00e9rminos equitativos.<\/p>\n<p>As\u00ed que mientras los especialistas debaten el tema, Rub\u00e9n Gerardo Corona Gonz\u00e1lez, subsecretario de Innovaci\u00f3n y Desarrollo Tur\u00edstico de la Sectur, destac\u00f3 que las artesan\u00edas son una fuente de motivaci\u00f3n para que los turistas nacionales e internacionales visiten los destinos de M\u00e9xico; toda vez que subray\u00f3 que el objetivo de difundir y conservar el patrimonio hist\u00f3rico y art\u00edstico de nuestro pa\u00eds, que se produce en las diferentes regiones, es un compromiso del gobierno de la Rep\u00fablica, para fortalecer la actividad tur\u00edstica<\/p>\n<p>Al inaugurar la exposici\u00f3n \u201cPlasmando tradiciones, manos que transforman\u201d, organizada por el Fondo Nacional para el Fomento de las Artesan\u00edas (FONART), el funcionario de la Sectur dijo que la finalidad de esta muestra es promover la cultura, las tradiciones y las artesan\u00edas que tiene nuestro pa\u00eds, \u201csin duda alguna, espacios como \u00e9ste benefician la econom\u00eda de los artesanos y fortalece la econom\u00eda de nuestro pa\u00eds\u201d.<\/p>\n<p>En este sentido, Gerardo Corona Gonz\u00e1lez destac\u00f3 que de acuerdo al convenio de colaboraci\u00f3n entre Sectur y FONART, el movimiento nacional por el turismo \u201cViajemos Todos por M\u00e9xico\u201d (VTXM) est\u00e1 trabajando en la difusi\u00f3n de las rutas entre los operadores tur\u00edsticos que participan en el movimiento con la intenci\u00f3n de empezar a comercializarlas y hacer de ellas nuevos atractivos tur\u00edsticos.<\/p>\n<p>\u201cLa participaci\u00f3n de FONART en el marco de la Feria de Pueblos M\u00e1gicos, no s\u00f3lo nos permite mostrar la riqueza artesanal de los Pueblos M\u00e1gicos sino de todo M\u00e9xico\u201d, dijo el subsecretario de la Sectur; empero lo anterior, ser\u00e1 motivo de posterior an\u00e1lisis en otra entrega de <strong><em>Hora 14<\/em><\/strong>.<\/p>\n<p><em><a href=\"mailto:%20mauricio_conde@msn.com\" target=\"_blank\" rel=\"noopener\">mauricioconde59@outlook.com<\/a><\/em><\/p>\n","protected":false},"excerpt":{"rendered":"<p><span style=\"color: #005497;\"><strong>Mauricio Conde Olivares<\/strong><\/span><\/p>\n","protected":false},"author":3,"featured_media":0,"comment_status":"open","ping_status":"open","sticky":false,"template":"","format":"standard","meta":{"_monsterinsights_skip_tracking":false,"_monsterinsights_sitenote_active":false,"_monsterinsights_sitenote_note":"","_monsterinsights_sitenote_category":0,"footnotes":""},"categories":[35889],"tags":[43712,43674,44860],"class_list":["post-366850","post","type-post","status-publish","format-standard","hentry","category-mauricio-conde-olivares","tag-mauricio-conde-olivares","tag-opinion","tag-hora-14"],"_links":{"self":[{"href":"https:\/\/www.diarioimagen.net\/index.php?rest_route=\/wp\/v2\/posts\/366850","targetHints":{"allow":["GET"]}}],"collection":[{"href":"https:\/\/www.diarioimagen.net\/index.php?rest_route=\/wp\/v2\/posts"}],"about":[{"href":"https:\/\/www.diarioimagen.net\/index.php?rest_route=\/wp\/v2\/types\/post"}],"author":[{"embeddable":true,"href":"https:\/\/www.diarioimagen.net\/index.php?rest_route=\/wp\/v2\/users\/3"}],"replies":[{"embeddable":true,"href":"https:\/\/www.diarioimagen.net\/index.php?rest_route=%2Fwp%2Fv2%2Fcomments&post=366850"}],"version-history":[{"count":0,"href":"https:\/\/www.diarioimagen.net\/index.php?rest_route=\/wp\/v2\/posts\/366850\/revisions"}],"wp:attachment":[{"href":"https:\/\/www.diarioimagen.net\/index.php?rest_route=%2Fwp%2Fv2%2Fmedia&parent=366850"}],"wp:term":[{"taxonomy":"category","embeddable":true,"href":"https:\/\/www.diarioimagen.net\/index.php?rest_route=%2Fwp%2Fv2%2Fcategories&post=366850"},{"taxonomy":"post_tag","embeddable":true,"href":"https:\/\/www.diarioimagen.net\/index.php?rest_route=%2Fwp%2Fv2%2Ftags&post=366850"}],"curies":[{"name":"wp","href":"https:\/\/api.w.org\/{rel}","templated":true}]}}