{"id":366967,"date":"2018-03-06T00:10:34","date_gmt":"2018-03-06T06:10:34","guid":{"rendered":"http:\/\/www.diarioimagen.net\/?p=366967"},"modified":"2018-03-06T04:37:42","modified_gmt":"2018-03-06T10:37:42","slug":"refuerzan-revision-de-unidades-en-paradero-cuatro-caminos","status":"publish","type":"post","link":"https:\/\/www.diarioimagen.net\/?p=366967","title":{"rendered":"Refuerzan revisi\u00f3n de unidades en paradero Cuatro Caminos"},"content":{"rendered":"<ul>\n<li><strong><em>Al corral\u00f3n, 234 veh\u00edculos de transporte p\u00fablico<\/em><\/strong><\/li>\n<\/ul>\n<p>&nbsp;<\/p>\n<div id=\"attachment_367019\" style=\"width: 470px\" class=\"wp-caption aligncenter\"><a href=\"http:\/\/www.diarioimagen.net\/?attachment_id=367019\" rel=\"attachment wp-att-367019\"><img loading=\"lazy\" decoding=\"async\" aria-describedby=\"caption-attachment-367019\" class=\"size-large wp-image-367019\" src=\"http:\/\/www.diarioimagen.net\/wp-content\/uploads\/2018\/03\/PARADERO-3320-460x259.jpg\" alt=\"\" width=\"460\" height=\"259\" srcset=\"https:\/\/www.diarioimagen.net\/wp-content\/uploads\/2018\/03\/PARADERO-3320-460x259.jpg 460w, https:\/\/www.diarioimagen.net\/wp-content\/uploads\/2018\/03\/PARADERO-3320-240x135.jpg 240w, https:\/\/www.diarioimagen.net\/wp-content\/uploads\/2018\/03\/PARADERO-3320-235x132.jpg 235w, https:\/\/www.diarioimagen.net\/wp-content\/uploads\/2018\/03\/PARADERO-3320-202x114.jpg 202w, https:\/\/www.diarioimagen.net\/wp-content\/uploads\/2018\/03\/PARADERO-3320-350x196.jpg 350w, https:\/\/www.diarioimagen.net\/wp-content\/uploads\/2018\/03\/PARADERO-3320-220x123.jpg 220w, https:\/\/www.diarioimagen.net\/wp-content\/uploads\/2018\/03\/PARADERO-3320-237x132.jpg 237w, https:\/\/www.diarioimagen.net\/wp-content\/uploads\/2018\/03\/PARADERO-3320.jpg 480w\" sizes=\"auto, (max-width: 460px) 100vw, 460px\" \/><\/a><p id=\"caption-attachment-367019\" class=\"wp-caption-text\">Fueron remitidas 234 unidades al corral\u00f3n, principalmente por no tener concesi\u00f3n, prestar el servicio sin seguro de viajero y no portar la calcoman\u00eda de verificaci\u00f3n ambiental.<\/p><\/div>\n<p>&nbsp;<\/p>\n<p><strong>Naucalpan, Estado de M\u00e9xico<\/strong>.- En la primera semana del operativo permanente contra el transporte irregular en el Centro de Transferencias Multimodal del Toreo Cuatro Caminos, fueron remitidas 234 unidades de transporte p\u00fablico al corral\u00f3n, principalmente por no tener concesi\u00f3n, prestar el servicio sin seguro de viajero, no portar la calcoman\u00eda de verificaci\u00f3n ambiental y porque los operadores no contaban con licencia de conducir.<\/p>\n<p>Durante el operativo, en el que participan de manera conjunta la Secretar\u00eda de Movilidad, la Secretar\u00eda de Seguridad y la Fiscal\u00eda General de Justicia del Estado de M\u00e9xico, tambi\u00e9n fueron remitidas al Ministerio P\u00fablico 11 personas por manejar bajo los influjos del alcohol y drogas, as\u00ed como seis presuntos delincuentes por falsificar documentos oficiales.<\/p>\n<p>En \u00e9sta, que es la segunda fase del operativo conjunto del paradero de Cuatro Caminos, se busca el ordenamiento del transporte p\u00fablico, mejorar la movilidad de la zona y reforzar la seguridad, adem\u00e1s se revisaron los documentos de casi mil 500 unidades de transporte p\u00fablico, entre camiones, vagonetas y combis.<\/p>\n<p>Se levantaron 87 infracciones debido a que los operadores hicieron paradas o se estacionaron en lugares prohibidos; asimismo, con pleno respeto a los derechos humanos, se solicit\u00f3 la colaboraci\u00f3n de mil 608 usuarios para que se revisaran sus pertenencias y decomisar armas de fuego o estupefacientes.<\/p>\n<p>El Secretario de Movilidad, Raymundo Mart\u00ednez Carbajal reiter\u00f3 el compromiso del gobernador Alfredo Del Mazo de continuar con estos operativos para mejorar sustancialmente el servicio y disminuir los tiempos\u00a0 de traslado de las m\u00e1s de 2.2 millones de personas, quienes se transportan todos los d\u00edas del Estado de M\u00e9xico a la Ciudad de M\u00e9xico y viceversa.<\/p>\n<p>Se\u00f1al\u00f3 que en muchos casos se llegan a perder hasta dos horas en su recorrido y agreg\u00f3 que la instrucci\u00f3n del gobernador del Estado de M\u00e9xico es mejorar la calidad de vida de los ciudadanos.<\/p>\n<p>\u201cEstos operativos se reforzar\u00e1n y ser\u00e1n permanentes en la zona del paradero de Cuatro Caminos. Las unidades de transporte p\u00fablico ser\u00e1n revisadas para detectar a las que operan de manera irregular y realizar las acciones correspondientes para que cumplan con todos los lineamientos que se establecen en materia de movilidad\u201d, puntualiz\u00f3.<\/p>\n<p>Expres\u00f3 que el prop\u00f3sito es que operen sin ninguna restricci\u00f3n, pues aquellas que no est\u00e9n en condiciones de circular, ya sea porque tienen m\u00e1s de 10 a\u00f1os de antig\u00fcedad o porque su concesi\u00f3n ya venci\u00f3, y no hay posibilidad de renovarla, ser\u00e1n dadas de baja de manera definitiva.<\/p>\n<p>Adem\u00e1s, se est\u00e1 estudiando la posibilidad de\u00a0 hacer cambios en las vialidades para disminuir los conflictos vehiculares, se\u00f1al\u00f3.<\/p>\n<p>Al presentar los avances del operativo en Cuatro Caminos, Mart\u00ednez Carbajal reconoci\u00f3 que algunos transportistas est\u00e1n inconformes con las medidas que se est\u00e1n tomando para mejorar la seguridad y la movilidad en este centro neur\u00e1lgico, en el cual transitan todos los d\u00edas m\u00e1s de 600 mil personas y m\u00e1s de ocho mil 500 unidades.<\/p>\n<p>Sin embargo, la gran mayor\u00eda de los concesionarios est\u00e1n de acuerdo en colaborar en el ordenamiento, porque tambi\u00e9n les afecta la irregularidad, la inseguridad y el tiempo que se pierde para entrar y salir del paradero, refiri\u00f3 Mart\u00ednez Carbajal.<\/p>\n<p>Subray\u00f3 que el Estado de M\u00e9xico reitera su compromiso de trabajar con las autoridades de los tres \u00f3rdenes de gobierno, adem\u00e1s exhorta a la poblaci\u00f3n a denunciar cualquier hecho delictivo a trav\u00e9s del 911 o denuncia de forma an\u00f3nima en el 089.<\/p>\n","protected":false},"excerpt":{"rendered":"<p>En la primera semana del operativo permanente contra el transporte irregular en el Centro de Transferencias Multimodal del Toreo Cuatro Caminos, fueron remitidas 234 unidades de transporte p\u00fablico al corral\u00f3n, principalmente por no tener concesi\u00f3n, prestar el servicio sin seguro de viajero, no portar la calcoman\u00eda de verificaci\u00f3n ambiental y porque los operadores no contaban con licencia de conducir.<\/p>\n","protected":false},"author":3,"featured_media":367019,"comment_status":"open","ping_status":"open","sticky":false,"template":"","format":"standard","meta":{"_monsterinsights_skip_tracking":false,"_monsterinsights_sitenote_active":false,"_monsterinsights_sitenote_note":"","_monsterinsights_sitenote_category":0,"footnotes":""},"categories":[5],"tags":[71458,43675,970],"class_list":["post-366967","post","type-post","status-publish","format-standard","has-post-thumbnail","hentry","category-estado-de-mexico","tag-centro-de-transferencias-multimodal-del-toreo-cuatro-caminos","tag-estado-de-mexico","tag-naucalpan"],"_links":{"self":[{"href":"https:\/\/www.diarioimagen.net\/index.php?rest_route=\/wp\/v2\/posts\/366967","targetHints":{"allow":["GET"]}}],"collection":[{"href":"https:\/\/www.diarioimagen.net\/index.php?rest_route=\/wp\/v2\/posts"}],"about":[{"href":"https:\/\/www.diarioimagen.net\/index.php?rest_route=\/wp\/v2\/types\/post"}],"author":[{"embeddable":true,"href":"https:\/\/www.diarioimagen.net\/index.php?rest_route=\/wp\/v2\/users\/3"}],"replies":[{"embeddable":true,"href":"https:\/\/www.diarioimagen.net\/index.php?rest_route=%2Fwp%2Fv2%2Fcomments&post=366967"}],"version-history":[{"count":0,"href":"https:\/\/www.diarioimagen.net\/index.php?rest_route=\/wp\/v2\/posts\/366967\/revisions"}],"wp:featuredmedia":[{"embeddable":true,"href":"https:\/\/www.diarioimagen.net\/index.php?rest_route=\/wp\/v2\/media\/367019"}],"wp:attachment":[{"href":"https:\/\/www.diarioimagen.net\/index.php?rest_route=%2Fwp%2Fv2%2Fmedia&parent=366967"}],"wp:term":[{"taxonomy":"category","embeddable":true,"href":"https:\/\/www.diarioimagen.net\/index.php?rest_route=%2Fwp%2Fv2%2Fcategories&post=366967"},{"taxonomy":"post_tag","embeddable":true,"href":"https:\/\/www.diarioimagen.net\/index.php?rest_route=%2Fwp%2Fv2%2Ftags&post=366967"}],"curies":[{"name":"wp","href":"https:\/\/api.w.org\/{rel}","templated":true}]}}