{"id":366972,"date":"2018-03-06T00:11:32","date_gmt":"2018-03-06T06:11:32","guid":{"rendered":"http:\/\/www.diarioimagen.net\/?p=366972"},"modified":"2018-03-07T02:00:51","modified_gmt":"2018-03-07T08:00:51","slug":"urge-transformar-la-cdmx-en-ciudad-inteligente-carpinteyro","status":"publish","type":"post","link":"https:\/\/www.diarioimagen.net\/?p=366972","title":{"rendered":"Urge transformar la CDMX en  ciudad inteligente: Carpinteyro"},"content":{"rendered":"<ul>\n<li><em><strong>Precandidata de Nueva Alianza al gobierno capitalino<\/strong><\/em><\/li>\n<li><em><strong>Hay que visualizar su funcionamiento para dentro 10 y 50 a\u00f1os, afirma<\/strong><\/em><\/li>\n<\/ul>\n<h6>Alejo S\u00e1nchez Cano<\/h6>\n<p>&nbsp;<\/p>\n<div id=\"attachment_367025\" style=\"width: 470px\" class=\"wp-caption aligncenter\"><a href=\"http:\/\/www.diarioimagen.net\/?attachment_id=367025\" rel=\"attachment wp-att-367025\"><img loading=\"lazy\" decoding=\"async\" aria-describedby=\"caption-attachment-367025\" class=\"size-large wp-image-367025\" src=\"http:\/\/www.diarioimagen.net\/wp-content\/uploads\/2018\/03\/CARPINTEYRO-3320-460x259.jpg\" alt=\"\" width=\"460\" height=\"259\" srcset=\"https:\/\/www.diarioimagen.net\/wp-content\/uploads\/2018\/03\/CARPINTEYRO-3320-460x259.jpg 460w, https:\/\/www.diarioimagen.net\/wp-content\/uploads\/2018\/03\/CARPINTEYRO-3320-240x135.jpg 240w, https:\/\/www.diarioimagen.net\/wp-content\/uploads\/2018\/03\/CARPINTEYRO-3320-235x132.jpg 235w, https:\/\/www.diarioimagen.net\/wp-content\/uploads\/2018\/03\/CARPINTEYRO-3320-202x114.jpg 202w, https:\/\/www.diarioimagen.net\/wp-content\/uploads\/2018\/03\/CARPINTEYRO-3320-350x196.jpg 350w, https:\/\/www.diarioimagen.net\/wp-content\/uploads\/2018\/03\/CARPINTEYRO-3320-220x123.jpg 220w, https:\/\/www.diarioimagen.net\/wp-content\/uploads\/2018\/03\/CARPINTEYRO-3320-237x132.jpg 237w, https:\/\/www.diarioimagen.net\/wp-content\/uploads\/2018\/03\/CARPINTEYRO-3320.jpg 480w\" sizes=\"auto, (max-width: 460px) 100vw, 460px\" \/><\/a><p id=\"caption-attachment-367025\" class=\"wp-caption-text\">Purificaci\u00f3n Carpinteyro C\u00e1rdenas, precandidata del Partido Nueva Alianza, piensa gobernar la Ciudad de M\u00e9xico con ideas de vanguardia, de ganar la elecci\u00f3n.<\/p><\/div>\n<p>&nbsp;<\/p>\n<p>Hay que resolver los problemas que actualmente tiene la CDMX y tambi\u00e9n hay que visualizar su funcionamiento para dentro 10 y 50 a\u00f1os.\u00a0 As\u00ed, con ideas de vanguardia, Purificaci\u00f3n Carpinteyro C\u00e1rdenas, precandidata del Partido Nueva Alianza, piensa gobernar en caso de ganar la elecci\u00f3n para la jefatura de gobierno de la Ciudad de M\u00e9xico.<\/p>\n<p>En entrevista, la ex directora de Correos de M\u00e9xico, nos coment\u00f3 que \u00e9sta es una oportunidad de oro para cambiar el destino de la capital, ya que \u201cno podemos seguir con los mismos discursos de hace 20 a\u00f1os\u201d.<\/p>\n<p>Experta en tecnolog\u00edas de la informaci\u00f3n y comprometida con la educaci\u00f3n y el desarrollo sustentable, \u201cPuri\u201d,\u00a0 como la llaman sus amistades, est\u00e1 entusiasmada para no s\u00f3lo ser competitiva, sino buscar dar la sorpresa en las\u00a0 elecciones del 1 de julio.<\/p>\n<p>ASC. \u00bfCu\u00e1l es tu visi\u00f3n sobre la CDMX?<\/p>\n<p>PCC. Los funcionarios de ahora tienen que pensar en t\u00e9rminos de lo que va a suceder dentro de 10 a\u00f1os y m\u00e1s all\u00e1. Yo veo a la capital del pa\u00eds como ciudad inteligente, donde se apliquen las tecnolog\u00edas de la informaci\u00f3n para solucionar los problemas de inseguridad, creaci\u00f3n de empleos, mejora en los servicios p\u00fablicos, entre otros.\u00a0 Eso es lo que tienen qu\u00e9 hacer. Hay que buscar a los desarrolladores tecnol\u00f3gicos y\u00a0 planear el desarrollo de la ciudad, dando soluci\u00f3n,\u00a0 con la ayuda de la tecnolog\u00eda e ideas innovadoras.<\/p>\n<p>Hay que pensar en un gobierno que asegure la cobertura total en servicios de internet, esto como un planteamiento b\u00e1sico para empezar a transformar la CDMX en lo que debe ser una ciudad inteligente.<\/p>\n<p>ASC. \u00bfHay condiciones y recursos para aterrizar proyectos de gran alcance tecnol\u00f3gico?<\/p>\n<p>PCC. Hay que echar mano de recursos de organizaciones mundiales. En la presente administraci\u00f3n se perdieron recursos de ese tipo,\u00a0 por ejemplo, para el sistema de aguas, por una mala licitaci\u00f3n y falta de transparencia, por lo que hay que insistir para alcanzar la meta propuesta. Yo tengo la experiencia y el conocimiento financiero para lograrlo.<\/p>\n<p>La tecnolog\u00eda tambi\u00e9n puede ayudar a la mejor aplicaci\u00f3n y seguimiento de los recursos p\u00fablicos, para que puntualmente la gente sepa c\u00f3mo se est\u00e1 gastando o de qu\u00e9 manera impacta en las necesidades citadinas. Ese debe ser otro objetivo de la ciudad de la informaci\u00f3n\u00a0 inteligente.<\/p>\n<p>En relaci\u00f3n a la generaci\u00f3n de empleos,\u00a0 creo que se debe\u00a0 capacitar a la gente sobre\u00a0 c\u00f3mo usar la tecnolog\u00eda de la informaci\u00f3n.\u00a0 Al\u00a0 principio, los entusiasma y les da esperanza.\u00a0 Luego\u00a0\u00a0\u00a0 de seis meses, est\u00e1n capacitados para aplicar sus conocimientos e incorporarse al mercado laboral.<\/p>\n<p>ASC. \u00bfC\u00f3mo est\u00e1 Nueva Alianza en las preferencias ciudadanas y como ves a tus adversarios pol\u00edticos?<\/p>\n<p>PCC. Reconozco que andamos bajos en las preferencias electorales en la capital, pero esto obedece a que llevo apenas una semana como precandidata y espero muy pronto remontar ese escenario adverso. Hay un 40% de indecisos, y voy por ellos, porque son quienes quieren algo diferente y ya est\u00e1n hartos de los pol\u00edticos tradicionales.<\/p>\n<p>Claudia Sheinbaum no opina y no hace nada que contradiga el mensaje de su jefe; Alejandra Barrales es una pol\u00edtica h\u00e1bil, pero\u00a0 no ha dejado muestra alguna de que sepa gobernar. Y de Mikel Arriola, es un pol\u00edtico verde, le falta crecer, y en todo caso es loable su sacrificio por ganar algunos votos<\/p>\n<p>ASC. \u00bfQu\u00e9 opinas de Elba Esther Gordillo?<\/p>\n<p>PCC. Ella y sus familiares\u00a0 est\u00e1n con Morena. Yo estoy con el magisterio y voy por la jefatura del gobierno de la Ciudad de M\u00e9xico.<\/p>\n","protected":false},"excerpt":{"rendered":"<p>Hay que resolver los problemas que actualmente tiene la CDMX y tambi\u00e9n hay que visualizar su funcionamiento para dentro 10 y 50 a\u00f1os.  As\u00ed, con ideas de vanguardia, Purificaci\u00f3n Carpinteyro C\u00e1rdenas, precandidata del Partido Nueva Alianza, piensa gobernar en caso de ganar la elecci\u00f3n para la jefatura de gobierno de la Ciudad de M\u00e9xico.<\/p>\n","protected":false},"author":3,"featured_media":367025,"comment_status":"open","ping_status":"open","sticky":false,"template":"","format":"standard","meta":{"_monsterinsights_skip_tracking":false,"_monsterinsights_sitenote_active":false,"_monsterinsights_sitenote_note":"","_monsterinsights_sitenote_category":0,"footnotes":""},"categories":[6],"tags":[22551,204,71459],"class_list":["post-366972","post","type-post","status-publish","format-standard","has-post-thumbnail","hentry","category-cd-de-mexico","tag-candidata","tag-ciudad-de-mexico","tag-purificacion-carpinteyro-cardenas"],"_links":{"self":[{"href":"https:\/\/www.diarioimagen.net\/index.php?rest_route=\/wp\/v2\/posts\/366972","targetHints":{"allow":["GET"]}}],"collection":[{"href":"https:\/\/www.diarioimagen.net\/index.php?rest_route=\/wp\/v2\/posts"}],"about":[{"href":"https:\/\/www.diarioimagen.net\/index.php?rest_route=\/wp\/v2\/types\/post"}],"author":[{"embeddable":true,"href":"https:\/\/www.diarioimagen.net\/index.php?rest_route=\/wp\/v2\/users\/3"}],"replies":[{"embeddable":true,"href":"https:\/\/www.diarioimagen.net\/index.php?rest_route=%2Fwp%2Fv2%2Fcomments&post=366972"}],"version-history":[{"count":0,"href":"https:\/\/www.diarioimagen.net\/index.php?rest_route=\/wp\/v2\/posts\/366972\/revisions"}],"wp:featuredmedia":[{"embeddable":true,"href":"https:\/\/www.diarioimagen.net\/index.php?rest_route=\/wp\/v2\/media\/367025"}],"wp:attachment":[{"href":"https:\/\/www.diarioimagen.net\/index.php?rest_route=%2Fwp%2Fv2%2Fmedia&parent=366972"}],"wp:term":[{"taxonomy":"category","embeddable":true,"href":"https:\/\/www.diarioimagen.net\/index.php?rest_route=%2Fwp%2Fv2%2Fcategories&post=366972"},{"taxonomy":"post_tag","embeddable":true,"href":"https:\/\/www.diarioimagen.net\/index.php?rest_route=%2Fwp%2Fv2%2Ftags&post=366972"}],"curies":[{"name":"wp","href":"https:\/\/api.w.org\/{rel}","templated":true}]}}