{"id":366991,"date":"2018-03-06T00:08:48","date_gmt":"2018-03-06T06:08:48","guid":{"rendered":"http:\/\/www.diarioimagen.net\/?p=366991"},"modified":"2018-03-06T04:29:56","modified_gmt":"2018-03-06T10:29:56","slug":"cursos-y-acciones-de-seguridad-preventiva-en-cuautitlan-izcalli","status":"publish","type":"post","link":"https:\/\/www.diarioimagen.net\/?p=366991","title":{"rendered":"Cursos y acciones de seguridad preventiva en Cuautitl\u00e1n Izcalli"},"content":{"rendered":"<ul>\n<li><strong><em>Capacitan a polic\u00edas y a vecinos<\/em><\/strong><\/li>\n<\/ul>\n<p>&nbsp;<\/p>\n<div id=\"attachment_367084\" style=\"width: 470px\" class=\"wp-caption aligncenter\"><a href=\"http:\/\/www.diarioimagen.net\/?attachment_id=367084\" rel=\"attachment wp-att-367084\"><img loading=\"lazy\" decoding=\"async\" aria-describedby=\"caption-attachment-367084\" class=\"size-large wp-image-367084\" src=\"http:\/\/www.diarioimagen.net\/wp-content\/uploads\/2018\/03\/CUAUTITLAN-3320-460x259.jpg\" alt=\"\" width=\"460\" height=\"259\" srcset=\"https:\/\/www.diarioimagen.net\/wp-content\/uploads\/2018\/03\/CUAUTITLAN-3320-460x259.jpg 460w, https:\/\/www.diarioimagen.net\/wp-content\/uploads\/2018\/03\/CUAUTITLAN-3320-240x135.jpg 240w, https:\/\/www.diarioimagen.net\/wp-content\/uploads\/2018\/03\/CUAUTITLAN-3320-235x132.jpg 235w, https:\/\/www.diarioimagen.net\/wp-content\/uploads\/2018\/03\/CUAUTITLAN-3320-202x114.jpg 202w, https:\/\/www.diarioimagen.net\/wp-content\/uploads\/2018\/03\/CUAUTITLAN-3320-350x196.jpg 350w, https:\/\/www.diarioimagen.net\/wp-content\/uploads\/2018\/03\/CUAUTITLAN-3320-220x123.jpg 220w, https:\/\/www.diarioimagen.net\/wp-content\/uploads\/2018\/03\/CUAUTITLAN-3320-237x132.jpg 237w, https:\/\/www.diarioimagen.net\/wp-content\/uploads\/2018\/03\/CUAUTITLAN-3320.jpg 480w\" sizes=\"auto, (max-width: 460px) 100vw, 460px\" \/><\/a><p id=\"caption-attachment-367084\" class=\"wp-caption-text\">Entre enero y febrero de 2018 se realizaron 50,436 acciones de seguridad p\u00fablica sobre Prevenci\u00f3n del Delito que se impartieron a 43,505 personas.<\/p><\/div>\n<p>&nbsp;<\/p>\n<p><strong>Cuautitl\u00e1n Izcalli, Estado de M\u00e9xico<\/strong>.- La Comisar\u00eda de Seguridad P\u00fablica y Tr\u00e1nsito de Cuautitl\u00e1n Izcalli ha efectuado m\u00e1s de 5 mil 800 cursos-talleres sobre Prevenci\u00f3n del Delito y 23 campa\u00f1as de la misma materia, ambas dirigidas a reducir la comisi\u00f3n de il\u00edcitos que m\u00e1s afectan a los izcallenses, y en funci\u00f3n de cumplir con una de las tareas prioritarias para la presente administraci\u00f3n.<\/p>\n<p>En los dos meses de este 2018, la instancia encargada de la seguridad ha realizado diversas acciones como operativos de seguridad, sesiones de capacitaci\u00f3n, reuniones vecinales, dispositivos, como\u00a0 \u201cMochila Segura\u201d, educaci\u00f3n vial, aseguramientos y puestas a disposici\u00f3n ante ministerios p\u00fablico estatal y federal.<\/p>\n<p>Entre enero y febrero de 2018 se realizaron 50,436 acciones de seguridad p\u00fablica; los\u00a0 cursos-talleres sobre Prevenci\u00f3n del Delito que se impartieron llegaron a 43,505 personas. Por lo que toca a las 23 campa\u00f1as de Prevenci\u00f3n del Delito, los beneficiados fueron 9,970 izcallenses.<\/p>\n<p>En ese empe\u00f1o por reducir \u00edndices delictivos desde la prevenci\u00f3n misma, en beneficio de m\u00e1s de 12,600 personas, se realizaron reuniones vecinales, en las que se escuchan las principales problem\u00e1ticas y se dise\u00f1an estrategias para combatir hechos delictivos propios de las diferentes comunidades. En el tema operativo, Seguridad P\u00fablica present\u00f3 ante el Ministerio P\u00fablico a 786 personas por delitos del fuero com\u00fan, en tanto que 14 asegurados fueron llevados al Ministerio P\u00fablico Federal; se decomisaron 43 armas cortas y 2 largas; 7 armas de balines, 4 de juguete, 2 fulminantes y 70 de las llamadas arma blanca.<\/p>\n<p>En diversos operativos, fueron decomisados 94 envoltorios de coca\u00edna en piedra, 62 de coca\u00edna en polvo, 68 envoltorios de marihuana y 1 tacha.<\/p>\n<p>Habr\u00e1 que destacar que, coordinados con los tres niveles de gobierno y con la participaci\u00f3n de personal del Ej\u00e9rcito M\u00e9xico, Secretar\u00eda de Marina, Polic\u00eda Federal, Polic\u00eda Ministerial de la Procuradur\u00eda General de Justicia del Estado de M\u00e9xico, Polic\u00eda de la Secretaria de Seguridad Ciudadana y Polic\u00eda Municipal, se mantienen en operaci\u00f3n cuatro Bases de Operaci\u00f3n Mixta (BOM).<\/p>\n","protected":false},"excerpt":{"rendered":"<p>La Comisar\u00eda de Seguridad P\u00fablica y Tr\u00e1nsito de Cuautitl\u00e1n Izcalli ha efectuado m\u00e1s de 5 mil 800 cursos-talleres sobre Prevenci\u00f3n del Delito y 23 campa\u00f1as de la misma materia, ambas dirigidas a reducir la comisi\u00f3n de il\u00edcitos que m\u00e1s afectan a los izcallenses, y en funci\u00f3n de cumplir con una de las tareas prioritarias para la presente administraci\u00f3n.<\/p>\n","protected":false},"author":3,"featured_media":367084,"comment_status":"open","ping_status":"open","sticky":false,"template":"","format":"standard","meta":{"_monsterinsights_skip_tracking":false,"_monsterinsights_sitenote_active":false,"_monsterinsights_sitenote_note":"","_monsterinsights_sitenote_category":0,"footnotes":""},"categories":[35155],"tags":[971,43675,71464,43677],"class_list":["post-366991","post","type-post","status-publish","format-standard","has-post-thumbnail","hentry","category-estado-de-mexico-estado-de-mexico","tag-cuautitlan-izcalli","tag-estado-de-mexico","tag-preventiva","tag-seguridad"],"_links":{"self":[{"href":"https:\/\/www.diarioimagen.net\/index.php?rest_route=\/wp\/v2\/posts\/366991","targetHints":{"allow":["GET"]}}],"collection":[{"href":"https:\/\/www.diarioimagen.net\/index.php?rest_route=\/wp\/v2\/posts"}],"about":[{"href":"https:\/\/www.diarioimagen.net\/index.php?rest_route=\/wp\/v2\/types\/post"}],"author":[{"embeddable":true,"href":"https:\/\/www.diarioimagen.net\/index.php?rest_route=\/wp\/v2\/users\/3"}],"replies":[{"embeddable":true,"href":"https:\/\/www.diarioimagen.net\/index.php?rest_route=%2Fwp%2Fv2%2Fcomments&post=366991"}],"version-history":[{"count":0,"href":"https:\/\/www.diarioimagen.net\/index.php?rest_route=\/wp\/v2\/posts\/366991\/revisions"}],"wp:featuredmedia":[{"embeddable":true,"href":"https:\/\/www.diarioimagen.net\/index.php?rest_route=\/wp\/v2\/media\/367084"}],"wp:attachment":[{"href":"https:\/\/www.diarioimagen.net\/index.php?rest_route=%2Fwp%2Fv2%2Fmedia&parent=366991"}],"wp:term":[{"taxonomy":"category","embeddable":true,"href":"https:\/\/www.diarioimagen.net\/index.php?rest_route=%2Fwp%2Fv2%2Fcategories&post=366991"},{"taxonomy":"post_tag","embeddable":true,"href":"https:\/\/www.diarioimagen.net\/index.php?rest_route=%2Fwp%2Fv2%2Ftags&post=366991"}],"curies":[{"name":"wp","href":"https:\/\/api.w.org\/{rel}","templated":true}]}}