{"id":366999,"date":"2018-03-06T00:04:50","date_gmt":"2018-03-06T06:04:50","guid":{"rendered":"http:\/\/www.diarioimagen.net\/?p=366999"},"modified":"2018-03-06T04:38:12","modified_gmt":"2018-03-06T10:38:12","slug":"intensifica-policia-de-metepec-acercamiento-con-la-comunidad","status":"publish","type":"post","link":"https:\/\/www.diarioimagen.net\/?p=366999","title":{"rendered":"Intensifica polic\u00eda de Metepec acercamiento con la comunidad"},"content":{"rendered":"<ul>\n<li><strong><em>Genera confianza en la ciudadan\u00eda<\/em><\/strong><\/li>\n<\/ul>\n<p>&nbsp;<\/p>\n<div id=\"attachment_367096\" style=\"width: 470px\" class=\"wp-caption aligncenter\"><a href=\"http:\/\/www.diarioimagen.net\/?attachment_id=367096\" rel=\"attachment wp-att-367096\"><img loading=\"lazy\" decoding=\"async\" aria-describedby=\"caption-attachment-367096\" class=\"size-large wp-image-367096\" src=\"http:\/\/www.diarioimagen.net\/wp-content\/uploads\/2018\/03\/METEPEC-3320-460x259.jpg\" alt=\"\" width=\"460\" height=\"259\" srcset=\"https:\/\/www.diarioimagen.net\/wp-content\/uploads\/2018\/03\/METEPEC-3320-460x259.jpg 460w, https:\/\/www.diarioimagen.net\/wp-content\/uploads\/2018\/03\/METEPEC-3320-240x135.jpg 240w, https:\/\/www.diarioimagen.net\/wp-content\/uploads\/2018\/03\/METEPEC-3320-235x132.jpg 235w, https:\/\/www.diarioimagen.net\/wp-content\/uploads\/2018\/03\/METEPEC-3320-202x114.jpg 202w, https:\/\/www.diarioimagen.net\/wp-content\/uploads\/2018\/03\/METEPEC-3320-350x196.jpg 350w, https:\/\/www.diarioimagen.net\/wp-content\/uploads\/2018\/03\/METEPEC-3320-220x123.jpg 220w, https:\/\/www.diarioimagen.net\/wp-content\/uploads\/2018\/03\/METEPEC-3320-237x132.jpg 237w, https:\/\/www.diarioimagen.net\/wp-content\/uploads\/2018\/03\/METEPEC-3320.jpg 480w\" sizes=\"auto, (max-width: 460px) 100vw, 460px\" \/><\/a><p id=\"caption-attachment-367096\" class=\"wp-caption-text\">Elementos de la corporaci\u00f3n de polic\u00eda mantienen permanente cercan\u00eda con la sociedad para coordinar esfuerzos.<\/p><\/div>\n<p>&nbsp;<\/p>\n<p><strong>Metepec, Estado de M\u00e9xico<\/strong>.- Como parte de la estrategia integral de seguridad que lleva a cabo el gobierno de Metepec, elementos de la corporaci\u00f3n de polic\u00eda mantienen permanente cercan\u00eda con la sociedad para coordinar esfuerzos que a fin de preservar el orden y la protecci\u00f3n de las personas y sus bienes.<\/p>\n<p>En escuelas, se realizan actividades reacreativas y educativas as\u00ed como pl\u00e1ticas sobre valores y en el comercio la entrevistas de la polic\u00eda municipal con prestadores de servicios es una imagen cotidiana en todas las delegaciones.<\/p>\n<p>Para vecinos de Metepec ha sido fundamental la presencia de los uniformados pues derivado de ello se atendido con celeridad diversos actos antisociales.<\/p>\n","protected":false},"excerpt":{"rendered":"<p>Como parte de la estrategia integral de seguridad que lleva a cabo el gobierno de Metepec, elementos de la corporaci\u00f3n de polic\u00eda mantienen permanente cercan\u00eda con la sociedad para coordinar esfuerzos que a fin de preservar el orden y la protecci\u00f3n de las personas y sus bienes.<\/p>\n","protected":false},"author":3,"featured_media":367096,"comment_status":"open","ping_status":"open","sticky":false,"template":"","format":"standard","meta":{"_monsterinsights_skip_tracking":false,"_monsterinsights_sitenote_active":false,"_monsterinsights_sitenote_note":"","_monsterinsights_sitenote_category":0,"footnotes":""},"categories":[35155],"tags":[71467,54813,43675,876],"class_list":["post-366999","post","type-post","status-publish","format-standard","has-post-thumbnail","hentry","category-estado-de-mexico-estado-de-mexico","tag-acercamiento","tag-comunidad","tag-estado-de-mexico","tag-metepec"],"_links":{"self":[{"href":"https:\/\/www.diarioimagen.net\/index.php?rest_route=\/wp\/v2\/posts\/366999","targetHints":{"allow":["GET"]}}],"collection":[{"href":"https:\/\/www.diarioimagen.net\/index.php?rest_route=\/wp\/v2\/posts"}],"about":[{"href":"https:\/\/www.diarioimagen.net\/index.php?rest_route=\/wp\/v2\/types\/post"}],"author":[{"embeddable":true,"href":"https:\/\/www.diarioimagen.net\/index.php?rest_route=\/wp\/v2\/users\/3"}],"replies":[{"embeddable":true,"href":"https:\/\/www.diarioimagen.net\/index.php?rest_route=%2Fwp%2Fv2%2Fcomments&post=366999"}],"version-history":[{"count":0,"href":"https:\/\/www.diarioimagen.net\/index.php?rest_route=\/wp\/v2\/posts\/366999\/revisions"}],"wp:featuredmedia":[{"embeddable":true,"href":"https:\/\/www.diarioimagen.net\/index.php?rest_route=\/wp\/v2\/media\/367096"}],"wp:attachment":[{"href":"https:\/\/www.diarioimagen.net\/index.php?rest_route=%2Fwp%2Fv2%2Fmedia&parent=366999"}],"wp:term":[{"taxonomy":"category","embeddable":true,"href":"https:\/\/www.diarioimagen.net\/index.php?rest_route=%2Fwp%2Fv2%2Fcategories&post=366999"},{"taxonomy":"post_tag","embeddable":true,"href":"https:\/\/www.diarioimagen.net\/index.php?rest_route=%2Fwp%2Fv2%2Ftags&post=366999"}],"curies":[{"name":"wp","href":"https:\/\/api.w.org\/{rel}","templated":true}]}}