{"id":367016,"date":"2018-03-06T00:01:59","date_gmt":"2018-03-06T06:01:59","guid":{"rendered":"http:\/\/www.diarioimagen.net\/?p=367016"},"modified":"2018-03-06T01:36:32","modified_gmt":"2018-03-06T07:36:32","slug":"la-poblacion-de-tulum-reclama-acceso-libre-a-playa","status":"publish","type":"post","link":"https:\/\/www.diarioimagen.net\/?p=367016","title":{"rendered":"La poblaci\u00f3n de Tulum reclama acceso libre a playa"},"content":{"rendered":"<h2>Derecho de r\u00e9plica<\/h2>\n<p>&nbsp;<\/p>\n<ul>\n<li><em><strong>A pesar de existir una orden de un juez, se niegan aceptar su fallo<\/strong><\/em><\/li>\n<\/ul>\n<p>&nbsp;<\/p>\n<p>La poblaci\u00f3n de Tulum bloquea y reclama como p\u00fablico el acceso a la Bah\u00eda Akumal y amag\u00f3 con manifestarse el d\u00eda de hoy, en protesta al ayuntamiento por la entrega de la franja de ingreso al hotel de la zona, donde se les cobrar\u00e1 el ingreso.<\/p>\n<p>Con letreros y consignas, los quejosos por un lapso de una hora, se plantaron y obstruyeron el paso con una caseta de informaci\u00f3n, al asegurar que les est\u00e1n violando su derecho a ingresar y trabajar en las playas, desde el mismo lugar que se abri\u00f3 hace tres a\u00f1os como acceso p\u00fablico.<\/p>\n<p>La zona en disputa la entreg\u00f3 el ayuntamiento de Tulum al hotel Club Akumal Caribe, quien la reclam\u00f3 por la v\u00eda legal, con el respaldo de la orden del juez Quinto de Distrito, y se resguard\u00f3 con el apoyo de elementos de la SSP, luego de colocar cinta amarilla en el acceso.<\/p>\n<p>Al reclamar como su propiedad el acceso el hotel Club Akumal Caribe, los quejosos mostraron su inconformidad, ya que se les inform\u00f3 que cobrar\u00edan por el ingreso a todos sin excepci\u00f3n, por tanto se manifestaron y bloquearon dicha zona.<\/p>\n<p>Al respecto, Javier de Anda, abogado de la cadena hotelera, rechaz\u00f3 dicha versi\u00f3n, al alegar que el acceso ser\u00e1 gratuito para los quintanarroenses, empero, s\u00ed se cobra a los turistas desde hace a\u00f1os una cuota de recuperaci\u00f3n de 100 pesos, por el uso de regaderas, seguridad, casilleros y guardavidas.<\/p>\n<p>Con la recuperaci\u00f3n de la propiedad, el representante legal alega que lo \u00fanico que se hizo fue limpiar la zona del ambulantaje, que resulta molesto para el turismo, ya que levantaron puestos en la v\u00eda p\u00fablica e infringir en los derechos de propiedad de los hoteles.<\/p>\n<p style=\"text-align: center;\"><strong>Llamado de CJ a cuidar el turismo<\/strong><\/p>\n<p>Todos los que forman parte de la industria tur\u00edstica est\u00e1n obligados a colaborar con las decisiones que en materia de seguridad se tomen de manera conjunta (federaci\u00f3n y estado) para beneficio de todos, ya que se trata de garantizar a las futuras generaciones un Quintana Roo pr\u00f3spero y seguro.<\/p>\n<p>El gobernador, Carlos Joaqu\u00edn Gonz\u00e1lez, se\u00f1al\u00f3 que hay un plan ya elaborado para atender la seguridad en las terminales mar\u00edtimas, apegado a los protocolos internacionales y que involucra a todos los que forman parte de la industria tur\u00edstica, desde luego a las autoridades de los tres niveles de gobierno.<\/p>\n<p>Precis\u00f3 que este plan de seguridad en las terminales mar\u00edtimas fue elaborado desde hace m\u00e1s de a\u00f1o y medio y que empez\u00f3 a funcionar en aquellos puertos en los que no existe concesi\u00f3n, por lo que habr\u00e1 di\u00e1logo y en estricto apego a la ley se invitar\u00e1 a aquellos concesionarios a integrarse y acatar lo que a nivel federal y estatal se acuerde para el bien de la seguridad de todos y el fortalecimiento de la industria tur\u00edstica.<\/p>\n<p>Este plan de seguridad en puertos mar\u00edtimos contendr\u00e1 todos los protocolos internacionales y nacionales para salvaguardar la integridad de todos aquellos que los utilizan<\/p>\n<p>Se debe privilegiar ante todo la seguridad de visitantes y locales, pero m\u00e1s all\u00e1 de ello, todos estamos obligados a cuidar la industria tur\u00edstica, fortalecerla y asegurar as\u00ed la construcci\u00f3n de un estado fuerte econ\u00f3micamente, pr\u00f3spero y generador de bienestar social a los quintanarroenses, afirm\u00f3 el mandatario.<\/p>\n<p>Hay que cuidar el turismo para las futuras generaciones en un Quintana Roo seguro, se\u00f1al\u00f3.<\/p>\n<p style=\"text-align: center;\"><strong>Luis Torres saluda con sombrero ajeno <\/strong><\/p>\n<p>Con cuatro proyectos -promesas de campa\u00f1a- importantes para la zona sur, que se quedaron en el papel: basurero p\u00fablico municipal, el rastro, la Central de Abastos y el Recinto Fiscalizador, todos ellos para \u201cdetonar\u201d la econom\u00eda local, Luis Torres Llanes solicitar\u00e1 licencia al cabildo el pr\u00f3ximo 30 de marzo y se ir\u00e1 a su campa\u00f1a como diputado federal.<\/p>\n<p>Enarbolando la promesa del \u201ccambio\u201d, en su andar, Luis Torres se dedic\u00f3 a inaugurar bibliotecas, espacios p\u00fablicos \u2013parques y canchas deportivas, as\u00ed como domos y techumbres durante 2017, cuyos recursos federales no gestion\u00f3, sino los hizo la diputada federal por el PRI, Arlet M\u00f3lgora Glover.<\/p>\n<p>Caso concreto es el domo de la escuela primaria de Chetumal, \u201cNi\u00f1os H\u00e9roes de Chapultepec\u201d, donde se invirtieron 1.4 millones de pesos, gesti\u00f3n de la diputada federal y que se asign\u00f3 al municipio, a trav\u00e9s del ramo 23 \u201cFortalecimiento municipal\u201d.<\/p>\n<p>El pasado 14 de diciembre, Luis Torres Llanes y Fernando Zelaya acudieron a la primaria \u201cAndr\u00e9s Quintana Roo\u201d e inauguraron un desayunador escolar, pero en los cl\u00e1sicos discursos, adem\u00e1s de prometer sin cumplir a la fecha una silla de ruedas a un peque\u00f1o, anunciaron la construcci\u00f3n de un techumbre o arcotecho, para dar respuesta a los gritos de los alumnos que ped\u00edan su domo.<\/p>\n<p style=\"text-align: center;\"><strong>Ser vocero o jefe de prensa, un viacrucis <\/strong><\/p>\n<p>Hoy en d\u00eda es muy dif\u00edcil el trabajo de ser jefe de prensa o vocero.<\/p>\n<p>Es una labor incomprendida, desgastante y muchas veces poco valorada por quienes creen que hay una varita m\u00e1gica para componer su imagen o reputaci\u00f3n ante la ciudadan\u00eda, v\u00eda los medios de comunicaci\u00f3n y las redes sociales.<\/p>\n<p>Uno de ellos es el vocero del PRI, Olayo Delgado, quien (dicen las malas lenguas) s\u00f3lo con billete ha podido contener la andanada de cr\u00edticas y verdades que los medios publican de su jefe, el belice\u00f1o Raymundo King de la Rosa.<\/p>\n<p>No hay m\u00e1s qu\u00e9 hacer, que pague lo que debe de publicidad desde 2015, 2016 y 2017, a m\u00e1s de seis diferentes medios impresos y dos televisoras, deje la soberbia y la corrupci\u00f3n a un lado y genere informaci\u00f3n ver\u00eddica de sus actividades y no de sus sue\u00f1os guajiros como dirigente.<\/p>\n<p>Tal es el caso que se dice que la soberbia, desesperaci\u00f3n y al ver su imagen maltrecha por los suelos y con ello la comunicaci\u00f3n institucional, sin el efecto deseado, otros secretarios del gabinete estatal, pidieron cambio de voceros.<\/p>\n<p>En SESA, H\u00e9ctor Sosa releva a Delfio Xool; en SEyC, Dennys Pulido entra por Jorge Cruz Escalante; en la Contralor\u00eda ingresa Martha Ruiz Trigeros por Mar\u00eda Luisa Vargas.<\/p>\n<p>Los vac\u00edos de informaci\u00f3n son eminentes. pero no por culpa de los voceros, sino por decisiones cupulares de los secretarios de cada dependencia. Los cambios se dieron y se esperan m\u00e1s en casi todas las secretar\u00edas estatales, donde el hilo se rompe por lo m\u00e1s delgado: el relevo de voceros.<\/p>\n<p>Entre los voceros preocupados por la gran carga que significa una maltrecha imagen institucional, por las deficiencias en los servicios que se ofrecen, sin duda alguna figura Violeta D\u00edaz, del IMSS, a quien la mayor\u00eda del personal m\u00e9dico no la apoya y siguen cometiendo desatenciones y generando animadversi\u00f3n social de los usuarios hacia el instituto. Violeta D\u00edaz tiene cercan\u00eda con los periodistas, pero la verdad, no se pueden ocultar los casos de presunta negligencia m\u00e9dica y la p\u00e9sima atenci\u00f3n a los usuarios en las cl\u00ednicas.<\/p>\n<p>Al menos, <strong>DIARIOIMAGEN<\/strong> seguir\u00e1 dando espacios a esos usuarios, que son los principales voceros de este instituto, ya que la verdad es la prioridad.<\/p>\n<p><strong> ###<\/strong><\/p>\n<p><strong>Habitantes de Tulum <\/strong>reclaman un acceso libre a la Bah\u00eda de Akumal.<\/p>\n","protected":false},"excerpt":{"rendered":"<p><span style=\"color: #005497;\"><strong>Derecho de r\u00e9plica<\/strong><\/span><\/p>\n","protected":false},"author":3,"featured_media":0,"comment_status":"open","ping_status":"open","sticky":false,"template":"","format":"standard","meta":{"_monsterinsights_skip_tracking":false,"_monsterinsights_sitenote_active":false,"_monsterinsights_sitenote_note":"","_monsterinsights_sitenote_category":0,"footnotes":""},"categories":[62907],"tags":[47840,43674],"class_list":["post-367016","post","type-post","status-publish","format-standard","hentry","category-derecho-de-replica","tag-derecho-de-replica","tag-opinion"],"_links":{"self":[{"href":"https:\/\/www.diarioimagen.net\/index.php?rest_route=\/wp\/v2\/posts\/367016","targetHints":{"allow":["GET"]}}],"collection":[{"href":"https:\/\/www.diarioimagen.net\/index.php?rest_route=\/wp\/v2\/posts"}],"about":[{"href":"https:\/\/www.diarioimagen.net\/index.php?rest_route=\/wp\/v2\/types\/post"}],"author":[{"embeddable":true,"href":"https:\/\/www.diarioimagen.net\/index.php?rest_route=\/wp\/v2\/users\/3"}],"replies":[{"embeddable":true,"href":"https:\/\/www.diarioimagen.net\/index.php?rest_route=%2Fwp%2Fv2%2Fcomments&post=367016"}],"version-history":[{"count":0,"href":"https:\/\/www.diarioimagen.net\/index.php?rest_route=\/wp\/v2\/posts\/367016\/revisions"}],"wp:attachment":[{"href":"https:\/\/www.diarioimagen.net\/index.php?rest_route=%2Fwp%2Fv2%2Fmedia&parent=367016"}],"wp:term":[{"taxonomy":"category","embeddable":true,"href":"https:\/\/www.diarioimagen.net\/index.php?rest_route=%2Fwp%2Fv2%2Fcategories&post=367016"},{"taxonomy":"post_tag","embeddable":true,"href":"https:\/\/www.diarioimagen.net\/index.php?rest_route=%2Fwp%2Fv2%2Ftags&post=367016"}],"curies":[{"name":"wp","href":"https:\/\/api.w.org\/{rel}","templated":true}]}}