{"id":367034,"date":"2018-03-06T00:04:49","date_gmt":"2018-03-06T06:04:49","guid":{"rendered":"http:\/\/www.diarioimagen.net\/?p=367034"},"modified":"2018-03-06T01:55:48","modified_gmt":"2018-03-06T07:55:48","slug":"pgr-debe-investigar-a-todos-los-candidatos","status":"publish","type":"post","link":"https:\/\/www.diarioimagen.net\/?p=367034","title":{"rendered":"PGR debe investigar a todos los candidatos"},"content":{"rendered":"<h2>Poder y dinero<\/h2>\n<h5>V\u00edctor S\u00e1nchez Ba\u00f1os<\/h5>\n<p>&nbsp;<\/p>\n<p style=\"text-align: right;\"><strong><em>El que revela el secreto de otros pasa por traidor; el que revela el propio secreto pasa por imb\u00e9cil<br \/>\n<\/em><\/strong><em>Voltaire (1694-1778) Fil\u00f3sofo y escritor franc\u00e9s.<\/em><\/p>\n<p>&nbsp;<\/p>\n<p>#CandidatosALaB\u00e1scula #DebenInvestigarAPol\u00edticos #CongruenciaConLoQueGananYTienen #EPNevadeA-opositores #MeadeElQueLaHaceLaPaga #Murat-Piaza #Ienova-ARCA #BTGPactual<\/p>\n<p>&nbsp;<\/p>\n<p>El aspirante frentista a la Presidencia de la Rep\u00fablica, Ricardo Anaya, se victimiza y se dice perseguido por Enrique Pe\u00f1a Nieto, para sacarlo de la carrera presidencial; de su \u201cglorioso\u201d segundo lugar.<\/p>\n<p>Ahora, los que odian al partido en el poder, el PRI, consideran que las acusaciones est\u00e1n sin sustento. Sin embargo, Anaya no quiere explicar ante el representante de la sociedad, el Ministerio P\u00fablico, el mecanismo de que se le acusa en la presunta triangulaci\u00f3n de recursos.<\/p>\n<p>La PGR, de El\u00edas Beltr\u00e1n, no explica tampoco los puntos de acusaciones a los socios de Anaya, quien se desvivi\u00f3 en negar que los conoc\u00eda y que hac\u00eda negocios con ellos, como el caso de Manuel Berreiro.<\/p>\n<p>Este se encuentra en Canad\u00e1 y perdi\u00f3 la suspensi\u00f3n provisional de un juez federal para ser interrogado por el PM federal.\u00a0 Una vez m\u00e1s, el gobierno de Pe\u00f1a Nieto, est\u00e1 perdiendo una guerra medi\u00e1tica en un asunto que hay poderosas pruebas de que tiene raz\u00f3n la PGR.<\/p>\n<p>Por ello, Anaya, amparado en el secreto que debe guardar en una averiguaci\u00f3n previa la procuradur\u00eda, tampoco da explicaciones. En fin, un asunto de t\u00e9cnica jur\u00eddica. Sin embargo, esto nos lleva a la reflexi\u00f3n: por qu\u00e9 no hacer pareja la investigaci\u00f3n; no s\u00f3lo sobre Anaya, sino sobre Jos\u00e9 Antonio Meade, Andr\u00e9s Manuel L\u00f3pez Obrador, Margarita Zavala, Jaime Rodr\u00edguez y Armando R\u00edos Piter. La imagen que da el MP, es una investigaci\u00f3n dirigida.\u00a0 Este es el momento para conocer de qu\u00e9 viven, como viven y c\u00f3mo se enriquecieron los pol\u00edticos que aspiran a la Presidencia de la Rep\u00fablica. Vemos que casi todos viven del presupuesto y con \u00e9ste hacen pol\u00edtica.<\/p>\n<p>Otros mantienen en secreto sus declaraciones fiscales y sus declaraciones patrimoniales est\u00e1n guardados bajo mil candados.<\/p>\n<p>El pueblo, los electores, o sea los ciudadanos necesitamos conocer vida, obra y milagros de nuestros gobernantes. Quieren gobernar y conocer nuestros secretos patrimoniales y fiscales con el poder de su puesto, pues que todo M\u00e9xico conozca sus riquezas o, quiz\u00e1, sus pobrezas. A esto tenemos derecho, pero esa clase pol\u00edtica se niega a convertirlo en ley, ya que no se ponen ellos mismos la soga al cuello. La gran mayor\u00eda son vividores del presupuesto. Aqu\u00ed vale el concepto: todos los candidatos son culpables, hasta que no se demuestre que son inocentes.<\/p>\n<p><strong>PODEROSOS CABALLEROS:<\/strong> Enrique Pe\u00f1a, respondi\u00f3 a grupos pol\u00edticos y presuntos intelectuales, que piden impunidad a Anaya. Dijo que no presentar\u00e1 una posici\u00f3n y consider\u00f3 que este es el clima natural de todo proceso democr\u00e1tico.<\/p>\n<p>*** Con la presencia del gobernador Alejandro Murat Hinojosa, Grupo PIASA, de Jaime S\u00e1nchez Fern\u00e1ndez, empresa liderada por Arca Continental, presidido por Manuel Barrag\u00e1n, y otros embotelladores de la Industria Mexicana de Coca-Cola, inaugur\u00f3 su planta de Generaci\u00f3n de Energ\u00eda El\u00e9ctrica a partir de bagazo de ca\u00f1a en Oaxaca. As\u00ed generar\u00e1 energ\u00eda limpia con una inversi\u00f3n de 61 millones de d\u00f3lares en tres a\u00f1os.<\/p>\n<p>*** IEnova, bajo el liderazgo de Carlos Ruiz Sacrist\u00e1n, vender\u00e1 energ\u00eda el\u00e9ctrica a la minorista Liverpool, que preside Max Michel. Para ello, construir\u00e1 una planta de energ\u00eda solar en el municipio de Benjam\u00edn Hill en Sonora, entidad gobernada por Claudia Pavlovich. Invertir\u00e1 130 millones.<\/p>\n<p>*** La francesa Safr\u00e1n invertir\u00e1 100 millones de d\u00f3lares en su d\u00e9cima primera planta en M\u00e9xico y la sexta en Quer\u00e9taro, entidad gobernada por Francisco Dom\u00ednguez, dedicada a la producci\u00f3n de aspas y motores LEAP. Va en sociedad con la estadounidense Albany Composites M\u00e9xico.<\/p>\n<p>*** Los ingresos totales del banco de inversi\u00f3n latinoamericano BTG Pactual, alcanzaron 1,370 millones de reales brasile\u00f1os, durante el cuarto trimestre de 2017, cifra que representa un incremento del 34% respecto de igual per\u00edodo del a\u00f1o anterior.<\/p>\n<p><strong>RESPONSABILIDAD SOCIAL CORPORATIVA:<\/strong> El Centro Mexicano para la Filantrop\u00eda y la Alianza por la Responsabilidad Social Empresarial reconocieron a GINgroup, que preside Ra\u00fal Beyruti S\u00e1nchez, con el distintivo ESR. Dicho reconocimiento es otorgado a las empresas que cumplen satisfactoriamente con los est\u00e1ndares establecidos en los \u00e1mbitos de la Responsabilidad Social y el esfuerzo en asumir voluntaria y p\u00fablicamente, el compromiso de implementar una gesti\u00f3n responsable y de mejora continua, como parte de la cultura y estrategia de negocio.<\/p>\n<p><a href=\"http:\/\/poderydinero.mx\" target=\"_blank\" rel=\"noopener\"><em>poderydinero.mx<\/em><\/a><b><br \/>\n<\/b><em><a href=\"mailto:vsb@poderydinero.mx\" target=\"_blank\" rel=\"noopener\">vsb@poderydinero.mx<\/a><br \/>\n<\/em><em><strong>Twitter:<\/strong><a href=\"https:\/\/twitter.com\/vsanchezbanos\" target=\"_blank\" rel=\"noopener\">@vsanchezbano<br \/>\n<\/a><\/em><em><strong>Facebook:\u00a0<\/strong><a href=\"https:\/\/www.facebook.com\/vsanchezbanos?fref=ts\" target=\"_blank\" rel=\"noopener\">vsanchezbano<\/a><\/em><strong>\u00a0<\/strong><\/p>\n","protected":false},"excerpt":{"rendered":"<p><span style=\"color: #005497;\"><strong>V\u00edctor S\u00e1nchez Ba\u00f1os<\/strong><\/span><\/p>\n","protected":false},"author":3,"featured_media":0,"comment_status":"open","ping_status":"open","sticky":false,"template":"","format":"standard","meta":{"_monsterinsights_skip_tracking":false,"_monsterinsights_sitenote_active":false,"_monsterinsights_sitenote_note":"","_monsterinsights_sitenote_category":0,"footnotes":""},"categories":[38844],"tags":[43674,38847,38848],"class_list":["post-367034","post","type-post","status-publish","format-standard","hentry","category-victor-sanchez-banos","tag-opinion","tag-poder-y-dinero","tag-victor-sanchez-banos"],"_links":{"self":[{"href":"https:\/\/www.diarioimagen.net\/index.php?rest_route=\/wp\/v2\/posts\/367034","targetHints":{"allow":["GET"]}}],"collection":[{"href":"https:\/\/www.diarioimagen.net\/index.php?rest_route=\/wp\/v2\/posts"}],"about":[{"href":"https:\/\/www.diarioimagen.net\/index.php?rest_route=\/wp\/v2\/types\/post"}],"author":[{"embeddable":true,"href":"https:\/\/www.diarioimagen.net\/index.php?rest_route=\/wp\/v2\/users\/3"}],"replies":[{"embeddable":true,"href":"https:\/\/www.diarioimagen.net\/index.php?rest_route=%2Fwp%2Fv2%2Fcomments&post=367034"}],"version-history":[{"count":0,"href":"https:\/\/www.diarioimagen.net\/index.php?rest_route=\/wp\/v2\/posts\/367034\/revisions"}],"wp:attachment":[{"href":"https:\/\/www.diarioimagen.net\/index.php?rest_route=%2Fwp%2Fv2%2Fmedia&parent=367034"}],"wp:term":[{"taxonomy":"category","embeddable":true,"href":"https:\/\/www.diarioimagen.net\/index.php?rest_route=%2Fwp%2Fv2%2Fcategories&post=367034"},{"taxonomy":"post_tag","embeddable":true,"href":"https:\/\/www.diarioimagen.net\/index.php?rest_route=%2Fwp%2Fv2%2Ftags&post=367034"}],"curies":[{"name":"wp","href":"https:\/\/api.w.org\/{rel}","templated":true}]}}