{"id":367036,"date":"2018-03-06T00:05:00","date_gmt":"2018-03-06T06:05:00","guid":{"rendered":"http:\/\/www.diarioimagen.net\/?p=367036"},"modified":"2018-03-06T01:57:14","modified_gmt":"2018-03-06T07:57:14","slug":"imitacion-de-colosio","status":"publish","type":"post","link":"https:\/\/www.diarioimagen.net\/?p=367036","title":{"rendered":"Imitaci\u00f3n de Colosio"},"content":{"rendered":"<h2>Desde el portal<\/h2>\n<h5>\u00c1ngel Soriano<\/h5>\n<p>&nbsp;<\/p>\n<p>Desde la c\u00e9lebre frase de \u201cTierra y Libertad\u201d atribuida al Caudillo del Sur, Emiliano Zapata, cuya autor\u00eda se atribuye a un pensador revolucionario ruso; hasta el reparto de obras cl\u00e1sicas que el pensador universitario Jos\u00e9 Vasconcelos reconoci\u00f3 no haber sido el autor original, sino que la copi\u00f3 de otros pa\u00edses, en la generalidad el fusile de frases hist\u00f3ricas es com\u00fan y aceptable en una sociedad como la nuestra.<\/p>\n<p>El pr\u00f3cer pri\u00edsta Luis Donaldo Colosio no pudo escapar de esa tradici\u00f3n e hizo suya la b\u00edblica frase de \u201cveo un pueblo con hambre y sed de justicia\u201d que le gan\u00f3 fama y notoriedad, cuando la misma ha sido repetida miles de veces al paso de los siglos, pero que se hizo presente en la historia contempor\u00e1nea cuando la pronunci\u00f3 el sonorense.<\/p>\n<p>Pese a que la frase es hist\u00f3rica, a\u00fan se le sigue reconociendo la autor\u00eda al malogrado candidato presidencial, y sus seguidores de igual manera lo dan como un iluminado al ver un pueblo \u201ccon hambre y sed de justicia\u201d. Y aunque no es idea original del hombre de Magdalena de Kino, todo mundo lo respeta y le reconoce esos m\u00e9ritos.<\/p>\n<p>Igual que La Pasionaria, cuando dijo: \u201dm\u00e1s vale morir de pie que de rodillas\u201d que luego se le han adjudicado caudillos mexicanos, si le seguimos, nos encontraremos que carecemos de ideas propias y que la mayor parte delos contenidos son simples fusiles de ideas de otros, pero en realidad ideas y l\u00edderes propios, no tenemos; por eso el panista Ricardo Anaya tiene una visi\u00f3n agringada del pa\u00eds y Meade que es seguidor de Colosio pero no hay una visi\u00f3n real del pa\u00eds.<\/p>\n<p style=\"text-align: center;\"><strong>TURBULENCIAS<\/strong><\/p>\n<p>En gira de trabajo por Aguascalientes, el secretario de Desarrollo Social, Eviel P\u00e9rez Maga\u00f1a, acompa\u00f1ado del gobernador Mart\u00edn Orozco Sandoval,\u00a0 afirm\u00f3 que el gobierno de la Rep\u00fablica seguir\u00e1 actuando con compromiso y esfuerzo permanente para combatir la pobreza y abrir paso a las familias m\u00e1s desprotegidas hacia la prosperidad, y destac\u00f3 que se han fortalecido las acciones en salud y gracias a ello \u201cestamos a punto de lograr cobertura universal para Prospera, es decir, que todos los mexicanos que son parte del programa tendr\u00e1n acceso al Seguro Popular\u201d. En el Instituto Tecnol\u00f3gico de Aguascalientes, el funcionario federal inform\u00f3 que, a trav\u00e9s de este instrumento de inclusi\u00f3n social, se han invertido m\u00e1s de mil 700 millones de pesos en lo que va de la administraci\u00f3n, lo que ha significado la oportunidad de forjar un mejor porvenir para m\u00e1s de 27 mil familias Prospera y para 35 mil ni\u00f1os y j\u00f3venes que reciben becas para continuar sus estudios\u2026<\/p>\n<p>En el Club Primera Plana de la CDMX, bajo la presidencia de Jos\u00e9 Luis Uribe Ortega y el liderazgo de Teodoro Renter\u00eda Arr\u00f3yave, el empresario radiof\u00f3nico Humberto L\u00f3pez Lena Cruz narr\u00f3 el origen del noticiero \u201cEncuentro\u201d que este 19 de marzo cumple 19 a\u00f1os; dijo que fue a ra\u00edz del conflicto social en Juchit\u00e1n, su tierra natal, en la d\u00e9cada de los 70 cuando incursion\u00f3 en los medios derivado del punto de atracci\u00f3n nacional e internacional en que se dieron los hechos, y adem\u00e1s de sufrir tres atentados contra su vida, se vio bajo la presi\u00f3n de los bandos en conflicto que derivaron en la ca\u00edda del ex gobernador Manuel Z\u00e1rate Aquino. L\u00f3pez Lena prepara un gran fasto conmemorativo con la participaci\u00f3n de actores pol\u00edticos y period\u00edsticos de la \u00e9poca e invitados especiales\u2026<\/p>\n<p><em><a href=\"http:\/\/www.revista-brecha.com\/\" target=\"_blank\" rel=\"noopener\">www.revista-brecha.com<br \/>\n<\/a><a href=\"mailto:asorianodesdelportalo@hotmail.com\" target=\"_blank\" rel=\"noopener\">asorianodesdelportalo@hotmail.com<\/a><\/em><\/p>\n","protected":false},"excerpt":{"rendered":"<p><span style=\"color: #005497;\"><strong>\u00c1ngel Soriano<\/strong><\/span><\/p>\n","protected":false},"author":3,"featured_media":0,"comment_status":"open","ping_status":"open","sticky":false,"template":"","format":"standard","meta":{"_monsterinsights_skip_tracking":false,"_monsterinsights_sitenote_active":false,"_monsterinsights_sitenote_note":"","_monsterinsights_sitenote_category":0,"footnotes":""},"categories":[135],"tags":[85,86,43674],"class_list":["post-367036","post","type-post","status-publish","format-standard","hentry","category-angel-soriano-opinion","tag-angel-soriano","tag-desde-el-portal","tag-opinion"],"_links":{"self":[{"href":"https:\/\/www.diarioimagen.net\/index.php?rest_route=\/wp\/v2\/posts\/367036","targetHints":{"allow":["GET"]}}],"collection":[{"href":"https:\/\/www.diarioimagen.net\/index.php?rest_route=\/wp\/v2\/posts"}],"about":[{"href":"https:\/\/www.diarioimagen.net\/index.php?rest_route=\/wp\/v2\/types\/post"}],"author":[{"embeddable":true,"href":"https:\/\/www.diarioimagen.net\/index.php?rest_route=\/wp\/v2\/users\/3"}],"replies":[{"embeddable":true,"href":"https:\/\/www.diarioimagen.net\/index.php?rest_route=%2Fwp%2Fv2%2Fcomments&post=367036"}],"version-history":[{"count":0,"href":"https:\/\/www.diarioimagen.net\/index.php?rest_route=\/wp\/v2\/posts\/367036\/revisions"}],"wp:attachment":[{"href":"https:\/\/www.diarioimagen.net\/index.php?rest_route=%2Fwp%2Fv2%2Fmedia&parent=367036"}],"wp:term":[{"taxonomy":"category","embeddable":true,"href":"https:\/\/www.diarioimagen.net\/index.php?rest_route=%2Fwp%2Fv2%2Fcategories&post=367036"},{"taxonomy":"post_tag","embeddable":true,"href":"https:\/\/www.diarioimagen.net\/index.php?rest_route=%2Fwp%2Fv2%2Ftags&post=367036"}],"curies":[{"name":"wp","href":"https:\/\/api.w.org\/{rel}","templated":true}]}}