{"id":367170,"date":"2018-03-07T00:11:12","date_gmt":"2018-03-07T06:11:12","guid":{"rendered":"http:\/\/www.diarioimagen.net\/?p=367170"},"modified":"2018-03-07T02:40:50","modified_gmt":"2018-03-07T08:40:50","slug":"reconoce-el-iapem-aportes-de-cientificas-mexiquenses","status":"publish","type":"post","link":"https:\/\/www.diarioimagen.net\/?p=367170","title":{"rendered":"Reconoce el IAPEM aportes de cient\u00edficas mexiquenses"},"content":{"rendered":"<h2>Arco Norte<\/h2>\n<h5>Jos\u00e9 Luis Monta\u00f1ez Aguilar<\/h5>\n<p>&nbsp;<\/p>\n<p>En el marco de la conmemoraci\u00f3n del D\u00eda Internacional de la Mujer, el Instituto de Administraci\u00f3n P\u00fablica del Estado de M\u00e9xico (IAPEM) reconoci\u00f3 a tres investigadoras mexiquenses por las aportaciones cient\u00edficas en el campo de las ciencias exactas y sociales.<\/p>\n<p>En las instalaciones de la Centenaria y Benem\u00e9rita Escuela Normal para Profesores,\u00a0 y con la presencia del Mtro.<\/p>\n<p>Rodrigo Jarque Lira, secretario de Finanzas, se realiz\u00f3 el homenaje a las doctoras Norma Ivonne Gonz\u00e1lez Arratia L\u00f3pez Fuentes, Mar\u00eda Teresa Olgu\u00edn Guti\u00e9rrez y Mar\u00eda Teresa Jarqu\u00edn Ortega, investigadoras, quienes han destacado con varios premios estatales e internacionales por su labor que las posiciona como baluarte del g\u00e9nero femenino para las futuras generaciones.<\/p>\n<p>Mauricio Vald\u00e9s Rodr\u00edguez, presidente del Consejo Directivo del IAPEM, resalt\u00f3 la importancia de reconocer a las cient\u00edficas para impulsar sus logros en esferas de desarrollo y empoderamiento, lo que les permite sobresalir y ser ejemplo de vida y dedicaci\u00f3n.<\/p>\n<p style=\"text-align: center;\"><strong>Exporta Edomex modelo de Fondo de Apoyo a V\u00edctimas<\/strong><\/p>\n<p><a href=\"http:\/\/www.diarioimagen.net\/?attachment_id=367241\" rel=\"attachment wp-att-367241\"><img loading=\"lazy\" decoding=\"async\" class=\"aligncenter size-large wp-image-367241\" src=\"http:\/\/www.diarioimagen.net\/wp-content\/uploads\/2018\/03\/arco-3321-460x259.jpg\" alt=\"\" width=\"460\" height=\"259\" srcset=\"https:\/\/www.diarioimagen.net\/wp-content\/uploads\/2018\/03\/arco-3321-460x259.jpg 460w, https:\/\/www.diarioimagen.net\/wp-content\/uploads\/2018\/03\/arco-3321-240x135.jpg 240w, https:\/\/www.diarioimagen.net\/wp-content\/uploads\/2018\/03\/arco-3321-235x132.jpg 235w, https:\/\/www.diarioimagen.net\/wp-content\/uploads\/2018\/03\/arco-3321-202x114.jpg 202w, https:\/\/www.diarioimagen.net\/wp-content\/uploads\/2018\/03\/arco-3321-350x196.jpg 350w, https:\/\/www.diarioimagen.net\/wp-content\/uploads\/2018\/03\/arco-3321-220x123.jpg 220w, https:\/\/www.diarioimagen.net\/wp-content\/uploads\/2018\/03\/arco-3321-237x132.jpg 237w, https:\/\/www.diarioimagen.net\/wp-content\/uploads\/2018\/03\/arco-3321.jpg 480w\" sizes=\"auto, (max-width: 460px) 100vw, 460px\" \/><\/a><\/p>\n<p>Representantes de las comisiones de Atenci\u00f3n a V\u00edctimas de Chihuahua y Quintana Roo se reunieron con sus hom\u00f3logos de la Comisi\u00f3n Ejecutiva de Atenci\u00f3n a V\u00edctimas del Estado de M\u00e9xico (CEAVEM) para conocer el modelo y funcionamiento del Fondo Estatal de Ayuda, Asistencia y Reparaci\u00f3n Integral, con el fin de replicarlo en sus entidades.<\/p>\n<p>Este fondo opera en el Estado de M\u00e9xico desde diciembre de 2015, con el objetivo de brindar los recursos necesarios a personas en situaci\u00f3n de v\u00edctimas de delitos o violaciones a los derechos humanos.<\/p>\n<p>\u201cEs una herramienta fundamental en las tareas que lleva a cabo el Estado de M\u00e9xico para garantizar los derechos de todas las v\u00edctimas; esta herramienta, este fondo opera con un protocolo moderno, \u00e1gil e incluso ha sido objeto de an\u00e1lisis de otros estados de la Rep\u00fablica que han manifestado su inter\u00e9s en conocer su operaci\u00f3n para poder replicarlo\u201d, explic\u00f3 el secretario de Justicia y Derechos Humanos, Rodrigo Espeleta.<\/p>\n<p>La Comisi\u00f3n de Atenci\u00f3n a V\u00edctimas de Chihuahua ha iniciado los trabajos para publicar las reglas de operaci\u00f3n de su fondo de reparaci\u00f3n, para lo cual utilizar\u00e1n como base el modelo mexiquense que considera tres niveles de atenci\u00f3n: ayuda urgente, apoyo ordinario y reparaciones.<\/p>\n<p>\u201cUstedes tienen muy buen avance, ya tienen muy armonizado el equipo, ya tienen un flujo de c\u00f3mo atender desde que llega la v\u00edctima, hasta entregarle su parte compensatoria, su ayuda asistencial, es muy importante todo lo que tienen ustedes y yo creo que nos vamos a llevar todo, toda la informaci\u00f3n que nos han compartido\u201d, dijo Arlette Cruz, Administradora del Fondo de Ayuda, Asistencia y Reparaci\u00f3n a V\u00edctimas de Chihuahua.<\/p>\n<p>Desde que empez\u00f3 a otorgarse hasta la fecha, en el Estado de M\u00e9xico se han erogado a trav\u00e9s del fondo un total de 44 millones 402 mil 937.72 pesos repartidos con base en las necesidades de las v\u00edctimas u ofendidos de acuerdo con lo establecido en las Reglas de Operaci\u00f3n publicadas en la Gaceta de Gobierno.<\/p>\n<p>Dichas reglas consideran los mecanismos de reconocimiento de v\u00edctimas, m\u00e9todos de pago y niveles de atenci\u00f3n, protocolos que tambi\u00e9n servir\u00e1n como base para crear las reglas de operaci\u00f3n del Fondo de Reparaci\u00f3n de la Comisi\u00f3n Ejecutiva de Atenci\u00f3n a V\u00edctimas de Quintana Roo.<\/p>\n<p>\u201cPor la experiencia que ustedes tienen en reparaci\u00f3n integral es muy provechoso llevarme de aqu\u00ed los elementos que a m\u00ed me van a servir en su momento para poder dictaminar y reparar a las v\u00edctimas.<\/p>\n<p>\u201c\u00c9sta es una comisi\u00f3n muy preparada y sobre todo que tiene los elementos para poder trabajar fluidamente\u201d, consider\u00f3 Yesm\u00edn Espinosa, titular de la Direcci\u00f3n de Asuntos Jur\u00eddicos de la Comisi\u00f3n Ejecutiva de Atenci\u00f3n a V\u00edctimas de Quintana Roo.<\/p>\n<p>En el Estado de M\u00e9xico, la Comisi\u00f3n Ejecutiva de Atenci\u00f3n a V\u00edctimas considera como medidas de ayuda urgentes aquellos gastos que sirvan para cubrir las necesidades ordinarias y urgentes que necesitan las v\u00edctimas u ofendidos del delito que deriven del hecho victimizante, como los gastos de alimentaci\u00f3n, aseo personal, alojamiento transitorio, gastos funerarios, de transporte y peaje, atenci\u00f3n m\u00e9dica, psicol\u00f3gica y las dem\u00e1s que sean necesarias para garantizar sus derechos.<\/p>\n<p>Los apoyos ordinarios se otorgan de manera peri\u00f3dica y temporal a las v\u00edctimas y ofendidos del delito y de violaciones a derechos humanos, previa autorizaci\u00f3n del Comit\u00e9 Multidisciplinario Evaluador.<\/p>\n<p>Se consideran entre ellos atenci\u00f3n m\u00e9dica, medicamentos, aparatos ortop\u00e9dicos y pr\u00f3tesis que requiera la v\u00edctima por haber sufrido lesiones o mutilaciones como consecuencia del delito; reembolso de gastos de transporte, peaje y hospedaje; estudios m\u00e9dicos de especialidad; apoyo por concepto de tr\u00e1mites, y medidas de protecci\u00f3n, principalmente.<\/p>\n<p>En tanto, las reparaciones se otorgan, previa autorizaci\u00f3n del Consejo Consultivo, con el fin de garantizar la recuperaci\u00f3n del proyecto de vida de las v\u00edctimas y ofendidos de los delitos o de violaciones a los derechos humanos.<\/p>\n<p><em><a href=\"mailto:montanezaguilar@gmail.com\" target=\"_blank\" rel=\"noopener noreferrer\">montanezaguilar@gmail.com<\/a><\/em><\/p>\n","protected":false},"excerpt":{"rendered":"<p><span style=\"color: #005497;\">Jos\u00e9 Luis Monta\u00f1ez<\/span><br \/>\n<br \/>\nEn el marco de la conmemoraci\u00f3n del D\u00eda Internacional de la Mujer, el Instituto de Administraci\u00f3n P\u00fablica del Estado de M\u00e9xico (IAPEM) reconoci\u00f3 a tres investigadoras mexiquenses por las aportaciones cient\u00edficas en el campo de las ciencias exactas y sociales.<\/p>\n","protected":false},"author":3,"featured_media":367241,"comment_status":"open","ping_status":"open","sticky":false,"template":"","format":"standard","meta":{"_monsterinsights_skip_tracking":false,"_monsterinsights_sitenote_active":false,"_monsterinsights_sitenote_note":"","_monsterinsights_sitenote_category":0,"footnotes":""},"categories":[5],"tags":[13284,43704,43674],"class_list":["post-367170","post","type-post","status-publish","format-standard","has-post-thumbnail","hentry","category-estado-de-mexico","tag-arco-norte","tag-jose-luis-montanez-aguilar","tag-opinion"],"_links":{"self":[{"href":"https:\/\/www.diarioimagen.net\/index.php?rest_route=\/wp\/v2\/posts\/367170","targetHints":{"allow":["GET"]}}],"collection":[{"href":"https:\/\/www.diarioimagen.net\/index.php?rest_route=\/wp\/v2\/posts"}],"about":[{"href":"https:\/\/www.diarioimagen.net\/index.php?rest_route=\/wp\/v2\/types\/post"}],"author":[{"embeddable":true,"href":"https:\/\/www.diarioimagen.net\/index.php?rest_route=\/wp\/v2\/users\/3"}],"replies":[{"embeddable":true,"href":"https:\/\/www.diarioimagen.net\/index.php?rest_route=%2Fwp%2Fv2%2Fcomments&post=367170"}],"version-history":[{"count":0,"href":"https:\/\/www.diarioimagen.net\/index.php?rest_route=\/wp\/v2\/posts\/367170\/revisions"}],"wp:featuredmedia":[{"embeddable":true,"href":"https:\/\/www.diarioimagen.net\/index.php?rest_route=\/wp\/v2\/media\/367241"}],"wp:attachment":[{"href":"https:\/\/www.diarioimagen.net\/index.php?rest_route=%2Fwp%2Fv2%2Fmedia&parent=367170"}],"wp:term":[{"taxonomy":"category","embeddable":true,"href":"https:\/\/www.diarioimagen.net\/index.php?rest_route=%2Fwp%2Fv2%2Fcategories&post=367170"},{"taxonomy":"post_tag","embeddable":true,"href":"https:\/\/www.diarioimagen.net\/index.php?rest_route=%2Fwp%2Fv2%2Ftags&post=367170"}],"curies":[{"name":"wp","href":"https:\/\/api.w.org\/{rel}","templated":true}]}}