{"id":367186,"date":"2018-03-07T00:07:54","date_gmt":"2018-03-07T06:07:54","guid":{"rendered":"http:\/\/www.diarioimagen.net\/?p=367186"},"modified":"2018-03-07T02:47:18","modified_gmt":"2018-03-07T08:47:18","slug":"acusa-mancera-falta-de-agua-es-por-fines-politicos","status":"publish","type":"post","link":"https:\/\/www.diarioimagen.net\/?p=367186","title":{"rendered":"Acusa Mancera: falta de agua es por fines pol\u00edticos"},"content":{"rendered":"<ul>\n<li><strong><em>Denuncian cierre de v\u00e1lvulas en Coyoac\u00e1n y N\u00e1poles<\/em><\/strong><\/li>\n<\/ul>\n<p>&nbsp;<\/p>\n<div id=\"attachment_367250\" style=\"width: 470px\" class=\"wp-caption aligncenter\"><a href=\"http:\/\/www.diarioimagen.net\/?attachment_id=367250\" rel=\"attachment wp-att-367250\"><img loading=\"lazy\" decoding=\"async\" aria-describedby=\"caption-attachment-367250\" class=\"size-large wp-image-367250\" src=\"http:\/\/www.diarioimagen.net\/wp-content\/uploads\/2018\/03\/AGUA-3321-460x259.jpg\" alt=\"\" width=\"460\" height=\"259\" srcset=\"https:\/\/www.diarioimagen.net\/wp-content\/uploads\/2018\/03\/AGUA-3321-460x259.jpg 460w, https:\/\/www.diarioimagen.net\/wp-content\/uploads\/2018\/03\/AGUA-3321-240x135.jpg 240w, https:\/\/www.diarioimagen.net\/wp-content\/uploads\/2018\/03\/AGUA-3321-235x132.jpg 235w, https:\/\/www.diarioimagen.net\/wp-content\/uploads\/2018\/03\/AGUA-3321-202x114.jpg 202w, https:\/\/www.diarioimagen.net\/wp-content\/uploads\/2018\/03\/AGUA-3321-350x196.jpg 350w, https:\/\/www.diarioimagen.net\/wp-content\/uploads\/2018\/03\/AGUA-3321-220x123.jpg 220w, https:\/\/www.diarioimagen.net\/wp-content\/uploads\/2018\/03\/AGUA-3321-237x132.jpg 237w, https:\/\/www.diarioimagen.net\/wp-content\/uploads\/2018\/03\/AGUA-3321.jpg 480w\" sizes=\"auto, (max-width: 460px) 100vw, 460px\" \/><\/a><p id=\"caption-attachment-367250\" class=\"wp-caption-text\">Vecinos de Iztacalco bloquearon la Avenida Plutarco El\u00edas Calles, al cruce del Eje 2 Oriente.<\/p><\/div>\n<p>&nbsp;<\/p>\n<p>El cierre de v\u00e1lvulas en distintas zonas de la ciudad con un objetivo pol\u00edtico, acus\u00f3 el jefe de gobierno, Miguel \u00c1ngel Mancera, es una de las razones por las que se ha presentado baja de suministro del l\u00edquido.<\/p>\n<p>El mandatario capitalino afirm\u00f3 que ya se tienen detectadas personas que incurren en esta falta que afecta a la sociedad y merma la gobernabilidad.<\/p>\n<p>\u201cOtra cosa que est\u00e1n haciendo, y eso es m\u00e1s pol\u00edtico, es que est\u00e1n cerrando v\u00e1lvulas, pues en el momento en que los podamos sorprender en flagrancia, porque no es un delito violento, no es todo lo que ustedes ya saben con lo que ahora cuesta poder tener una indagatoria, pues los vamos a detener.<\/p>\n<p>\u201cPor lo pronto, se est\u00e1n tomando medidas preventivas pero est\u00e1n cerrando v\u00e1lvulas y los que lo est\u00e1n haciendo saben que da\u00f1an a la ciudad y por supuesto es con la intenci\u00f3n clar\u00edsima de afectar tambi\u00e9n la gobernabilidad\u201d, expuso el mandatario.<\/p>\n<p>En coordinaci\u00f3n con los jefes delegacionales, agreg\u00f3, se est\u00e1n llevando a cabo operativos para evitar que se cierren las v\u00e1lvulas de abastecimiento.<\/p>\n<p>Se han identificado grupos que llevan a cabo estos actos en las colonias Del Valle y N\u00e1poles, por ejemplo. De la misma manera, asegur\u00f3, se estar\u00e1 actuando contra quienes hacen uso de tomas clandestinas.<\/p>\n<p style=\"text-align: center;\"><strong>Bloqueos en Iztacalco<\/strong><\/p>\n<p>Por falta de suministro de agua potable, vecinos de los ocho barrios de la delegaci\u00f3n Iztacalco, bloquearon la Avenida Plutarco El\u00edas Calles al cruce del Eje 2 Oriente en la Calzada de la Viga.<\/p>\n<p>Bajo la consigna de no retirarse hasta encontrar una respuesta por parte de las autoridades, los manifestantes bloquean el carril confinado del Metrob\u00fas de la L\u00ednea 2, que corre de Tepalcates a Tacubaya. Por lo que el servicio fue suspendido de la estaci\u00f3n la Viga a Iztacalco.<\/p>\n<p>Por ello, decenas de usuarios, del trasporte p\u00fablico, buscaron medios de trasporte alternos ante el bloqueo.<\/p>\n<p>Los manifestantes refieren no tener servicio de agua potable, regular, desde el sismo del 19 de septiembre del 2017, por lo que exigen el suministro de agua potable por la red hidr\u00e1ulica, ya que el servicio que reciben es por medio de pipas. que les venden hasta en mil 500 pesos.<\/p>\n","protected":false},"excerpt":{"rendered":"<p>El cierre de v\u00e1lvulas en distintas zonas de la ciudad con un objetivo pol\u00edtico, acus\u00f3 el jefe de gobierno, Miguel \u00c1ngel Mancera, es una de las razones por las que se ha presentado baja de suministro del l\u00edquido.<\/p>\n","protected":false},"author":3,"featured_media":367250,"comment_status":"open","ping_status":"open","sticky":false,"template":"","format":"standard","meta":{"_monsterinsights_skip_tracking":false,"_monsterinsights_sitenote_active":false,"_monsterinsights_sitenote_note":"","_monsterinsights_sitenote_category":0,"footnotes":""},"categories":[6],"tags":[45868,162,5314],"class_list":["post-367186","post","type-post","status-publish","format-standard","has-post-thumbnail","hentry","category-cd-de-mexico","tag-abasto","tag-agua","tag-miguel-angel-mancera-espinosa"],"_links":{"self":[{"href":"https:\/\/www.diarioimagen.net\/index.php?rest_route=\/wp\/v2\/posts\/367186","targetHints":{"allow":["GET"]}}],"collection":[{"href":"https:\/\/www.diarioimagen.net\/index.php?rest_route=\/wp\/v2\/posts"}],"about":[{"href":"https:\/\/www.diarioimagen.net\/index.php?rest_route=\/wp\/v2\/types\/post"}],"author":[{"embeddable":true,"href":"https:\/\/www.diarioimagen.net\/index.php?rest_route=\/wp\/v2\/users\/3"}],"replies":[{"embeddable":true,"href":"https:\/\/www.diarioimagen.net\/index.php?rest_route=%2Fwp%2Fv2%2Fcomments&post=367186"}],"version-history":[{"count":0,"href":"https:\/\/www.diarioimagen.net\/index.php?rest_route=\/wp\/v2\/posts\/367186\/revisions"}],"wp:featuredmedia":[{"embeddable":true,"href":"https:\/\/www.diarioimagen.net\/index.php?rest_route=\/wp\/v2\/media\/367250"}],"wp:attachment":[{"href":"https:\/\/www.diarioimagen.net\/index.php?rest_route=%2Fwp%2Fv2%2Fmedia&parent=367186"}],"wp:term":[{"taxonomy":"category","embeddable":true,"href":"https:\/\/www.diarioimagen.net\/index.php?rest_route=%2Fwp%2Fv2%2Fcategories&post=367186"},{"taxonomy":"post_tag","embeddable":true,"href":"https:\/\/www.diarioimagen.net\/index.php?rest_route=%2Fwp%2Fv2%2Ftags&post=367186"}],"curies":[{"name":"wp","href":"https:\/\/api.w.org\/{rel}","templated":true}]}}