{"id":367199,"date":"2018-03-07T00:09:07","date_gmt":"2018-03-07T06:09:07","guid":{"rendered":"http:\/\/www.diarioimagen.net\/?p=367199"},"modified":"2018-03-07T02:48:35","modified_gmt":"2018-03-07T08:48:35","slug":"se-despide-jefe-vulcan-tras-49-anos-de-servicio","status":"publish","type":"post","link":"https:\/\/www.diarioimagen.net\/?p=367199","title":{"rendered":"Se despide \u00abJefe Vulcan, tras 49 a\u00f1os de servicio"},"content":{"rendered":"<ul>\n<li><strong><em>A petici\u00f3n de MAM<\/em><\/strong><\/li>\n<\/ul>\n<p>&nbsp;<\/p>\n<div id=\"attachment_367254\" style=\"width: 470px\" class=\"wp-caption aligncenter\"><a href=\"http:\/\/www.diarioimagen.net\/?attachment_id=367254\" rel=\"attachment wp-att-367254\"><img loading=\"lazy\" decoding=\"async\" aria-describedby=\"caption-attachment-367254\" class=\"size-large wp-image-367254\" src=\"http:\/\/www.diarioimagen.net\/wp-content\/uploads\/2018\/03\/VULCANO-3321-460x259.jpg\" alt=\"\" width=\"460\" height=\"259\" srcset=\"https:\/\/www.diarioimagen.net\/wp-content\/uploads\/2018\/03\/VULCANO-3321-460x259.jpg 460w, https:\/\/www.diarioimagen.net\/wp-content\/uploads\/2018\/03\/VULCANO-3321-240x135.jpg 240w, https:\/\/www.diarioimagen.net\/wp-content\/uploads\/2018\/03\/VULCANO-3321-235x132.jpg 235w, https:\/\/www.diarioimagen.net\/wp-content\/uploads\/2018\/03\/VULCANO-3321-202x114.jpg 202w, https:\/\/www.diarioimagen.net\/wp-content\/uploads\/2018\/03\/VULCANO-3321-350x196.jpg 350w, https:\/\/www.diarioimagen.net\/wp-content\/uploads\/2018\/03\/VULCANO-3321-220x123.jpg 220w, https:\/\/www.diarioimagen.net\/wp-content\/uploads\/2018\/03\/VULCANO-3321-237x132.jpg 237w, https:\/\/www.diarioimagen.net\/wp-content\/uploads\/2018\/03\/VULCANO-3321.jpg 480w\" sizes=\"auto, (max-width: 460px) 100vw, 460px\" \/><\/a><p id=\"caption-attachment-367254\" class=\"wp-caption-text\">Tras 49 a\u00f1os dentro del cuerpo de bomberos, Ra\u00fal Esquivel, \u201cJefe Vulcano\u201d, deja su cargo.<\/p><\/div>\n<p>&nbsp;<\/p>\n<p>Despu\u00e9s de una trayectoria de 49 a\u00f1os dentro de la corporaci\u00f3n, 13 de ellos en la direcci\u00f3n, el \u201cJefe Vulcano\u201d, Ra\u00fal Esquivel, dej\u00f3 su cargo, a petici\u00f3n de Miguel \u00c1ngel Mancera.<\/p>\n<p>\u201cTodo lo que inicia, llega el d\u00eda en que se termina. Bueno, en los 49 a\u00f1os de carrera tengo recuerdos excelentes y otros pues, horribles\u201d, expres\u00f3 en conferencia de prensa en la Estaci\u00f3n Central.<\/p>\n<p>De acuerdo con el propio Esquivel, la decisi\u00f3n se dio de forma cordial y fue planeada por ambas partes, pues desde inicios de a\u00f1o el ex director de bomberos ten\u00eda en mente otro proyecto laboral.<\/p>\n<p>Adem\u00e1s, adelant\u00f3 que se incorporar\u00e1 a trabajar en un \u00e1rea del gobierno capitalino y en las pr\u00f3ximas horas el mismo Mancera realizar\u00e1 el anuncio oficial.<\/p>\n<p>\u201cEl se\u00f1or jefe de gobierno siempre nos ha apoyado y conoce nuestra trayectoria, me invit\u00f3 a trabajar, entonces ah\u00ed estaremos trabajando muy de cerca con \u00e9l en un \u00e1rea que a\u00fan ignoramos\u201d, detall\u00f3 Esquivel.<\/p>\n<p>El llamado \u201cJefe Vulcano\u201d dej\u00f3 el cargo luego de los conflictos que tuvo con el ex secretario general del sindicato de esta agrupaci\u00f3n, Ismael Figueroa Flores, seg\u00fan Esquivel, el l\u00edder sindical le prohibi\u00f3 la entrada a su propia oficina en dos ocasiones y le quit\u00f3 la patrulla que manejaba.<\/p>\n<p style=\"text-align: center;\"><strong>Lo despiden en <\/strong><strong>redes sociales<\/strong><\/p>\n<p>Ante la salida del \u201cJefe Vulcano\u201d, varios tuiteros han lamentado su salida y han aprovechado para agradecerle sus a\u00f1os de servicio a uno de los funcionarios m\u00e1s activos en redes sociales.<\/p>\n<p>Esquivel cuenta con 155k de seguidores y siempre fue una referencia ante una emergencia en la ciudad, pues comparte fotos y videos de accidentes, incendios y dem\u00e1s hechos en tiempo real.<\/p>\n","protected":false},"excerpt":{"rendered":"<p>Despu\u00e9s de una trayectoria de 49 a\u00f1os dentro de la corporaci\u00f3n, 13 de ellos en la direcci\u00f3n, el \u201cJefe Vulcano\u201d, Ra\u00fal Esquivel, dej\u00f3 su cargo, a petici\u00f3n de Miguel \u00c1ngel Mancera.<\/p>\n","protected":false},"author":3,"featured_media":367254,"comment_status":"open","ping_status":"open","sticky":false,"template":"","format":"standard","meta":{"_monsterinsights_skip_tracking":false,"_monsterinsights_sitenote_active":false,"_monsterinsights_sitenote_note":"","_monsterinsights_sitenote_category":0,"footnotes":""},"categories":[6],"tags":[204,71510,5314,71511],"class_list":["post-367199","post","type-post","status-publish","format-standard","has-post-thumbnail","hentry","category-cd-de-mexico","tag-ciudad-de-mexico","tag-jefe-vulcano","tag-miguel-angel-mancera-espinosa","tag-raul-esquivel"],"_links":{"self":[{"href":"https:\/\/www.diarioimagen.net\/index.php?rest_route=\/wp\/v2\/posts\/367199","targetHints":{"allow":["GET"]}}],"collection":[{"href":"https:\/\/www.diarioimagen.net\/index.php?rest_route=\/wp\/v2\/posts"}],"about":[{"href":"https:\/\/www.diarioimagen.net\/index.php?rest_route=\/wp\/v2\/types\/post"}],"author":[{"embeddable":true,"href":"https:\/\/www.diarioimagen.net\/index.php?rest_route=\/wp\/v2\/users\/3"}],"replies":[{"embeddable":true,"href":"https:\/\/www.diarioimagen.net\/index.php?rest_route=%2Fwp%2Fv2%2Fcomments&post=367199"}],"version-history":[{"count":0,"href":"https:\/\/www.diarioimagen.net\/index.php?rest_route=\/wp\/v2\/posts\/367199\/revisions"}],"wp:featuredmedia":[{"embeddable":true,"href":"https:\/\/www.diarioimagen.net\/index.php?rest_route=\/wp\/v2\/media\/367254"}],"wp:attachment":[{"href":"https:\/\/www.diarioimagen.net\/index.php?rest_route=%2Fwp%2Fv2%2Fmedia&parent=367199"}],"wp:term":[{"taxonomy":"category","embeddable":true,"href":"https:\/\/www.diarioimagen.net\/index.php?rest_route=%2Fwp%2Fv2%2Fcategories&post=367199"},{"taxonomy":"post_tag","embeddable":true,"href":"https:\/\/www.diarioimagen.net\/index.php?rest_route=%2Fwp%2Fv2%2Ftags&post=367199"}],"curies":[{"name":"wp","href":"https:\/\/api.w.org\/{rel}","templated":true}]}}