{"id":367212,"date":"2018-03-07T00:07:00","date_gmt":"2018-03-07T06:07:00","guid":{"rendered":"http:\/\/www.diarioimagen.net\/?p=367212"},"modified":"2018-03-07T02:58:54","modified_gmt":"2018-03-07T08:58:54","slug":"fortalece-gobierno-de-metepec-acciones-de-proteccion-a-la-ninez","status":"publish","type":"post","link":"https:\/\/www.diarioimagen.net\/?p=367212","title":{"rendered":"Fortalece gobierno de Metepec acciones de protecci\u00f3n a la ni\u00f1ez"},"content":{"rendered":"<ul>\n<li><strong><em>Con instalaci\u00f3n de buzones<\/em><\/strong><\/li>\n<\/ul>\n<p>&nbsp;<\/p>\n<div id=\"attachment_367275\" style=\"width: 470px\" class=\"wp-caption aligncenter\"><a href=\"http:\/\/www.diarioimagen.net\/?attachment_id=367275\" rel=\"attachment wp-att-367275\"><img loading=\"lazy\" decoding=\"async\" aria-describedby=\"caption-attachment-367275\" class=\"size-large wp-image-367275\" src=\"http:\/\/www.diarioimagen.net\/wp-content\/uploads\/2018\/03\/METEPEC-3321-460x306.jpg\" alt=\"\" width=\"460\" height=\"306\" srcset=\"https:\/\/www.diarioimagen.net\/wp-content\/uploads\/2018\/03\/METEPEC-3321-460x306.jpg 460w, https:\/\/www.diarioimagen.net\/wp-content\/uploads\/2018\/03\/METEPEC-3321-240x160.jpg 240w, https:\/\/www.diarioimagen.net\/wp-content\/uploads\/2018\/03\/METEPEC-3321.jpg 700w\" sizes=\"auto, (max-width: 460px) 100vw, 460px\" \/><\/a><p id=\"caption-attachment-367275\" class=\"wp-caption-text\">El alcalde, David L\u00f3pez C\u00e1rdenas, destac\u00f3 la importancia de contar con mecanismos que permitan hacer valer el sentir de la ni\u00f1ez.<\/p><\/div>\n<p>&nbsp;<\/p>\n<p><strong>Metepec, Estado de M\u00e9xico<\/strong>.-\u00a0Como parte de las acciones que realiza el ayuntamiento de Metepec, a trav\u00e9s del Sistema de Protecci\u00f3n Integral de las Ni\u00f1as, Ni\u00f1os y Adolescentes (SIPINNA) para velar por los derechos de este sector de la poblaci\u00f3n, se instalaron buzones donde los menores de edad podr\u00e1n canalizar situaciones que les aquejan, sugerencias y opiniones que ser\u00e1n atendidas oportunamente por autoridades municipales.<\/p>\n<p>El alcalde, David L\u00f3pez C\u00e1rdenas, destac\u00f3 la importancia de contar con mecanismos que permitan hacer valer el sentir de la ni\u00f1ez y record\u00f3 que Metepec fue uno de los municipios pioneros en implementar el SIPINNA como una herramienta que permite hacer eficientes las acciones en beneficio de los peque\u00f1os.<\/p>\n<p>Por su parte, el titular de la Defensor\u00eda Municipal de los Derechos Humanos, Jes\u00fas Dami\u00e1n Garc\u00eda, inform\u00f3 que los buzones fueron colocados en el edificio de la presidencia municipal, en las instalaciones del \u00e1rea a su cargo, \u00a0en el Organismo P\u00fablico Descentralizado para la Prestaci\u00f3n de los Servicios de Agua Potable, Alcantarillado y Saneamiento (OPDAPAS) y en la Contralor\u00eda Municipal.<\/p>\n<p>Adicional a estos buzones f\u00edsicos, los menores y las personas que conozcan de alg\u00fan caso donde se est\u00e9n vulnerando los derechos de alguna ni\u00f1a, ni\u00f1o o adolescente, tambi\u00e9n contar\u00e1n con la direcci\u00f3n de correo electr\u00f3nico sipinnametepec@metepec.gob.mx , al que podr\u00e1n sus quejas.<\/p>\n","protected":false},"excerpt":{"rendered":"<p>Como parte de las acciones que realiza el ayuntamiento de Metepec, a trav\u00e9s del Sistema de Protecci\u00f3n Integral de las Ni\u00f1as, Ni\u00f1os y Adolescentes (SIPINNA) para velar por los derechos de este sector de la poblaci\u00f3n, se instalaron buzones donde los menores de edad podr\u00e1n canalizar situaciones que les aquejan, sugerencias y opiniones que ser\u00e1n atendidas oportunamente por autoridades municipales.<\/p>\n","protected":false},"author":3,"featured_media":367275,"comment_status":"open","ping_status":"open","sticky":false,"template":"","format":"standard","meta":{"_monsterinsights_skip_tracking":false,"_monsterinsights_sitenote_active":false,"_monsterinsights_sitenote_note":"","_monsterinsights_sitenote_category":0,"footnotes":""},"categories":[35155],"tags":[43675,876,26932,22495],"class_list":["post-367212","post","type-post","status-publish","format-standard","has-post-thumbnail","hentry","category-estado-de-mexico-estado-de-mexico","tag-estado-de-mexico","tag-metepec","tag-ninez","tag-proteccion"],"_links":{"self":[{"href":"https:\/\/www.diarioimagen.net\/index.php?rest_route=\/wp\/v2\/posts\/367212","targetHints":{"allow":["GET"]}}],"collection":[{"href":"https:\/\/www.diarioimagen.net\/index.php?rest_route=\/wp\/v2\/posts"}],"about":[{"href":"https:\/\/www.diarioimagen.net\/index.php?rest_route=\/wp\/v2\/types\/post"}],"author":[{"embeddable":true,"href":"https:\/\/www.diarioimagen.net\/index.php?rest_route=\/wp\/v2\/users\/3"}],"replies":[{"embeddable":true,"href":"https:\/\/www.diarioimagen.net\/index.php?rest_route=%2Fwp%2Fv2%2Fcomments&post=367212"}],"version-history":[{"count":0,"href":"https:\/\/www.diarioimagen.net\/index.php?rest_route=\/wp\/v2\/posts\/367212\/revisions"}],"wp:featuredmedia":[{"embeddable":true,"href":"https:\/\/www.diarioimagen.net\/index.php?rest_route=\/wp\/v2\/media\/367275"}],"wp:attachment":[{"href":"https:\/\/www.diarioimagen.net\/index.php?rest_route=%2Fwp%2Fv2%2Fmedia&parent=367212"}],"wp:term":[{"taxonomy":"category","embeddable":true,"href":"https:\/\/www.diarioimagen.net\/index.php?rest_route=%2Fwp%2Fv2%2Fcategories&post=367212"},{"taxonomy":"post_tag","embeddable":true,"href":"https:\/\/www.diarioimagen.net\/index.php?rest_route=%2Fwp%2Fv2%2Ftags&post=367212"}],"curies":[{"name":"wp","href":"https:\/\/api.w.org\/{rel}","templated":true}]}}