{"id":367323,"date":"2018-03-08T00:10:33","date_gmt":"2018-03-08T06:10:33","guid":{"rendered":"http:\/\/www.diarioimagen.net\/?p=367323"},"modified":"2018-03-09T01:48:33","modified_gmt":"2018-03-09T07:48:33","slug":"factible-atender-suministro-de-agua-en-el-valle-de-mexico","status":"publish","type":"post","link":"https:\/\/www.diarioimagen.net\/?p=367323","title":{"rendered":"Factible, atender suministro de agua en el Valle de M\u00e9xico"},"content":{"rendered":"<ul>\n<li><strong><em>Urge trabajar en nuevos proyectos para reducir el d\u00e9ficit<\/em><\/strong><\/li>\n<\/ul>\n<p>&nbsp;<\/p>\n<div id=\"attachment_367392\" style=\"width: 470px\" class=\"wp-caption aligncenter\"><a href=\"http:\/\/www.diarioimagen.net\/?attachment_id=367392\" rel=\"attachment wp-att-367392\"><img loading=\"lazy\" decoding=\"async\" aria-describedby=\"caption-attachment-367392\" class=\"size-large wp-image-367392\" src=\"http:\/\/www.diarioimagen.net\/wp-content\/uploads\/2018\/03\/SUMINISTRO-3322-460x259.jpg\" alt=\"\" width=\"460\" height=\"259\" srcset=\"https:\/\/www.diarioimagen.net\/wp-content\/uploads\/2018\/03\/SUMINISTRO-3322-460x259.jpg 460w, https:\/\/www.diarioimagen.net\/wp-content\/uploads\/2018\/03\/SUMINISTRO-3322-240x135.jpg 240w, https:\/\/www.diarioimagen.net\/wp-content\/uploads\/2018\/03\/SUMINISTRO-3322-235x132.jpg 235w, https:\/\/www.diarioimagen.net\/wp-content\/uploads\/2018\/03\/SUMINISTRO-3322-202x114.jpg 202w, https:\/\/www.diarioimagen.net\/wp-content\/uploads\/2018\/03\/SUMINISTRO-3322-350x196.jpg 350w, https:\/\/www.diarioimagen.net\/wp-content\/uploads\/2018\/03\/SUMINISTRO-3322-220x123.jpg 220w, https:\/\/www.diarioimagen.net\/wp-content\/uploads\/2018\/03\/SUMINISTRO-3322-237x132.jpg 237w, https:\/\/www.diarioimagen.net\/wp-content\/uploads\/2018\/03\/SUMINISTRO-3322.jpg 480w\" sizes=\"auto, (max-width: 460px) 100vw, 460px\" \/><\/a><p id=\"caption-attachment-367392\" class=\"wp-caption-text\">Es factible reducir el d\u00e9ficit de agua potable que hoy enfrentan 10.6 millones de personas que viven en la Zona Metropolitana del Valle de M\u00e9xico.<\/p><\/div>\n<p>&nbsp;<\/p>\n<p><strong>Ciudad de M\u00e9xico<\/strong>.- Con proyectos y acciones de ingenier\u00eda que emprenden todos los niveles de gobierno, junto con la iniciativa privada, es factible reducir considerablemente el d\u00e9ficit de agua potable que hoy enfrentan 10.6 millones de personas que viven en la Zona Metropolitana del Valle de M\u00e9xico.<\/p>\n<p>As\u00ed lo se\u00f1al\u00f3 Jos\u00e9 Manuel Camacho Salm\u00f3n, Vocal Ejecutivo de la Comisi\u00f3n del Agua del Estado de M\u00e9xico (CAEM), durante su participaci\u00f3n en el 29\u00b0 Congreso Nacional de Ingenier\u00eda Civil M\u00e9xico 2018.<\/p>\n<p>Camacho Salm\u00f3n expuso un diagn\u00f3stico de la situaci\u00f3n que viven los habitantes que se concentra en la Zona Metropolitana del Valle de M\u00e9xico, cuya demanda de agua se incrementa junto con el crecimiento poblacional. Indic\u00f3 que ante esta situaci\u00f3n se requiere de nuevos proyectos que permitan dar flexibilidad, sustentabilidad y un mejor aprovechamiento en el manejo y entrega del vital l\u00edquido a la poblaci\u00f3n.<\/p>\n<p>Durante su participaci\u00f3n en la mesa: \u00bfTiene soluci\u00f3n la problem\u00e1tica del agua en el Valle de M\u00e9xico? el funcionario enfatiz\u00f3 la gran responsabilidad que comparten las diferentes instancias de gobierno, para realizar proyectos que optimicen el aprovechamiento de las fuentes de agua disponibles.<\/p>\n<p>Esto porque la regi\u00f3n hidrol\u00f3gica donde se encuentra el Estado de M\u00e9xico depende de las precipitaciones que se presenten en la cuenca, para el llenado de los cuerpos receptores de agua.<\/p>\n<p>A\u00f1adi\u00f3 que los Organismos Operadores prestadores de este servicio en los municipios, deber\u00e1n contar con personal capacitado, impulsar el tema de cobranza por el servicio e incrementar la micro medici\u00f3n, lo cual se traducir\u00e1 en mejoras en la\u00a0 infraestructura hidr\u00e1ulica en la entidad.<\/p>\n<p>La mesa de trabajo estuvo coordinada por el Director General del Sistema de Aguas de la Ciudad de M\u00e9xico, Ram\u00f3n Aguirre D\u00edaz, y participaron Fernando Gonz\u00e1lez C\u00e1nez, Coordinador General de Proyectos Especiales de Abastecimiento y Saneamiento de la Comisi\u00f3n Nacional del Agua (CONAGUA), Marisa Mazari Hiriart del Instituto de Ecolog\u00eda de la UNAM.<\/p>\n<p>As\u00ed como Manuel Perl\u00f3 Cohem, del Instituto de Investigaciones Sociales de la UNAM, Sergio Puente y Aguilar, Profesor-Investigador del Centro de Estudios Urbanos y Ambientales de El Colegio de M\u00e9xico, AC.<\/p>\n","protected":false},"excerpt":{"rendered":"<p>Con proyectos y acciones de ingenier\u00eda que emprenden todos los niveles de gobierno, junto con la iniciativa privada, es factible reducir considerablemente el d\u00e9ficit de agua potable que hoy enfrentan 10.6 millones de personas que viven en la Zona Metropolitana del Valle de M\u00e9xico.<\/p>\n","protected":false},"author":3,"featured_media":367392,"comment_status":"open","ping_status":"open","sticky":false,"template":"","format":"standard","meta":{"_monsterinsights_skip_tracking":false,"_monsterinsights_sitenote_active":false,"_monsterinsights_sitenote_note":"","_monsterinsights_sitenote_category":0,"footnotes":""},"categories":[5],"tags":[2272,204,34],"class_list":["post-367323","post","type-post","status-publish","format-standard","has-post-thumbnail","hentry","category-estado-de-mexico","tag-caem","tag-ciudad-de-mexico","tag-valle-de-mexico"],"_links":{"self":[{"href":"https:\/\/www.diarioimagen.net\/index.php?rest_route=\/wp\/v2\/posts\/367323","targetHints":{"allow":["GET"]}}],"collection":[{"href":"https:\/\/www.diarioimagen.net\/index.php?rest_route=\/wp\/v2\/posts"}],"about":[{"href":"https:\/\/www.diarioimagen.net\/index.php?rest_route=\/wp\/v2\/types\/post"}],"author":[{"embeddable":true,"href":"https:\/\/www.diarioimagen.net\/index.php?rest_route=\/wp\/v2\/users\/3"}],"replies":[{"embeddable":true,"href":"https:\/\/www.diarioimagen.net\/index.php?rest_route=%2Fwp%2Fv2%2Fcomments&post=367323"}],"version-history":[{"count":0,"href":"https:\/\/www.diarioimagen.net\/index.php?rest_route=\/wp\/v2\/posts\/367323\/revisions"}],"wp:featuredmedia":[{"embeddable":true,"href":"https:\/\/www.diarioimagen.net\/index.php?rest_route=\/wp\/v2\/media\/367392"}],"wp:attachment":[{"href":"https:\/\/www.diarioimagen.net\/index.php?rest_route=%2Fwp%2Fv2%2Fmedia&parent=367323"}],"wp:term":[{"taxonomy":"category","embeddable":true,"href":"https:\/\/www.diarioimagen.net\/index.php?rest_route=%2Fwp%2Fv2%2Fcategories&post=367323"},{"taxonomy":"post_tag","embeddable":true,"href":"https:\/\/www.diarioimagen.net\/index.php?rest_route=%2Fwp%2Fv2%2Ftags&post=367323"}],"curies":[{"name":"wp","href":"https:\/\/api.w.org\/{rel}","templated":true}]}}