{"id":367327,"date":"2018-03-08T00:11:06","date_gmt":"2018-03-08T06:11:06","guid":{"rendered":"http:\/\/www.diarioimagen.net\/?p=367327"},"modified":"2018-03-08T02:25:10","modified_gmt":"2018-03-08T08:25:10","slug":"ayuda-permanente-a-mexiquenses","status":"publish","type":"post","link":"https:\/\/www.diarioimagen.net\/?p=367327","title":{"rendered":"Ayuda permanente a mexiquenses"},"content":{"rendered":"<h2>Arco Norte<\/h2>\n<h5>Jos\u00e9 Luis Monta\u00f1ez Aguilar<\/h5>\n<p>&nbsp;<\/p>\n<p>Alfredo Del Mazo afirm\u00f3 que para tener familias mexiquenses fuertes se requiere brindar de mayor apoyo y oportunidades de desarrollo a las mujeres, quienes representan el pilar y la unidad familiar, por ello la creaci\u00f3n del\u00a0 programa Salario Rosa.<\/p>\n<p>El gobernador del Estado de M\u00e9xico record\u00f3 que la primera etapa de este programa de desarrollo social est\u00e1 enfocada en llegar a amas de casa que viven en condiciones de vulnerabilidad.<\/p>\n<p>Se\u00f1al\u00f3 que este programa tambi\u00e9n fue creado para reconocer el esfuerzo que hacen las mujeres dedicadas a las actividades del hogar, para que los integrantes de su familia salgan adelante.<\/p>\n<p>Dijo que las amas de casa recibir\u00e1n un pago bimestral de 2 mil 400 pesos, para que lo inviertan en lo que ellas decidan.<\/p>\n<p>En este sentido, destac\u00f3 que al escuchar a las mujeres que han recibido su Salario Rosa, la mayor\u00eda le han comentado que los recursos econ\u00f3micos los invertir\u00e1n en la educaci\u00f3n de sus hijos, por lo que les reconoci\u00f3 que siempre piensen en el bienestar de su familia.<\/p>\n<p>El mandatario estatal indic\u00f3 que este programa ser\u00e1 permanente, y adem\u00e1s de otorgar el pago bimestral, las mujeres tendr\u00e1n la oportunidad de aprender alg\u00fan oficio y emprender proyectos productivos.<\/p>\n<p style=\"text-align: center;\"><strong>Realiza Edomex intensa promoci\u00f3n a la salud de la mujer<\/strong><\/p>\n<p><a href=\"http:\/\/www.diarioimagen.net\/?attachment_id=367395\" rel=\"attachment wp-att-367395\"><img loading=\"lazy\" decoding=\"async\" class=\"aligncenter size-large wp-image-367395\" src=\"http:\/\/www.diarioimagen.net\/wp-content\/uploads\/2018\/03\/arco-3322-460x259.jpg\" alt=\"\" width=\"460\" height=\"259\" srcset=\"https:\/\/www.diarioimagen.net\/wp-content\/uploads\/2018\/03\/arco-3322-460x259.jpg 460w, https:\/\/www.diarioimagen.net\/wp-content\/uploads\/2018\/03\/arco-3322-240x135.jpg 240w, https:\/\/www.diarioimagen.net\/wp-content\/uploads\/2018\/03\/arco-3322-235x132.jpg 235w, https:\/\/www.diarioimagen.net\/wp-content\/uploads\/2018\/03\/arco-3322-202x114.jpg 202w, https:\/\/www.diarioimagen.net\/wp-content\/uploads\/2018\/03\/arco-3322-350x196.jpg 350w, https:\/\/www.diarioimagen.net\/wp-content\/uploads\/2018\/03\/arco-3322-220x123.jpg 220w, https:\/\/www.diarioimagen.net\/wp-content\/uploads\/2018\/03\/arco-3322-237x132.jpg 237w, https:\/\/www.diarioimagen.net\/wp-content\/uploads\/2018\/03\/arco-3322.jpg 480w\" sizes=\"auto, (max-width: 460px) 100vw, 460px\" \/><\/a><\/p>\n<p>En el marco del D\u00eda Internacional de la Mujer, el Instituto de Salud del Estado de M\u00e9xico (ISEM), hizo un llamado a este sector de la poblaci\u00f3n para adherirse a los diversos programas de promoci\u00f3n de la salud, que tienen como meta prevenir enfermedades y elevar la calidad de vida de m\u00e1s de 4 millones de mexiquenses de 10 a\u00f1os y m\u00e1s que no cuentan con seguridad social.<\/p>\n<p>Por instrucciones del gobierno del Estado de M\u00e9xico, a trav\u00e9s de las tres Ciudades Salud para la Mujer, ubicadas en Cuautitl\u00e1n, Huixquilucan y Ocuilan, se ha fortalecido la atenci\u00f3n a las mujeres mexiquenses y cada a\u00f1o se otorgan m\u00e1s de 100 mil consultas en salud materna, geri\u00e1trica y detecci\u00f3n temprana de c\u00e1ncer.<\/p>\n<p>El ISEM indic\u00f3 que la atenci\u00f3n que se otorga a la poblaci\u00f3n femenina de la entidad, es trav\u00e9s de los programas de promoci\u00f3n de la salud, alimentaci\u00f3n y actividad f\u00edsica, entornos y comunidades saludables, nutrici\u00f3n y contra adicciones.<\/p>\n<p><em><a href=\"mailto:montanezaguilar@gmail.com\" target=\"_blank\" rel=\"noopener noreferrer\">montanezaguilar@gmail.com<\/a><\/em><\/p>\n","protected":false},"excerpt":{"rendered":"<p><span style=\"color: #005497;\">Jos\u00e9 Luis Monta\u00f1ez<\/span><br \/>\n<br \/>\nAlfredo Del Mazo afirm\u00f3 que para tener familias mexiquenses fuertes se requiere brindar de mayor apoyo y oportunidades de desarrollo a las mujeres, quienes representan el pilar y la unidad familiar, por ello la creaci\u00f3n del  programa Salario Rosa.<\/p>\n","protected":false},"author":3,"featured_media":367395,"comment_status":"open","ping_status":"open","sticky":false,"template":"","format":"standard","meta":{"_monsterinsights_skip_tracking":false,"_monsterinsights_sitenote_active":false,"_monsterinsights_sitenote_note":"","_monsterinsights_sitenote_category":0,"footnotes":""},"categories":[5],"tags":[13284,43704,43674],"class_list":["post-367327","post","type-post","status-publish","format-standard","has-post-thumbnail","hentry","category-estado-de-mexico","tag-arco-norte","tag-jose-luis-montanez-aguilar","tag-opinion"],"_links":{"self":[{"href":"https:\/\/www.diarioimagen.net\/index.php?rest_route=\/wp\/v2\/posts\/367327","targetHints":{"allow":["GET"]}}],"collection":[{"href":"https:\/\/www.diarioimagen.net\/index.php?rest_route=\/wp\/v2\/posts"}],"about":[{"href":"https:\/\/www.diarioimagen.net\/index.php?rest_route=\/wp\/v2\/types\/post"}],"author":[{"embeddable":true,"href":"https:\/\/www.diarioimagen.net\/index.php?rest_route=\/wp\/v2\/users\/3"}],"replies":[{"embeddable":true,"href":"https:\/\/www.diarioimagen.net\/index.php?rest_route=%2Fwp%2Fv2%2Fcomments&post=367327"}],"version-history":[{"count":0,"href":"https:\/\/www.diarioimagen.net\/index.php?rest_route=\/wp\/v2\/posts\/367327\/revisions"}],"wp:featuredmedia":[{"embeddable":true,"href":"https:\/\/www.diarioimagen.net\/index.php?rest_route=\/wp\/v2\/media\/367395"}],"wp:attachment":[{"href":"https:\/\/www.diarioimagen.net\/index.php?rest_route=%2Fwp%2Fv2%2Fmedia&parent=367327"}],"wp:term":[{"taxonomy":"category","embeddable":true,"href":"https:\/\/www.diarioimagen.net\/index.php?rest_route=%2Fwp%2Fv2%2Fcategories&post=367327"},{"taxonomy":"post_tag","embeddable":true,"href":"https:\/\/www.diarioimagen.net\/index.php?rest_route=%2Fwp%2Fv2%2Ftags&post=367327"}],"curies":[{"name":"wp","href":"https:\/\/api.w.org\/{rel}","templated":true}]}}