{"id":367344,"date":"2018-03-08T00:07:03","date_gmt":"2018-03-08T06:07:03","guid":{"rendered":"http:\/\/www.diarioimagen.net\/?p=367344"},"modified":"2018-03-08T02:32:09","modified_gmt":"2018-03-08T08:32:09","slug":"morena-podria-estar-detras-de-la-escasez-de-agua-barrales","status":"publish","type":"post","link":"https:\/\/www.diarioimagen.net\/?p=367344","title":{"rendered":"Morena podr\u00eda estar detr\u00e1s de la escasez de agua: Barrales"},"content":{"rendered":"<ul>\n<li><strong><em>Sheinbaum se deslinda de afectaciones<\/em><\/strong><\/li>\n<\/ul>\n<p>&nbsp;<\/p>\n<div id=\"attachment_367410\" style=\"width: 470px\" class=\"wp-caption aligncenter\"><a href=\"http:\/\/www.diarioimagen.net\/?attachment_id=367410\" rel=\"attachment wp-att-367410\"><img loading=\"lazy\" decoding=\"async\" aria-describedby=\"caption-attachment-367410\" class=\"size-large wp-image-367410\" src=\"http:\/\/www.diarioimagen.net\/wp-content\/uploads\/2018\/03\/MORENA-3322-460x259.jpg\" alt=\"\" width=\"460\" height=\"259\" srcset=\"https:\/\/www.diarioimagen.net\/wp-content\/uploads\/2018\/03\/MORENA-3322-460x259.jpg 460w, https:\/\/www.diarioimagen.net\/wp-content\/uploads\/2018\/03\/MORENA-3322-240x135.jpg 240w, https:\/\/www.diarioimagen.net\/wp-content\/uploads\/2018\/03\/MORENA-3322-235x132.jpg 235w, https:\/\/www.diarioimagen.net\/wp-content\/uploads\/2018\/03\/MORENA-3322-202x114.jpg 202w, https:\/\/www.diarioimagen.net\/wp-content\/uploads\/2018\/03\/MORENA-3322-350x196.jpg 350w, https:\/\/www.diarioimagen.net\/wp-content\/uploads\/2018\/03\/MORENA-3322-220x123.jpg 220w, https:\/\/www.diarioimagen.net\/wp-content\/uploads\/2018\/03\/MORENA-3322-237x132.jpg 237w, https:\/\/www.diarioimagen.net\/wp-content\/uploads\/2018\/03\/MORENA-3322.jpg 480w\" sizes=\"auto, (max-width: 460px) 100vw, 460px\" \/><\/a><p id=\"caption-attachment-367410\" class=\"wp-caption-text\">Claudia Sheinbaum reconoci\u00f3 que hay una politizaci\u00f3n del agua en la capital, pero neg\u00f3 que Morena est\u00e9 detr\u00e1s del cierre de v\u00e1lvulas.<\/p><\/div>\n<p>&nbsp;<\/p>\n<p>Alejandra Barrales, aspirante del PRD al gobierno de la Ciudad de M\u00e9xico, se\u00f1al\u00f3 que Morena podr\u00eda estar detr\u00e1s del cierre de v\u00e1lvulas de agua en la capital, acci\u00f3n que ha afectado a ciudadanos en diversas delegaciones dej\u00e1ndolos sin agua.<\/p>\n<p>La ex lideresa del sol azteca calific\u00f3 de \u201clamentable\u201d que algunos pol\u00edticos quieran \u201cganar votos\u201d al incidir en las v\u00e1lvulas de agua, esto luego que se le pregunt\u00f3 si Morena pudiera estar detr\u00e1s del tema, a\u00fan cuando el partido se est\u00e1 deslindando, refiri\u00f3 al terminar su participaci\u00f3n en la exposici\u00f3n The Real Estate Show 2018.<\/p>\n<p>Por ello, llam\u00f3 a no \u201clastimar la inteligencia de la ciudadan\u00eda\u201d con el fin de ganar votos rumbo a las elecciones donde se renovar\u00e1 la jefatura de gobierno, las 16 alcald\u00edas y el Congreso local.<\/p>\n<p>\u201cCon independencia de la problem\u00e1tica que los capitalinos conocen muy bien, yo ya hab\u00eda advertido que seguramente se van a venir todo este tipo de planteamientos como el que denuncia el jefe de gobierno con el tema del agua, porque en esta contienda tendremos lamentablemente la presencia de gente que no le va a importar afectar a otros con tal generar una percepci\u00f3n de incomodidad\u201d, expres\u00f3 Barrales Magdaleno.<\/p>\n<p style=\"text-align: center;\"><strong>S\u00ed hay uso pol\u00edtico del agua <\/strong><strong>en CDMX: Sheinbaum<\/strong><\/p>\n<p>Por su parte, la candidata de Morena a la jefatura de gobierno, Claudia Sheinbaum, coincidi\u00f3 con Miguel \u00c1ngel Mancera en que s\u00ed existe una politizaci\u00f3n en la distribuci\u00f3n del agua desde hace a\u00f1os, y se pronunci\u00f3 porque estas pr\u00e1cticas finalicen en la capital.<\/p>\n<p>Desde hace mucho tiempo existe eso tanto en las pipas en algunas delegaciones, como en el manejo de las v\u00e1lvulas y eso tiene que acabar. Estoy de acuerdo con el jefe de gobierno, en que esa no puede ser la manera de operar, la idea es modernizar el sistema de aguas\u201d, coment\u00f3.<\/p>\n<p>Se\u00f1al\u00f3 que desde hace por lo menos mes y medio, la delegaci\u00f3n Tlalpan est\u00e1 sumergida en una crisis del agua porque el Sistema de Aguas no manda suficiente l\u00edquido proveniente del Sistema Cutzamala, por lo que hizo un llamado a terminar con estas pr\u00e1cticas en medio de un proceso electoral.<\/p>\n<p>No le voy a poner nombre, ni apellidos, lo cierto es que estamos en una grave crisis del agua en la Ciudad de M\u00e9xico, y muchas veces hay un uso pol\u00edtico del servicio de agua potable cuando es un derecho humano\u201d, reiter\u00f3.<\/p>\n<p>Concluy\u00f3 que se debe acabar con este \u201ctrabajo sucio\u201d realizado por los \u2018valvulistas\u2019 que han surgido debido al tandeo de agua y que se debe terminar con esa forma de distribuci\u00f3n, sin embargo, dijo que es un proceso que llevar\u00e1 tiempo.<\/p>\n","protected":false},"excerpt":{"rendered":"<p>Alejandra Barrales, aspirante del PRD al gobierno de la Ciudad de M\u00e9xico, se\u00f1al\u00f3 que Morena podr\u00eda estar detr\u00e1s del cierre de v\u00e1lvulas de agua en la capital, acci\u00f3n que ha afectado a ciudadanos en diversas delegaciones dej\u00e1ndolos sin agua.<\/p>\n","protected":false},"author":3,"featured_media":367410,"comment_status":"open","ping_status":"open","sticky":false,"template":"","format":"standard","meta":{"_monsterinsights_skip_tracking":false,"_monsterinsights_sitenote_active":false,"_monsterinsights_sitenote_note":"","_monsterinsights_sitenote_category":0,"footnotes":""},"categories":[6],"tags":[11733,204],"class_list":["post-367344","post","type-post","status-publish","format-standard","has-post-thumbnail","hentry","category-cd-de-mexico","tag-alejandra-barrales-magdaleno","tag-ciudad-de-mexico"],"_links":{"self":[{"href":"https:\/\/www.diarioimagen.net\/index.php?rest_route=\/wp\/v2\/posts\/367344","targetHints":{"allow":["GET"]}}],"collection":[{"href":"https:\/\/www.diarioimagen.net\/index.php?rest_route=\/wp\/v2\/posts"}],"about":[{"href":"https:\/\/www.diarioimagen.net\/index.php?rest_route=\/wp\/v2\/types\/post"}],"author":[{"embeddable":true,"href":"https:\/\/www.diarioimagen.net\/index.php?rest_route=\/wp\/v2\/users\/3"}],"replies":[{"embeddable":true,"href":"https:\/\/www.diarioimagen.net\/index.php?rest_route=%2Fwp%2Fv2%2Fcomments&post=367344"}],"version-history":[{"count":0,"href":"https:\/\/www.diarioimagen.net\/index.php?rest_route=\/wp\/v2\/posts\/367344\/revisions"}],"wp:featuredmedia":[{"embeddable":true,"href":"https:\/\/www.diarioimagen.net\/index.php?rest_route=\/wp\/v2\/media\/367410"}],"wp:attachment":[{"href":"https:\/\/www.diarioimagen.net\/index.php?rest_route=%2Fwp%2Fv2%2Fmedia&parent=367344"}],"wp:term":[{"taxonomy":"category","embeddable":true,"href":"https:\/\/www.diarioimagen.net\/index.php?rest_route=%2Fwp%2Fv2%2Fcategories&post=367344"},{"taxonomy":"post_tag","embeddable":true,"href":"https:\/\/www.diarioimagen.net\/index.php?rest_route=%2Fwp%2Fv2%2Ftags&post=367344"}],"curies":[{"name":"wp","href":"https:\/\/api.w.org\/{rel}","templated":true}]}}