{"id":367382,"date":"2018-03-08T00:11:53","date_gmt":"2018-03-08T06:11:53","guid":{"rendered":"http:\/\/www.diarioimagen.net\/?p=367382"},"modified":"2018-03-08T05:33:00","modified_gmt":"2018-03-08T11:33:00","slug":"pan-denuncia-a-pena-nieto-ante-ine-oea-y-cndh","status":"publish","type":"post","link":"https:\/\/www.diarioimagen.net\/?p=367382","title":{"rendered":"PAN denuncia a Pe\u00f1a Nieto ante INE, OEA y CNDH"},"content":{"rendered":"<h2>Tras la puerta del poder<\/h2>\n<h5>Roberto Vizca\u00edno<\/h5>\n<p>&nbsp;<\/p>\n<ul>\n<li><strong><em>Meade, AMLO y otros muchos exigen investigar a fondo a Ricardo Anaya por lavado de dinero<\/em><\/strong><\/li>\n<\/ul>\n<p>&nbsp;<\/p>\n<div id=\"attachment_367478\" style=\"width: 470px\" class=\"wp-caption aligncenter\"><a href=\"http:\/\/www.diarioimagen.net\/?attachment_id=367478\" rel=\"attachment wp-att-367478\"><img loading=\"lazy\" decoding=\"async\" aria-describedby=\"caption-attachment-367478\" class=\"size-large wp-image-367478\" src=\"http:\/\/www.diarioimagen.net\/wp-content\/uploads\/2018\/03\/gran-apoyo-LUIS-XAVIER-3322-460x356.jpg\" alt=\"\" width=\"460\" height=\"356\" srcset=\"https:\/\/www.diarioimagen.net\/wp-content\/uploads\/2018\/03\/gran-apoyo-LUIS-XAVIER-3322-460x356.jpg 460w, https:\/\/www.diarioimagen.net\/wp-content\/uploads\/2018\/03\/gran-apoyo-LUIS-XAVIER-3322-240x186.jpg 240w, https:\/\/www.diarioimagen.net\/wp-content\/uploads\/2018\/03\/gran-apoyo-LUIS-XAVIER-3322-768x594.jpg 768w, https:\/\/www.diarioimagen.net\/wp-content\/uploads\/2018\/03\/gran-apoyo-LUIS-XAVIER-3322.jpg 1200w\" sizes=\"auto, (max-width: 460px) 100vw, 460px\" \/><\/a><p id=\"caption-attachment-367478\" class=\"wp-caption-text\">Gran apoyo&#8230; | Luis Xavier<\/p><\/div>\n<p>&nbsp;<\/p>\n<p>\u00bfQu\u00e9 pas\u00f3\u2026 si se llevaban tan bien?, pregunta <strong>Andr\u00e9s Manuel L\u00f3pez Obrador<\/strong> antes de exigir que la investigaci\u00f3n de la PGR por lavado de dinero contra <strong>Ricardo Anaya<\/strong> siga hasta el fondo.<\/p>\n<p>A su vez <strong>Jos\u00e9 Antonio Meade<\/strong> pide no perder la objetividad: de lo que se trata es de una investigaci\u00f3n judicial por lavado de dinero, no de una persecuci\u00f3n pol\u00edtica.<\/p>\n<p>El asunto &#8211;dice el candidato presidencial del PRI, PVEM y Panal&#8211; es simple: <strong>Ricardo Anaya <\/strong>tiene que explicar c\u00f3mo fue que logr\u00f3 comprar un terreno por 10 millones, y luego recibir 54 a trav\u00e9s de una clara operaci\u00f3n de lavado internacional de dinero.<\/p>\n<p>Lo mismo exige <strong>Ernesto Cordero,<\/strong> presidente del Senado quien pide adem\u00e1s no desechar que los intelectuales que pidieron que el gobierno no intervenga en el proceso electoral, tambi\u00e9n exigieron ir a fondo con la investigaci\u00f3n de la PGR contra <strong>Ricardo Anaya<\/strong>.<\/p>\n<p>Otros que exigen lo mismo que los anteriores por supuesto son <strong>Enrique Ochoa Reza,<\/strong> presidente del PRI y sus bancadas en el Senado con <strong>Emilio Gamboa<\/strong> a la cabeza en el Senado, y en San L\u00e1zaro bajo la conducci\u00f3n del mexiquense <strong>Carlos Iriarte<\/strong> junto con sus aliados del Verde Ecologista y Nueva Alianza.<\/p>\n<p style=\"text-align: center;\"><strong>La respuesta<\/strong><\/p>\n<p>En respuesta a todo esto ayer los panistas apoyaron a su candidato presidencial <strong>Ricardo Anaya,<\/strong> presentando denuncias ante el INE, la OEA y la CNDH.<\/p>\n<p>As\u00ed, mientras el propio Anaya insist\u00eda en que era un perseguido pol\u00edtico de Pe\u00f1a Nieto, en las oficinas de la OEA en M\u00e9xico un grupo de senadores encabezados por su coordinador <strong>Fernando Herrera,<\/strong> fue recibido por, el embajador <strong>An\u00edbal Enrique Qui\u00f1\u00f3nez Abarca <\/strong>a quien entregaron una petici\u00f3n para que este organismo se pronuncie en contra del gobierno mexicano.<\/p>\n<p>Los panistas buscan que la OEA certifique que las denuncias de lavado de dinero contra del candidato presidencial de M\u00e9xico al Frente son en realidad persecuci\u00f3n pol\u00edtica.<\/p>\n<p>El representante de la OEA en M\u00e9xico prometi\u00f3 hacer llegar esta denuncia al secretario general de la OEA.<\/p>\n<p style=\"text-align: center;\"><strong>Ante el INE<\/strong><\/p>\n<p>Casi al mismo tiempo, en el sur de la ciudad, en la sede del INE, un grupo de diputados del PAN encabezados por el michoacano <strong>Marko Cort\u00e9s<\/strong> interpon\u00eda a su vez otra denuncia contra del encargado de despacho de la Procuradur\u00eda General de la Rep\u00fablica y del presidente Enrique Pe\u00f1a Nieto.<\/p>\n<p>Argumentaron los blanquiazules que durante las semanas recientes <strong>Pe\u00f1a Nieto<\/strong> us\u00f3 de manera perversa, sucia y retr\u00f3grada tanto a la PGR como a la Segob para golpear y tratar de desprestigiar a <strong>Ricardo Anaya.<\/strong><\/p>\n<p>A su vez el diputado federal panista <strong>Federico D\u00f6ring se present\u00f3 ante la Comisi\u00f3n Nacional de Derechos Humanos para interponer un recurso<\/strong> en contra de <strong>Alberto El\u00edas Beltr\u00e1n, <\/strong>titular de la PGR en funciones, por la violaci\u00f3n a las garant\u00edas individuales del candidato presidencial <strong>Ricardo Anaya<\/strong> y sus colaboradores, al espiar y posteriormente divulgar la conversaci\u00f3n que estos sostuvieron en su visita a esta dependencia el pasado 25 de febrero.<\/p>\n<p>Como se ve el jaloneo electoral sigue y al parecer no hay nada que lo detenga.<\/p>\n<p>Mientras tanto la PGR, a la cual todos le exigen acelerar el paso, continua en absoluto silencio, como se lo manda la Ley y el Debido Proceso, la investigaci\u00f3n de lavado de dinero contra <strong>Ricardo Anaya.<\/strong><\/p>\n<p>Ya veremos quiz\u00e1 en las siguientes semanas cu\u00e1l es su conclusi\u00f3n.<\/p>\n<p>Si <strong>Anaya<\/strong> est\u00e1 involucrado en la trama del lavado de dinero, como lo advierten la mayor\u00eda de los testimonios, pues ir\u00e1 a enfrentar juicio vestido de beige que es el modelo asignado a los reos.<\/p>\n<p>Ya sabemos que su abogado ser\u00e1 <strong>Diego Fern\u00e1ndez de Cevallos<\/strong> que es uno de los mayores expertos en obtener libertades de quienes han ca\u00eddo en malos pasos.<\/p>\n<p>Mientras les recomiendo comer palomitas como lo hicieron anteayer los senadores de Morena, <strong>Mario Delgado<\/strong> y <strong>Zoe Robledo<\/strong>, porque el espect\u00e1culo va a seguir.<\/p>\n<p style=\"text-align: center;\"><strong>No conf\u00edan uno en el otro<\/strong><\/p>\n<p><strong>Jared Kushner<\/strong>, jefe de asesores y yerno del presidente de <strong>Donald Trump <\/strong>lleg\u00f3 ayer a M\u00e9xico para una negociaci\u00f3n directa con el presidente <strong>Enrique Pe\u00f1a Nieto.<\/strong><\/p>\n<p>Sin levantar mayor polvo, la presencia en M\u00e9xico de este muy cercano personaje de Trump, confirma que tanto el presidente de EU como <strong>Pe\u00f1a Nieto<\/strong> han decidido no correr el riesgo de dialogar personalmente, ya que siempre que lo hacen, terminan p\u00e9simo.<\/p>\n<p>En los hechos la visita de Kushner sustituye al encuentro que fue cancelado a fines de febrero por <strong>Pe\u00f1a Nieto<\/strong>, luego de una r\u00edspida conversaci\u00f3n de 50 minutos con<strong> Trump.<\/strong> La reuni\u00f3n de los presidentes de EU y M\u00e9xico estaba prevista para fines de febrero o inicios de marzo en la Casa Blanca, en Washington.<\/p>\n<p>Pero resulta que en una conversaci\u00f3n telef\u00f3nica realizada el 24 de febrero previa a la visita de <strong>Pe\u00f1a Nieto <\/strong>a Washington, <strong>Trump <\/strong>intent\u00f3 comprometer al mexicano a que no dijera en su visita a La Casa Blanca, que M\u00e9xico de ninguna forma pagar\u00eda el muro que ya construye EU en la frontera con M\u00e9xico.<\/p>\n<p>Seg\u00fan narr\u00f3 <em>The Washington Post <\/em><strong>Trump <\/strong>perdi\u00f3 el control de s\u00ed mismo y al parecer termin\u00f3 colg\u00e1ndole el tel\u00e9fono a <strong>Pe\u00f1a Nieto<\/strong>, y este cancelando su visita a Washington.<\/p>\n<p>As\u00ed que lo que quer\u00eda conversar el presidente de EU con el de M\u00e9xico, se lo encarg\u00f3 a su yerno. <strong>Kushner <\/strong>lleg\u00f3 acompa\u00f1ado por funcionarios del Departamento de Estado y del Consejo de Seguridad Nacional de Estados Unidos.<\/p>\n<p>En el fondo el encuentro de <strong>Kushner <\/strong>con <strong>Videgaray<\/strong> y luego con <strong>Pe\u00f1a Nieto<\/strong> no marca ninguna situaci\u00f3n extraordinaria, ya que el asesor principal de <strong>Trump <\/strong>y esposo de <strong>Ivanka Trump<\/strong>, la hija mayor del mandatario de EU, se re\u00fane al menos una o dos veces por mes con su amigo el canciller mexicano.<\/p>\n<p>La llegada del yerno de Trump se da en el marco de nuevos desencuentros internos en EU y la Casa Blanca, y de importantes renuncias como la de <strong>Gary Cohn <\/strong>por la decisi\u00f3n del mandatario norteamericano de imponer aranceles al acero, y sin duda dentro del marco de la complicada e incierta negociaci\u00f3n del Tratado de Libre Comercio con Am\u00e9rica del Norte entre M\u00e9xico, Canad\u00e1 y Estados Unidos, el TLCAN.<\/p>\n<p style=\"text-align: center;\"><strong>Marina gana el primer lugar<\/strong><\/p>\n<p>La Secretar\u00eda de Marina fue galardonada ayer por la titular de la Funci\u00f3n P\u00fablica, <strong>Arely G\u00f3mez,<\/strong> quien en representaci\u00f3n del Gobierno Federal entreg\u00f3 el Premio a la Cultura de la Igualdad de G\u00e9nero y el Premio Nacional de Administraci\u00f3n \u201cAmalia de Castillo Led\u00f3n\u201d por su inclusi\u00f3n de mujeres en sus tareas.<\/p>\n<p>Durante el evento dentro de las celebraciones al Dia de la Mujer, el almirante <strong>Vidal Francisco Sober\u00f3n<\/strong>, titular de Marina-Armada de M\u00e9xico se destac\u00f3 que esta secretar\u00eda ha logrado institucionalizar los principios de igualdad y no discriminaci\u00f3n, para alentar a las mujeres que desean hacer carrera en las Fuerzas Armadas.<\/p>\n<p>Ah\u00ed subray\u00f3 que \u201cla igualdad de g\u00e9nero al interior de las filas de las Instituciones se traduce en un fortalecido esp\u00edritu de cuerpo, en un ambiente en el que alentamos el liderazgo y el empoderamiento de las mujeres\u201d.<\/p>\n<p>Y agreg\u00f3:<\/p>\n<p>\u201cHoy es posible ver que las tripulaciones de nuestros buques y unidades aeronavales son mixtas, e incluso algunas son comandadas por mujeres.<\/p>\n<p>\u201cHoy m\u00e1s que nunca ratificamos que servir a M\u00e9xico no es una cuesti\u00f3n de g\u00e9nero. Servir a M\u00e9xico, es una cuesti\u00f3n de honor, deber, lealtad y patriotismo. Valores bajo los que act\u00faan por igual las mujeres y los hombres de mar. Mujeres y hombres navales conscientes de sus cualidades y fortalezas. Una misma tripulaci\u00f3n, que vela por los intereses supremos de la naci\u00f3n\u201d, precis\u00f3.<\/p>\n<p><em><a href=\"mailto:rvizcainoa@gmail.com\" target=\"_blank\" rel=\"noopener\">vizcainoa@gmail.com<\/a><\/em><br \/>\n<em><a href=\"http:\/\/www.endirecto.com.mx\/\" target=\"_blank\" rel=\"noopener\">www.endirecto.com.mx<\/a><\/em><br \/>\n<em><a href=\"https:\/\/twitter.com\/_rvizcaino\" target=\"_blank\" rel=\"noopener\">@_RVizcaino<\/a><\/em><br \/>\n<a href=\"https:\/\/www.facebook.com\/rvizcainoa\" target=\"_blank\" rel=\"noopener\">f<em>acebook.com\/rvizcainoa<\/em><\/a><\/p>\n","protected":false},"excerpt":{"rendered":"<p><span style=\"color: #005497;\"><strong>Roberto Vizca\u00edno<\/strong><\/span><br \/>\n<br \/>\n\u00bfQu\u00e9 pas\u00f3\u2026 si se llevaban tan bien?, pregunta <strong>Andr\u00e9s Manuel L\u00f3pez Obrador<\/strong> antes de exigir que la investigaci\u00f3n de la PGR por lavado de dinero contra <strong>Ricardo Anaya<\/strong> siga hasta el fondo.<\/p>\n","protected":false},"author":3,"featured_media":367478,"comment_status":"open","ping_status":"open","sticky":false,"template":"","format":"standard","meta":{"_monsterinsights_skip_tracking":false,"_monsterinsights_sitenote_active":false,"_monsterinsights_sitenote_note":"","_monsterinsights_sitenote_category":0,"footnotes":""},"categories":[136],"tags":[43674,93,94],"class_list":["post-367382","post","type-post","status-publish","format-standard","has-post-thumbnail","hentry","category-roberto-vizcaino-opinion","tag-opinion","tag-roberto-vizcaino","tag-tras-la-puerta-del-poder"],"_links":{"self":[{"href":"https:\/\/www.diarioimagen.net\/index.php?rest_route=\/wp\/v2\/posts\/367382","targetHints":{"allow":["GET"]}}],"collection":[{"href":"https:\/\/www.diarioimagen.net\/index.php?rest_route=\/wp\/v2\/posts"}],"about":[{"href":"https:\/\/www.diarioimagen.net\/index.php?rest_route=\/wp\/v2\/types\/post"}],"author":[{"embeddable":true,"href":"https:\/\/www.diarioimagen.net\/index.php?rest_route=\/wp\/v2\/users\/3"}],"replies":[{"embeddable":true,"href":"https:\/\/www.diarioimagen.net\/index.php?rest_route=%2Fwp%2Fv2%2Fcomments&post=367382"}],"version-history":[{"count":0,"href":"https:\/\/www.diarioimagen.net\/index.php?rest_route=\/wp\/v2\/posts\/367382\/revisions"}],"wp:featuredmedia":[{"embeddable":true,"href":"https:\/\/www.diarioimagen.net\/index.php?rest_route=\/wp\/v2\/media\/367478"}],"wp:attachment":[{"href":"https:\/\/www.diarioimagen.net\/index.php?rest_route=%2Fwp%2Fv2%2Fmedia&parent=367382"}],"wp:term":[{"taxonomy":"category","embeddable":true,"href":"https:\/\/www.diarioimagen.net\/index.php?rest_route=%2Fwp%2Fv2%2Fcategories&post=367382"},{"taxonomy":"post_tag","embeddable":true,"href":"https:\/\/www.diarioimagen.net\/index.php?rest_route=%2Fwp%2Fv2%2Ftags&post=367382"}],"curies":[{"name":"wp","href":"https:\/\/api.w.org\/{rel}","templated":true}]}}