{"id":367427,"date":"2018-03-08T00:05:50","date_gmt":"2018-03-08T06:05:50","guid":{"rendered":"http:\/\/www.diarioimagen.net\/?p=367427"},"modified":"2018-03-08T03:20:19","modified_gmt":"2018-03-08T09:20:19","slug":"escasez-de-agua-y-vision-de-estado","status":"publish","type":"post","link":"https:\/\/www.diarioimagen.net\/?p=367427","title":{"rendered":"Escasez de agua y visi\u00f3n de Estado"},"content":{"rendered":"<h2>Desde el portal<\/h2>\n<h5>\u00c1ngel Soriano<\/h5>\n<p>&nbsp;<\/p>\n<p>La diputada Rebeca Peralta present\u00f3 un punto de acuerdo en la C\u00e1mara de Diputados para exhortar al gobierno federal a destinar un mayor presupuesto para resolver el problema de la escasez de agua en la CDMX, en tanto el jefe de Gobierno, Miguel \u00c1ngel Mancera denunci\u00f3 el sospechoso cierre de v\u00e1lvulas con el prop\u00f3sito de afectar la gobernabilidad atizando la inconformidad social.<\/p>\n<p>Dijo que se han detectado 60 mil tomas clandestinas y el director Sistema de Aguas de la ciudad de M\u00e9xico, Ram\u00f3n Aguirre atribuy\u00f3 el problema a la reducci\u00f3n presupuestal que impide la realizaci\u00f3n de obras de infraestructura, captaci\u00f3n, mantenimiento y reciclaje h\u00eddrico, lo cual no permita satisfacer la demanda del vital l\u00edquido.<\/p>\n<p>Entre una y otra postura, lo cierto es que miles de colonos de diversas delegaciones salen a las calles para protestar por la falta de agua. Lo mismo en colonias residenciales que populares, afecta a todos y la incapacidad gubernamental para atender el problema es evidente. El origen, todo mundo lo ve: manzanas enteras son adquiridas por desarrolladores inmobiliarios que hacen de la capital del pa\u00eds un gran negocio.<\/p>\n<p>Venta de departamentos y la circulaci\u00f3n vehicular es el gran negocio en la ciudad de M\u00e9xico. La enorme concentraci\u00f3n humana hace imposible atender los servicios urbanos primarios. Se ve m\u00e1s el inter\u00e9s mercantil que la vocaci\u00f3n de servicio. No hay visi\u00f3n de Estado para desarrollar a la Naci\u00f3n en su conjunto, sino que en la zona metropolitana de la CDMX se concentra todo, en tanto, vastas regiones del pa\u00eds est\u00e1n abandonadas. Los gobernantes s\u00f3lo ven la capital del pa\u00eds como negocio pero no ignoran al resto de la Rep\u00fablica. Son menos que presidentes municipales.<\/p>\n<p style=\"text-align: center;\"><strong>TURBULENCIAS<br \/>\nRechaza Romo ser faccioso<\/strong><\/p>\n<p>Edgar Romo Garc\u00eda, presidente de la Mesa Directiva de la C\u00e1mara de Diputados, rechaz\u00f3 ser faccioso en el desempe\u00f1o de su cargo como lo acusaron los diputados Angie Hauffen Candelaria Ochoa y Germ\u00e1n Sol\u00eds, de Movimiento Ciudadano as\u00ed como Cristina Gayt\u00e1n, del PRD, quienes aseguran que el pri\u00edsta neolon\u00e9s rehus\u00f3 incluir en la agenda de la pasada sesi\u00f3n ordinaria incluir el tema de la corrupci\u00f3n en la Sedesol en tiempos de Jos\u00e9 Antonio Meade y Rosario Robles (2015-2016) y afirm\u00f3 que todos han tenido oportunidad de participar a trav\u00e9s de sus grupos parlamentarios, en comisiones y en la tribuna, en cumplimiento del Reglamento Interior\u2026El gobernador Alejandro Murat ha girado instrucciones precisas para agilizar al m\u00e1ximo el programa de emplacamiento y ha establecido alianzas con los l\u00edderes de la Asociaci\u00f3n Mexicana de Distribuidores de Autom\u00f3viles, Javier L\u00f3pez Mendieta, para instalar m\u00f3dulos de emplacamiento en sus agencias y con Juan de la Cagija, de la Asociaci\u00f3n de Tiendas de Autoservicio, para que en sus establecimientos se instalen puedan realizar los pagos correspondientes y dar las m\u00e1ximas facilidades a los contribuyentes para mejorar el servicio de atenci\u00f3n. Miles de automovilistas, en el pasado, a consecuencia de la burocracia migraron hacia entidades vecinas para obtener ese servicio\u2026Diez Agentes municipales de Oaxaca de Ju\u00e1rez acusaron de soberbia al director general de Obras P\u00fablicas, Ernesto Valle Jim\u00e9nez, quien los hace esperar largas horas para atender sus demandas y no s\u00f3lo a los ediles que son representantes populares, sino a la misma tesorera Jazm\u00edn Aurora Quintero, que es v\u00edctima de la prepotencia del funcionario. Piden al alcalde Jos\u00e9 Antonio Hern\u00e1ndez Fraguas llamar la atenci\u00f3n al funcionario de referencias\u2026<\/p>\n<p><em><a href=\"http:\/\/www.revista-brecha.com\/\" target=\"_blank\" rel=\"noopener\">www.revista-brecha.com<br \/>\n<\/a><a href=\"mailto:asorianodesdelportalo@hotmail.com\" target=\"_blank\" rel=\"noopener\">asorianodesdelportalo@hotmail.com<\/a><\/em><\/p>\n","protected":false},"excerpt":{"rendered":"<p><span style=\"color: #005497;\"><strong>\u00c1ngel Soriano<\/strong><\/span><\/p>\n","protected":false},"author":3,"featured_media":0,"comment_status":"open","ping_status":"open","sticky":false,"template":"","format":"standard","meta":{"_monsterinsights_skip_tracking":false,"_monsterinsights_sitenote_active":false,"_monsterinsights_sitenote_note":"","_monsterinsights_sitenote_category":0,"footnotes":""},"categories":[135],"tags":[85,86,43674],"class_list":["post-367427","post","type-post","status-publish","format-standard","hentry","category-angel-soriano-opinion","tag-angel-soriano","tag-desde-el-portal","tag-opinion"],"_links":{"self":[{"href":"https:\/\/www.diarioimagen.net\/index.php?rest_route=\/wp\/v2\/posts\/367427","targetHints":{"allow":["GET"]}}],"collection":[{"href":"https:\/\/www.diarioimagen.net\/index.php?rest_route=\/wp\/v2\/posts"}],"about":[{"href":"https:\/\/www.diarioimagen.net\/index.php?rest_route=\/wp\/v2\/types\/post"}],"author":[{"embeddable":true,"href":"https:\/\/www.diarioimagen.net\/index.php?rest_route=\/wp\/v2\/users\/3"}],"replies":[{"embeddable":true,"href":"https:\/\/www.diarioimagen.net\/index.php?rest_route=%2Fwp%2Fv2%2Fcomments&post=367427"}],"version-history":[{"count":0,"href":"https:\/\/www.diarioimagen.net\/index.php?rest_route=\/wp\/v2\/posts\/367427\/revisions"}],"wp:attachment":[{"href":"https:\/\/www.diarioimagen.net\/index.php?rest_route=%2Fwp%2Fv2%2Fmedia&parent=367427"}],"wp:term":[{"taxonomy":"category","embeddable":true,"href":"https:\/\/www.diarioimagen.net\/index.php?rest_route=%2Fwp%2Fv2%2Fcategories&post=367427"},{"taxonomy":"post_tag","embeddable":true,"href":"https:\/\/www.diarioimagen.net\/index.php?rest_route=%2Fwp%2Fv2%2Ftags&post=367427"}],"curies":[{"name":"wp","href":"https:\/\/api.w.org\/{rel}","templated":true}]}}