{"id":367505,"date":"2018-03-09T00:07:27","date_gmt":"2018-03-09T06:07:27","guid":{"rendered":"http:\/\/www.diarioimagen.net\/?p=367505"},"modified":"2018-03-11T22:49:52","modified_gmt":"2018-03-12T04:49:52","slug":"compromiso-para-fortalecer-igualdad-de-genero-del-mazo","status":"publish","type":"post","link":"https:\/\/www.diarioimagen.net\/?p=367505","title":{"rendered":"Compromiso para fortalecer igualdad de g\u00e9nero: Del Mazo"},"content":{"rendered":"<ul>\n<li><em><strong>Protecci\u00f3n a los derechos de las mexiquenses<\/strong><\/em><\/li>\n<li><em><strong>Firma el gobernador el Pacto: Mujeres Fuertes, Acciones Firmes<\/strong><\/em><\/li>\n<\/ul>\n<p>&nbsp;<\/p>\n<div id=\"attachment_367506\" style=\"width: 470px\" class=\"wp-caption aligncenter\"><img loading=\"lazy\" decoding=\"async\" aria-describedby=\"caption-attachment-367506\" class=\"size-large wp-image-367506\" src=\"http:\/\/www.diarioimagen.net\/wp-content\/uploads\/2018\/03\/DEL-MAZO9-portal-460x268.jpg\" alt=\"\" width=\"460\" height=\"268\" srcset=\"https:\/\/www.diarioimagen.net\/wp-content\/uploads\/2018\/03\/DEL-MAZO9-portal-460x268.jpg 460w, https:\/\/www.diarioimagen.net\/wp-content\/uploads\/2018\/03\/DEL-MAZO9-portal-240x140.jpg 240w, https:\/\/www.diarioimagen.net\/wp-content\/uploads\/2018\/03\/DEL-MAZO9-portal.jpg 480w\" sizes=\"auto, (max-width: 460px) 100vw, 460px\" \/><p id=\"caption-attachment-367506\" class=\"wp-caption-text\">Alfredo Del Mazo firm\u00f3 el Pacto: Mujeres Fuertes, Acciones Firmes, mediante el cual se promover\u00e1n leyes y pol\u00edticas p\u00fablicas con perspectiva de g\u00e9nero.<\/p><\/div>\n<p>&nbsp;<\/p>\n<p><strong>Toluca, Estado de M\u00e9xico<\/strong>.- En el marco del D\u00eda Internacional de la Mujer, el gobernador Alfredo Del Mazo Maza, indic\u00f3 que la administraci\u00f3n estatal trabaja para fortalecer la igualdad de g\u00e9nero, combatir la discriminaci\u00f3n y garantizar la protecci\u00f3n y la defensa de los derechos de las mujeres mexiquenses.<\/p>\n<p>\u201cEn el Estado de M\u00e9xico reconocemos que los retos persisten y que nuestro mayor desaf\u00edo sigue siendo garantizar la protecci\u00f3n y la defensa de los derechos de las mujeres.<\/p>\n<p>\u201cAprovechemos este momento, con decisiones firmes, eliminemos las ataduras que las detienen, y con resultados fuertes, respetemos su libertad para que impulsen sus capacidades, alcancen sus metas y consoliden su liderazgo. Este es el tiempo de las mujeres, hoy nada ni nadie detiene su causa\u201d.<\/p>\n<p>Acompa\u00f1ado por su esposa y presidenta honoraria del Sistema para el Desarrollo Integral de la Familia de la entidad (DIFEM), Fernanda Castillo de Del Mazo, el gobernador del Estado de M\u00e9xico firm\u00f3 el Pacto: Mujeres Fuertes, Acciones Firmes, mediante el cual se promover\u00e1n leyes y pol\u00edticas p\u00fablicas con perspectiva de g\u00e9nero,\u00a0 acciones para reducir brechas salariales y para la inclusi\u00f3n de mujeres en puestos de mandos medios y superiores.<\/p>\n<p>Tambi\u00e9n se impulsar\u00e1n permisos de maternidad; Centros de Cuidado Infantil para los hijos de funcionarios p\u00fablicos; reforzar la paternidad compartida; utilizar un lenguaje incluyente y no sexista en las instituciones, promoci\u00f3n de la participaci\u00f3n y el reconocimiento de las mujeres dentro de la vida pol\u00edtica y en el sector privado.<\/p>\n<p>Inform\u00f3 que para asegurar el cumplimiento de estas acciones se crear\u00e1n Unidades de G\u00e9nero, y para fortalecer el empoderamiento econ\u00f3mico se desarrollar\u00e1n proyectos sociales a trav\u00e9s de empresas integradas por mujeres en situaci\u00f3n de vulnerabilidad.<\/p>\n<p>Alfredo Del Mazo firm\u00f3 tambi\u00e9n dos convenios, el primero de ellos con Nacional Financiera (Nafin), para que mujeres due\u00f1as de micro, peque\u00f1as y medianas empresas tengan mejores oportunidades de capacitaci\u00f3n y financiamiento.<\/p>\n<p>El segundo fue el convenio de colaboraci\u00f3n para Promover la Adopci\u00f3n del Protocolo de Actuaci\u00f3n Frente a Casos de Violencia, Hostigamiento y Acoso Sexual en el \u00c1mbito Laboral, con el Congreso del Trabajo y el Congreso Laboral del Estado de M\u00e9xico, al cual calific\u00f3 como un parteaguas en la contenci\u00f3n y el combate de la violencia de g\u00e9nero.<\/p>\n<p>El gobernador mexiquense destac\u00f3 que para alcanzar estos objetivos, es necesario que hombres y mujeres compartan la responsabilidad de construir una sociedad justa.<\/p>\n<p>\u201cEstoy convencido de que mujeres y hombres compartimos la responsabilidad de construir una sociedad justa, en la que todas y todos tengamos condiciones de desarrollo igualitarias y las oportunidades para alcanzar nuestras metas y sue\u00f1os\u201d, expres\u00f3.<\/p>\n<p>Agreg\u00f3 que se requiere impulsar la sororidad, lo que implica que las mujeres emprendan acciones de manera colectiva y fortalezcan sus relaciones de hermandad,\u00a0 para promover el empoderamiento y el ejercicio de sus derechos humanos.<\/p>\n<p>Sostuvo que para el Gobierno del Estado de M\u00e9xico, el principio de sororidad ser\u00e1 el coraz\u00f3n de las pol\u00edticas de igualdad y el eje para garantizar los derechos y las oportunidades de la mujer y sus familias.<\/p>\n<p>En el Sal\u00f3n del Pueblo de Palacio de Gobierno, el titular del Ejecutivo estatal manifest\u00f3 que las mujeres son el pilar de los hogares y el coraz\u00f3n de la sociedad, por lo que su gobierno tiene el compromiso permanente de cuidar y proteger a este sector de la poblaci\u00f3n, mediante el combate a la violencia de g\u00e9nero, fortaleciendo sus derechos, la igualdad y la inclusi\u00f3n.<\/p>\n<p>\u201cSumando voluntades, con decisiones firmes y resultados fuertes, haremos de la sociedad mexiquense, una sociedad que con sus acciones fortalezca los derechos de la mujer, la igualdad y la inclusi\u00f3n, y que se comprometa en todo momento, a tratarlas con respeto y a reconocerlas con justicia\u201d, puntualiz\u00f3.<\/p>\n<p>Del Mazo Maza record\u00f3 algunas de las acciones que su administraci\u00f3n ha realizado en favor de las mujeres mexiquenses, como la firma del convenio PROIGUALDAD con el gobierno federal, para combatir la violencia y la discriminaci\u00f3n de g\u00e9nero.<\/p>\n<p>As\u00ed como, la instalaci\u00f3n del Sistema Estatal para la Igualdad de Trato y Oportunidades entre Mujeres y Hombres para Prevenir, Atender, Sancionar y Erradicar la Violencia contra las Mujeres, y poner en marcha el programa Salario Rosa que reconoce y empodera a amas de casa que viven en pobreza extrema.<\/p>\n<p>Cabe destacar algunos avances que ha tenido el sector femenil en los \u00faltimos a\u00f1os en el Estado de M\u00e9xico, como ser una de las primeras diez entidades con mayor n\u00famero de mujeres en el sector laboral, con 47.5 por ciento.<\/p>\n<p>Tambi\u00e9n, siete de cada 10 egresados de los programas de capacitaci\u00f3n para el empleo del gobierno estatal, son mujeres; en la actual Legislatura de la entidad, 37 por ciento son legisladoras, y el 17 por ciento de los municipios es gobernado por una mujer, cuando la media nacional es menor del 10 por ciento.<\/p>\n<p>###<\/p>\n<p>Alfredo Del Mazo firm\u00f3 el Pacto: Mujeres Fuertes, Acciones Firmes, mediante el cual se promover\u00e1n leyes y pol\u00edticas p\u00fablicas con perspectiva de g\u00e9nero.<\/p>\n","protected":false},"excerpt":{"rendered":"<p>En el marco del D\u00eda Internacional de la Mujer, el gobernador Alfredo Del Mazo Maza, indic\u00f3 que la administraci\u00f3n estatal trabaja para fortalecer la igualdad de g\u00e9nero, combatir la discriminaci\u00f3n y garantizar la protecci\u00f3n y la defensa de los derechos de las mujeres mexiquenses.<\/p>\n","protected":false},"author":5,"featured_media":367506,"comment_status":"open","ping_status":"open","sticky":false,"template":"","format":"standard","meta":{"_monsterinsights_skip_tracking":false,"_monsterinsights_sitenote_active":false,"_monsterinsights_sitenote_note":"","_monsterinsights_sitenote_category":0,"footnotes":""},"categories":[5],"tags":[2505,3313,43675,45123,6609,452],"class_list":["post-367505","post","type-post","status-publish","format-standard","has-post-thumbnail","hentry","category-estado-de-mexico","tag-alfredo-del-mazo-maza","tag-dia-internacional-de-la-mujer","tag-estado-de-mexico","tag-igualdad-de-genero","tag-mexiquenses","tag-toluca"],"_links":{"self":[{"href":"https:\/\/www.diarioimagen.net\/index.php?rest_route=\/wp\/v2\/posts\/367505","targetHints":{"allow":["GET"]}}],"collection":[{"href":"https:\/\/www.diarioimagen.net\/index.php?rest_route=\/wp\/v2\/posts"}],"about":[{"href":"https:\/\/www.diarioimagen.net\/index.php?rest_route=\/wp\/v2\/types\/post"}],"author":[{"embeddable":true,"href":"https:\/\/www.diarioimagen.net\/index.php?rest_route=\/wp\/v2\/users\/5"}],"replies":[{"embeddable":true,"href":"https:\/\/www.diarioimagen.net\/index.php?rest_route=%2Fwp%2Fv2%2Fcomments&post=367505"}],"version-history":[{"count":0,"href":"https:\/\/www.diarioimagen.net\/index.php?rest_route=\/wp\/v2\/posts\/367505\/revisions"}],"wp:featuredmedia":[{"embeddable":true,"href":"https:\/\/www.diarioimagen.net\/index.php?rest_route=\/wp\/v2\/media\/367506"}],"wp:attachment":[{"href":"https:\/\/www.diarioimagen.net\/index.php?rest_route=%2Fwp%2Fv2%2Fmedia&parent=367505"}],"wp:term":[{"taxonomy":"category","embeddable":true,"href":"https:\/\/www.diarioimagen.net\/index.php?rest_route=%2Fwp%2Fv2%2Fcategories&post=367505"},{"taxonomy":"post_tag","embeddable":true,"href":"https:\/\/www.diarioimagen.net\/index.php?rest_route=%2Fwp%2Fv2%2Ftags&post=367505"}],"curies":[{"name":"wp","href":"https:\/\/api.w.org\/{rel}","templated":true}]}}