{"id":367552,"date":"2018-03-09T00:11:56","date_gmt":"2018-03-09T06:11:56","guid":{"rendered":"http:\/\/www.diarioimagen.net\/?p=367552"},"modified":"2018-03-09T05:39:50","modified_gmt":"2018-03-09T11:39:50","slug":"acciones-para-lograr-inclusion-de-las-mujeres","status":"publish","type":"post","link":"https:\/\/www.diarioimagen.net\/?p=367552","title":{"rendered":"Acciones para lograr inclusi\u00f3n de las mujeres"},"content":{"rendered":"<h2>Arco Norte<\/h2>\n<h5>Jos\u00e9 Luis Monta\u00f1ez Aguilar<\/h5>\n<p>&nbsp;<\/p>\n<p>Alfredo Del Mazo indic\u00f3 que la administraci\u00f3n estatal trabaja para fortalecer la igualdad de g\u00e9nero, combatir la discriminaci\u00f3n y garantizar la protecci\u00f3n y la defensa de los derechos de las mujeres mexiquenses.<\/p>\n<p>El gobernador firm\u00f3 el Pacto: Mujeres Fuertes, Acciones Firmes, mediante el cual se promover\u00e1n leyes y pol\u00edticas p\u00fablicas con perspectiva de g\u00e9nero, acciones para reducir brechas salariales y para la inclusi\u00f3n de mujeres en puestos de mandos medios y superiores.<\/p>\n<p>Tambi\u00e9n se impulsar\u00e1n permisos de maternidad; Centros de Cuidado Infantil para los hijos de funcionarios p\u00fablicos; reforzar la paternidad compartida; utilizar un lenguaje incluyente y no sexista en las instituciones, promoci\u00f3n de la participaci\u00f3n y el reconocimiento de las mujeres dentro de la vida pol\u00edtica y en el sector privado.<\/p>\n<p>Record\u00f3 algunas de las acciones que su administraci\u00f3n ha realizado en favor de las mujeres mexiquenses, como la firma del convenio PROIGUALDAD con el gobierno federal, para combatir la violencia y la discriminaci\u00f3n de g\u00e9nero.<\/p>\n<p style=\"text-align: center;\"><strong>Refuerza Edomex acciones para prevenir la violencia en las escuelas<\/strong><\/p>\n<p><a href=\"http:\/\/www.diarioimagen.net\/?attachment_id=367639\" rel=\"attachment wp-att-367639\"><img loading=\"lazy\" decoding=\"async\" class=\"aligncenter size-large wp-image-367639\" src=\"http:\/\/www.diarioimagen.net\/wp-content\/uploads\/2018\/03\/arco-3323-460x259.jpg\" alt=\"\" width=\"460\" height=\"259\" srcset=\"https:\/\/www.diarioimagen.net\/wp-content\/uploads\/2018\/03\/arco-3323-460x259.jpg 460w, https:\/\/www.diarioimagen.net\/wp-content\/uploads\/2018\/03\/arco-3323-240x135.jpg 240w, https:\/\/www.diarioimagen.net\/wp-content\/uploads\/2018\/03\/arco-3323-235x132.jpg 235w, https:\/\/www.diarioimagen.net\/wp-content\/uploads\/2018\/03\/arco-3323-202x114.jpg 202w, https:\/\/www.diarioimagen.net\/wp-content\/uploads\/2018\/03\/arco-3323-350x196.jpg 350w, https:\/\/www.diarioimagen.net\/wp-content\/uploads\/2018\/03\/arco-3323-220x123.jpg 220w, https:\/\/www.diarioimagen.net\/wp-content\/uploads\/2018\/03\/arco-3323-237x132.jpg 237w, https:\/\/www.diarioimagen.net\/wp-content\/uploads\/2018\/03\/arco-3323.jpg 480w\" sizes=\"auto, (max-width: 460px) 100vw, 460px\" \/><\/a><\/p>\n<p>Para generar un espacio itinerante de expresi\u00f3n, formaci\u00f3n e informaci\u00f3n que coadyuve al desarrollo integral de los j\u00f3venes del Estado de M\u00e9xico, el Consejo para la Convivencia Escolar (CONVIVE), en coordinaci\u00f3n con el Instituto Mexiquense de la Juventud (IMEJ), realizan la gira de servicios \u201cPor la juventud mexiquense\u201d.<\/p>\n<p>En esta ocasi\u00f3n, cerca de 300 alumnos de la secundaria oficial No.<\/p>\n<p>846 \u201cJaime Sabines\u201d, recibieron asesor\u00edas psicol\u00f3gicas en materia de prevenci\u00f3n de la violencia y realizaron actividades recreativas como el rally de los derechos humanos, pl\u00e1ticas sobre prevenci\u00f3n del embarazo y adicciones, as\u00ed como cuidado del medio ambiente, entre otros temas.<\/p>\n<p>Al respecto, Adriana Elizabeth Ozuna Rivero, directora general del CONVIVE, refiri\u00f3 que esta actividad se realiza a trav\u00e9s de una Red Interinstitucional conformada por 19 instituciones estatales, a fin de apoyar a docentes, padres de familia y alumnos en situaci\u00f3n de violencia.<\/p>\n<p><em><a href=\"mailto:montanezaguilar@gmail.com\" target=\"_blank\" rel=\"noopener noreferrer\">montanezaguilar@gmail.com<\/a><\/em><\/p>\n","protected":false},"excerpt":{"rendered":"<p><span style=\"color: #005497;\">Jos\u00e9 Luis Monta\u00f1ez Aguilar<\/span><br \/>\n<br \/>\nAlfredo Del Mazo indic\u00f3 que la administraci\u00f3n estatal trabaja para fortalecer la igualdad de g\u00e9nero, combatir la discriminaci\u00f3n y garantizar la protecci\u00f3n y la defensa de los derechos de las mujeres mexiquenses.<\/p>\n","protected":false},"author":3,"featured_media":367639,"comment_status":"open","ping_status":"open","sticky":false,"template":"","format":"standard","meta":{"_monsterinsights_skip_tracking":false,"_monsterinsights_sitenote_active":false,"_monsterinsights_sitenote_note":"","_monsterinsights_sitenote_category":0,"footnotes":""},"categories":[5],"tags":[13284,43704,43674],"class_list":["post-367552","post","type-post","status-publish","format-standard","has-post-thumbnail","hentry","category-estado-de-mexico","tag-arco-norte","tag-jose-luis-montanez-aguilar","tag-opinion"],"_links":{"self":[{"href":"https:\/\/www.diarioimagen.net\/index.php?rest_route=\/wp\/v2\/posts\/367552","targetHints":{"allow":["GET"]}}],"collection":[{"href":"https:\/\/www.diarioimagen.net\/index.php?rest_route=\/wp\/v2\/posts"}],"about":[{"href":"https:\/\/www.diarioimagen.net\/index.php?rest_route=\/wp\/v2\/types\/post"}],"author":[{"embeddable":true,"href":"https:\/\/www.diarioimagen.net\/index.php?rest_route=\/wp\/v2\/users\/3"}],"replies":[{"embeddable":true,"href":"https:\/\/www.diarioimagen.net\/index.php?rest_route=%2Fwp%2Fv2%2Fcomments&post=367552"}],"version-history":[{"count":0,"href":"https:\/\/www.diarioimagen.net\/index.php?rest_route=\/wp\/v2\/posts\/367552\/revisions"}],"wp:featuredmedia":[{"embeddable":true,"href":"https:\/\/www.diarioimagen.net\/index.php?rest_route=\/wp\/v2\/media\/367639"}],"wp:attachment":[{"href":"https:\/\/www.diarioimagen.net\/index.php?rest_route=%2Fwp%2Fv2%2Fmedia&parent=367552"}],"wp:term":[{"taxonomy":"category","embeddable":true,"href":"https:\/\/www.diarioimagen.net\/index.php?rest_route=%2Fwp%2Fv2%2Fcategories&post=367552"},{"taxonomy":"post_tag","embeddable":true,"href":"https:\/\/www.diarioimagen.net\/index.php?rest_route=%2Fwp%2Fv2%2Ftags&post=367552"}],"curies":[{"name":"wp","href":"https:\/\/api.w.org\/{rel}","templated":true}]}}