{"id":367574,"date":"2018-03-09T00:09:56","date_gmt":"2018-03-09T06:09:56","guid":{"rendered":"http:\/\/www.diarioimagen.net\/?p=367574"},"modified":"2018-03-09T05:48:04","modified_gmt":"2018-03-09T11:48:04","slug":"instalan-alarmas-sismicas-en-espacios-de-la-uaem","status":"publish","type":"post","link":"https:\/\/www.diarioimagen.net\/?p=367574","title":{"rendered":"Instalan alarmas s\u00edsmicas en espacios de la UAEM"},"content":{"rendered":"<ul>\n<li><strong><em>Cultura de la prevenci\u00f3n<\/em><\/strong><\/li>\n<\/ul>\n<p>&nbsp;<\/p>\n<div id=\"attachment_367644\" style=\"width: 283px\" class=\"wp-caption alignleft\"><a href=\"http:\/\/www.diarioimagen.net\/?attachment_id=367644\" rel=\"attachment wp-att-367644\"><img loading=\"lazy\" decoding=\"async\" aria-describedby=\"caption-attachment-367644\" class=\" wp-image-367644\" src=\"http:\/\/www.diarioimagen.net\/wp-content\/uploads\/2018\/03\/UAEM-3323-307x460.jpg\" alt=\"\" width=\"273\" height=\"409\" srcset=\"https:\/\/www.diarioimagen.net\/wp-content\/uploads\/2018\/03\/UAEM-3323-307x460.jpg 307w, https:\/\/www.diarioimagen.net\/wp-content\/uploads\/2018\/03\/UAEM-3323-160x240.jpg 160w, https:\/\/www.diarioimagen.net\/wp-content\/uploads\/2018\/03\/UAEM-3323.jpg 467w\" sizes=\"auto, (max-width: 273px) 100vw, 273px\" \/><\/a><p id=\"caption-attachment-367644\" class=\"wp-caption-text\">Equipan con alarmas s\u00edsmicas anticipadas o autom\u00e1ticas 75 espacios de la Universidad Aut\u00f3noma del Estado de M\u00e9xico.<\/p><\/div>\n<p><strong>Toluca, Estado de M\u00e9xico<\/strong>.\u2013 Durante 2017, fueron equipados con alarmas s\u00edsmicas anticipadas o autom\u00e1ticas 75 espacios de la Universidad Aut\u00f3noma del Estado de M\u00e9xico, en beneficio de estudiantes, profesores, investigadores y trabajadores administrativos.<\/p>\n<p>La directora de Seguridad y Protecci\u00f3n Universitaria, Griselda Camacho T\u00e9llez, explic\u00f3 que este equipo anticipa hasta 60 segundos un movimiento tel\u00farico y por lo tanto, abona a la cultura de la prevenci\u00f3n y protecci\u00f3n entre los universitarios.<\/p>\n<p>Est\u00e1n conectadas, detall\u00f3, al Sistema\u00a0de Alerta\u00a0S\u00edsmica Mexicano\u00a0(SASMEX) y al Centro de Instrumentaci\u00f3n y Registro S\u00edsmico (CIRES), que permiten que suenen antes de que la ola s\u00edsmica entre al territorio y activar con oportunidad los protocolos de emergencia, realizar el proceso de evacuaci\u00f3n y tener un mayor tiempo de respuesta.<\/p>\n<p>La servidora universitaria indic\u00f3 que este equipo se suma al de tipo manual con que ya contaba la instituci\u00f3n y en el transcurso de los siguientes meses, la totalidad de los espacios universitarios contar\u00e1n con una alarma s\u00edsmica anticipada o autom\u00e1tica.<\/p>\n<p>Refiri\u00f3 que el pasado mes de noviembre, la UAEM public\u00f3 un protocolo en la materia denominado Centro de Mando y Operaci\u00f3n en Caso de Contingencias, en el cual est\u00e1n involucrados todos los universitarios, incluidos el rector Alfredo Barrera Baca, los titulares de las secretar\u00edas de la Administraci\u00f3n Central y los directores de las \u00e1reas administrativa y acad\u00e9mica. Asimismo, se cuenta con una Unidad Interna Central de Protecci\u00f3n Civil, encabezada por el rector y los directores de los diferentes espacios acad\u00e9micos y administrativos.<\/p>\n<p>Griselda Camacho T\u00e9llez agreg\u00f3 que adem\u00e1s, con estas acciones se da cumplimiento puntual a la normatividad en la materia, referida en el Libro Sexto del C\u00f3digo Administrativo de la entidad.<\/p>\n","protected":false},"excerpt":{"rendered":"<p>Durante 2017, fueron equipados con alarmas s\u00edsmicas anticipadas o autom\u00e1ticas 75 espacios de la Universidad Aut\u00f3noma del Estado de M\u00e9xico, en beneficio de estudiantes, profesores, investigadores y trabajadores administrativos.<\/p>\n","protected":false},"author":3,"featured_media":367645,"comment_status":"open","ping_status":"open","sticky":false,"template":"","format":"standard","meta":{"_monsterinsights_skip_tracking":false,"_monsterinsights_sitenote_active":false,"_monsterinsights_sitenote_note":"","_monsterinsights_sitenote_category":0,"footnotes":""},"categories":[35155],"tags":[71183,43675,71588,452,1491],"class_list":["post-367574","post","type-post","status-publish","format-standard","has-post-thumbnail","hentry","category-estado-de-mexico-estado-de-mexico","tag-alarma-sismica","tag-estado-de-mexico","tag-instalan","tag-toluca","tag-uaem"],"_links":{"self":[{"href":"https:\/\/www.diarioimagen.net\/index.php?rest_route=\/wp\/v2\/posts\/367574","targetHints":{"allow":["GET"]}}],"collection":[{"href":"https:\/\/www.diarioimagen.net\/index.php?rest_route=\/wp\/v2\/posts"}],"about":[{"href":"https:\/\/www.diarioimagen.net\/index.php?rest_route=\/wp\/v2\/types\/post"}],"author":[{"embeddable":true,"href":"https:\/\/www.diarioimagen.net\/index.php?rest_route=\/wp\/v2\/users\/3"}],"replies":[{"embeddable":true,"href":"https:\/\/www.diarioimagen.net\/index.php?rest_route=%2Fwp%2Fv2%2Fcomments&post=367574"}],"version-history":[{"count":0,"href":"https:\/\/www.diarioimagen.net\/index.php?rest_route=\/wp\/v2\/posts\/367574\/revisions"}],"wp:featuredmedia":[{"embeddable":true,"href":"https:\/\/www.diarioimagen.net\/index.php?rest_route=\/wp\/v2\/media\/367645"}],"wp:attachment":[{"href":"https:\/\/www.diarioimagen.net\/index.php?rest_route=%2Fwp%2Fv2%2Fmedia&parent=367574"}],"wp:term":[{"taxonomy":"category","embeddable":true,"href":"https:\/\/www.diarioimagen.net\/index.php?rest_route=%2Fwp%2Fv2%2Fcategories&post=367574"},{"taxonomy":"post_tag","embeddable":true,"href":"https:\/\/www.diarioimagen.net\/index.php?rest_route=%2Fwp%2Fv2%2Ftags&post=367574"}],"curies":[{"name":"wp","href":"https:\/\/api.w.org\/{rel}","templated":true}]}}