{"id":367592,"date":"2018-03-09T00:08:19","date_gmt":"2018-03-09T06:08:19","guid":{"rendered":"http:\/\/www.diarioimagen.net\/?p=367592"},"modified":"2018-03-09T06:25:36","modified_gmt":"2018-03-09T12:25:36","slug":"persiste-discriminacion-laboral-de-la-mujer-yuridia-soto-zamorano","status":"publish","type":"post","link":"https:\/\/www.diarioimagen.net\/?p=367592","title":{"rendered":"Persiste discriminaci\u00f3n laboral de la mujer: Yuridia Soto Zamorano"},"content":{"rendered":"<ul>\n<li><strong><em>S\u00edndico llama a legislar para acabar con las injusticias<\/em><\/strong><\/li>\n<\/ul>\n<p>&nbsp;<\/p>\n<div id=\"attachment_367657\" style=\"width: 470px\" class=\"wp-caption aligncenter\"><a href=\"http:\/\/www.diarioimagen.net\/?attachment_id=367657\" rel=\"attachment wp-att-367657\"><img loading=\"lazy\" decoding=\"async\" aria-describedby=\"caption-attachment-367657\" class=\"size-large wp-image-367657\" src=\"http:\/\/www.diarioimagen.net\/wp-content\/uploads\/2018\/03\/TLALNEPANTLA-3323-460x259.jpg\" alt=\"\" width=\"460\" height=\"259\" srcset=\"https:\/\/www.diarioimagen.net\/wp-content\/uploads\/2018\/03\/TLALNEPANTLA-3323-460x259.jpg 460w, https:\/\/www.diarioimagen.net\/wp-content\/uploads\/2018\/03\/TLALNEPANTLA-3323-240x135.jpg 240w, https:\/\/www.diarioimagen.net\/wp-content\/uploads\/2018\/03\/TLALNEPANTLA-3323-235x132.jpg 235w, https:\/\/www.diarioimagen.net\/wp-content\/uploads\/2018\/03\/TLALNEPANTLA-3323-202x114.jpg 202w, https:\/\/www.diarioimagen.net\/wp-content\/uploads\/2018\/03\/TLALNEPANTLA-3323-350x196.jpg 350w, https:\/\/www.diarioimagen.net\/wp-content\/uploads\/2018\/03\/TLALNEPANTLA-3323-220x123.jpg 220w, https:\/\/www.diarioimagen.net\/wp-content\/uploads\/2018\/03\/TLALNEPANTLA-3323-237x132.jpg 237w, https:\/\/www.diarioimagen.net\/wp-content\/uploads\/2018\/03\/TLALNEPANTLA-3323.jpg 480w\" sizes=\"auto, (max-width: 460px) 100vw, 460px\" \/><\/a><p id=\"caption-attachment-367657\" class=\"wp-caption-text\">Yuridia Margarita Soto Zamorano, segunda s\u00edndico del ayuntamiento de\u00a0\u00a0Tlalnepantla, afirm\u00f3 que persisten discriminaci\u00f3n laboral de la mujer.<\/p><\/div>\n<p>&nbsp;<\/p>\n<p><strong>Tlalnepantla, Estado de M\u00e9xico<\/strong>.- Las mujeres sufren m\u00e1s desempleo y a trabajos iguales con el hombre se les paga menos, denunci\u00f3 Yuridia Margarita Soto Zamorano, segunda s\u00edndico del ayuntamiento de\u00a0\u00a0Tlalnepantla y l\u00edder obrera cetemista, al se\u00f1alar que urge legislar para acabar con las injusticias que trae aparejada la an\u00f3mala situaci\u00f3n y lograr un empoderamiento del llamado sexo d\u00e9bil.<\/p>\n<p>En general, a\u00f1adi\u00f3, los trabajos de peor calidad son para ellas, y precis\u00f3 que la cacareada equidad de g\u00e9nero s\u00f3lo queda en los discursos de los pol\u00edticos.<\/p>\n<p>Hay eternas promesas de dirigentes y gobernantes acerca de la igualdad de g\u00e9nero, pero se queda en verborrea porque en los hechos los varones son preferidos al 3 por 1 respecto a las damas.<\/p>\n<p>Por eso, se\u00f1al\u00f3 que deben actualizarse las leyes laborales y tomar experiencias que se viven en algunas naciones, donde se castiga a las empresas que discriminan el pago entre hombres y mujeres.<\/p>\n<p>Por otro lado, mencion\u00f3\u00a0\u00a0Yuridia que en muchos aspectos el primer ministro de Canad\u00e1, Justin Trudeau es un ejemplo para el mundo\u00b8 ya que ha puesto en pr\u00e1ctica no s\u00f3lo la pluralidad, sino tambi\u00e9n la equidad de g\u00e9nero y la igualdad de derechos civiles, mostrando que no\u00a0\u00a0hay barreras para lograr un gobierno eficiente.<\/p>\n<p style=\"text-align: center;\"><strong>\u00a0<\/strong><strong>Peores empleos <\/strong><strong>\u00a0y mal pagados<\/strong><\/p>\n<p>A nivel global, uno de los principales factores de la desigualdad es la brecha salarial: las mujeres ganan de media un 23% menos que los hombres, algo que para Naciones Unidas constituye \u201cel mayor robo de la historia\u201d, dijo la dirigente, al a\u00f1adir que \u201cno hay un s\u00f3lo pa\u00eds, ni un solo sector en el que las mujeres ganen los mismos salarios que los hombres\u201d.<\/p>\n<p>El progreso salarial es, dijo la dirigente, de momento, muy lento. Por eso las mujeres necesitar\u00e1n m\u00e1s de 70 a\u00f1os para conseguir los mismos salarios que los hombres en todo el mundo.<\/p>\n<p>Y agreg\u00f3 que por ejemplo en varias naciones de Europa el 57% de las trabajadoras est\u00e1 ocupada a tiempo parcial porque no han logrado encontrar un trabajo a jornada completa. Es decir, 1,16 millones de mujeres se encuentra en esta situaci\u00f3n, m\u00e1s del doble que los hombres que est\u00e1n en la misma tesitura.<\/p>\n<p>Las tasas de participaci\u00f3n laboral de las mujeres en el mundo, es de unos 14 puntos inferior a la de los hombres. En las generaciones m\u00e1s j\u00f3venes esta brecha se est\u00e1 reduciendo pero \u201ca\u00fan hay margen de mejora\u201d, finaliz\u00f3 Yuridia.<\/p>\n","protected":false},"excerpt":{"rendered":"<p> Las mujeres sufren m\u00e1s desempleo y a trabajos iguales con el hombre se les paga menos, denunci\u00f3 Yuridia Margarita Soto Zamorano, segunda s\u00edndico del ayuntamiento de  Tlalnepantla y l\u00edder obrera cetemista, al se\u00f1alar que urge legislar para acabar con las injusticias que trae aparejada la an\u00f3mala situaci\u00f3n y lograr un empoderamiento del llamado sexo d\u00e9bil.<\/p>\n","protected":false},"author":3,"featured_media":367657,"comment_status":"open","ping_status":"open","sticky":false,"template":"","format":"standard","meta":{"_monsterinsights_skip_tracking":false,"_monsterinsights_sitenote_active":false,"_monsterinsights_sitenote_note":"","_monsterinsights_sitenote_category":0,"footnotes":""},"categories":[35155],"tags":[43675,71594,25713,169,71593],"class_list":["post-367592","post","type-post","status-publish","format-standard","has-post-thumbnail","hentry","category-estado-de-mexico-estado-de-mexico","tag-estado-de-mexico","tag-m-mujer","tag-salario","tag-tlalnepantla","tag-yuridia-margarita-soto-zamorano"],"_links":{"self":[{"href":"https:\/\/www.diarioimagen.net\/index.php?rest_route=\/wp\/v2\/posts\/367592","targetHints":{"allow":["GET"]}}],"collection":[{"href":"https:\/\/www.diarioimagen.net\/index.php?rest_route=\/wp\/v2\/posts"}],"about":[{"href":"https:\/\/www.diarioimagen.net\/index.php?rest_route=\/wp\/v2\/types\/post"}],"author":[{"embeddable":true,"href":"https:\/\/www.diarioimagen.net\/index.php?rest_route=\/wp\/v2\/users\/3"}],"replies":[{"embeddable":true,"href":"https:\/\/www.diarioimagen.net\/index.php?rest_route=%2Fwp%2Fv2%2Fcomments&post=367592"}],"version-history":[{"count":0,"href":"https:\/\/www.diarioimagen.net\/index.php?rest_route=\/wp\/v2\/posts\/367592\/revisions"}],"wp:featuredmedia":[{"embeddable":true,"href":"https:\/\/www.diarioimagen.net\/index.php?rest_route=\/wp\/v2\/media\/367657"}],"wp:attachment":[{"href":"https:\/\/www.diarioimagen.net\/index.php?rest_route=%2Fwp%2Fv2%2Fmedia&parent=367592"}],"wp:term":[{"taxonomy":"category","embeddable":true,"href":"https:\/\/www.diarioimagen.net\/index.php?rest_route=%2Fwp%2Fv2%2Fcategories&post=367592"},{"taxonomy":"post_tag","embeddable":true,"href":"https:\/\/www.diarioimagen.net\/index.php?rest_route=%2Fwp%2Fv2%2Ftags&post=367592"}],"curies":[{"name":"wp","href":"https:\/\/api.w.org\/{rel}","templated":true}]}}