{"id":367596,"date":"2018-03-09T00:06:59","date_gmt":"2018-03-09T06:06:59","guid":{"rendered":"http:\/\/www.diarioimagen.net\/?p=367596"},"modified":"2018-03-09T06:38:38","modified_gmt":"2018-03-09T12:38:38","slug":"operativo-especial-de-seguridad-por-quema-de-toritos-en-tultepec","status":"publish","type":"post","link":"https:\/\/www.diarioimagen.net\/?p=367596","title":{"rendered":"Operativo especial de seguridad por quema de \u201ctoritos\u201d en Tultepec"},"content":{"rendered":"<ul>\n<li><strong><em>Celebraci\u00f3n en honor a San Juan de Dios<\/em><\/strong><\/li>\n<\/ul>\n<p>&nbsp;<\/p>\n<div id=\"attachment_367664\" style=\"width: 470px\" class=\"wp-caption aligncenter\"><a href=\"http:\/\/www.diarioimagen.net\/?attachment_id=367664\" rel=\"attachment wp-att-367664\"><img loading=\"lazy\" decoding=\"async\" aria-describedby=\"caption-attachment-367664\" class=\"size-large wp-image-367664\" src=\"http:\/\/www.diarioimagen.net\/wp-content\/uploads\/2018\/03\/TULTEPEC-3323-460x259.jpg\" alt=\"\" width=\"460\" height=\"259\" srcset=\"https:\/\/www.diarioimagen.net\/wp-content\/uploads\/2018\/03\/TULTEPEC-3323-460x259.jpg 460w, https:\/\/www.diarioimagen.net\/wp-content\/uploads\/2018\/03\/TULTEPEC-3323-240x135.jpg 240w, https:\/\/www.diarioimagen.net\/wp-content\/uploads\/2018\/03\/TULTEPEC-3323-235x132.jpg 235w, https:\/\/www.diarioimagen.net\/wp-content\/uploads\/2018\/03\/TULTEPEC-3323-202x114.jpg 202w, https:\/\/www.diarioimagen.net\/wp-content\/uploads\/2018\/03\/TULTEPEC-3323-350x196.jpg 350w, https:\/\/www.diarioimagen.net\/wp-content\/uploads\/2018\/03\/TULTEPEC-3323-220x123.jpg 220w, https:\/\/www.diarioimagen.net\/wp-content\/uploads\/2018\/03\/TULTEPEC-3323-237x132.jpg 237w, https:\/\/www.diarioimagen.net\/wp-content\/uploads\/2018\/03\/TULTEPEC-3323.jpg 480w\" sizes=\"auto, (max-width: 460px) 100vw, 460px\" \/><\/a><p id=\"caption-attachment-367664\" class=\"wp-caption-text\">El gobierno de Tultepec brinda garant\u00edas para que la celebraci\u00f3n en honor a San Juan de Dios se lleve a cabo en un marco de seguridad.<\/p><\/div>\n<p>&nbsp;<\/p>\n<p><strong>Tultepec, Estado de M\u00e9xico<\/strong>.- El Ayuntamiento de Tultepec s\u00f3lo es coadyuvante de la tradicional celebraci\u00f3n que llevan a cabo los pirot\u00e9cnicos del municipio en honor a San Juan de Dios, santo patrono de los artesanos de la p\u00f3lvora, por ello proporcion\u00f3 vigilancia y condiciones de seguridad con unidades m\u00e9dicas y de emergencia necesarias para minimizar riesgos.<\/p>\n<p>El gobierno municipal hizo todo lo necesario para que la celebraci\u00f3n se llevara a cabo en un marco de seguridad para todos los asistentes, para ello, en el primer cuadro la unidad de Protecci\u00f3n Civil y Bomberos cont\u00f3 con 24 elementos, 10 t\u00e9cnicos en atenci\u00f3n pre hospitalaria y 19 bomberos m\u00e1s 5 voluntarios de la academia juvenil.<\/p>\n<p>Este personal estuvo apoyado con 3 pickups, 2 ambulancias, 2 motobombas y\u00a0\u00a02 pipas, una caja de tr\u00e1iler como centro de atenci\u00f3n, m\u00e1s 20 personas de apoyo para la atenci\u00f3n de lesionados, todos ellos estudiantes de enfermer\u00eda de la Universidad Mexiquense del Bicentenario plantel Tultepec y una caja de tr\u00e1iler habilitada como consultorio de atenci\u00f3n inmediata.<\/p>\n<p>De igual forma se cont\u00f3 con una Brigada de Radio Comunicaci\u00f3n, Protecci\u00f3n Civil y Atenci\u00f3n Pre hospitalaria 3 TUM y 17 socorristas, 4 ambulancias con personal de los municipios de Jaltenco, Melchor Ocampo y Tultitl\u00e1n, 3 pipas y 12 personas del Control Nacional de Urgencias, 19 bomberos, 5 voluntarios de academia, 17 socorristas 25 socorristas de enfermer\u00eda y 9 operadores.<\/p>\n<p>El objetivo es que la gran cantidad de visitantes se lleven una buena impresi\u00f3n de Tultepec, y no se relacione a la\u00a0Capital de la Pirotecnia\u00a0con hechos de tragedia, sino como un pueblo de tradiciones y capaz de mantener sus festividades sin riesgos para la poblaci\u00f3n asistente.<\/p>\n","protected":false},"excerpt":{"rendered":"<p>El Ayuntamiento de Tultepec s\u00f3lo es coadyuvante de la tradicional celebraci\u00f3n que llevan a cabo los pirot\u00e9cnicos del municipio en honor a San Juan de Dios, santo patrono de los artesanos de la p\u00f3lvora, por ello proporcion\u00f3 vigilancia y condiciones de seguridad con unidades m\u00e9dicas y de emergencia necesarias para minimizar riesgos.<\/p>\n","protected":false},"author":3,"featured_media":367664,"comment_status":"open","ping_status":"open","sticky":false,"template":"","format":"standard","meta":{"_monsterinsights_skip_tracking":false,"_monsterinsights_sitenote_active":false,"_monsterinsights_sitenote_note":"","_monsterinsights_sitenote_category":0,"footnotes":""},"categories":[35155],"tags":[43675,7349,66126,3802],"class_list":["post-367596","post","type-post","status-publish","format-standard","has-post-thumbnail","hentry","category-estado-de-mexico-estado-de-mexico","tag-estado-de-mexico","tag-operativo","tag-quema","tag-tultepec"],"_links":{"self":[{"href":"https:\/\/www.diarioimagen.net\/index.php?rest_route=\/wp\/v2\/posts\/367596","targetHints":{"allow":["GET"]}}],"collection":[{"href":"https:\/\/www.diarioimagen.net\/index.php?rest_route=\/wp\/v2\/posts"}],"about":[{"href":"https:\/\/www.diarioimagen.net\/index.php?rest_route=\/wp\/v2\/types\/post"}],"author":[{"embeddable":true,"href":"https:\/\/www.diarioimagen.net\/index.php?rest_route=\/wp\/v2\/users\/3"}],"replies":[{"embeddable":true,"href":"https:\/\/www.diarioimagen.net\/index.php?rest_route=%2Fwp%2Fv2%2Fcomments&post=367596"}],"version-history":[{"count":0,"href":"https:\/\/www.diarioimagen.net\/index.php?rest_route=\/wp\/v2\/posts\/367596\/revisions"}],"wp:featuredmedia":[{"embeddable":true,"href":"https:\/\/www.diarioimagen.net\/index.php?rest_route=\/wp\/v2\/media\/367664"}],"wp:attachment":[{"href":"https:\/\/www.diarioimagen.net\/index.php?rest_route=%2Fwp%2Fv2%2Fmedia&parent=367596"}],"wp:term":[{"taxonomy":"category","embeddable":true,"href":"https:\/\/www.diarioimagen.net\/index.php?rest_route=%2Fwp%2Fv2%2Fcategories&post=367596"},{"taxonomy":"post_tag","embeddable":true,"href":"https:\/\/www.diarioimagen.net\/index.php?rest_route=%2Fwp%2Fv2%2Ftags&post=367596"}],"curies":[{"name":"wp","href":"https:\/\/api.w.org\/{rel}","templated":true}]}}