{"id":367690,"date":"2018-03-12T00:07:30","date_gmt":"2018-03-12T06:07:30","guid":{"rendered":"http:\/\/www.diarioimagen.net\/?p=367690"},"modified":"2018-03-12T23:33:35","modified_gmt":"2018-03-13T05:33:35","slug":"edomex-entre-los-5-estados-en-atender-mas-rapido-incendios-forestales","status":"publish","type":"post","link":"https:\/\/www.diarioimagen.net\/?p=367690","title":{"rendered":"Atenci\u00f3n oportuna en incendios forestales"},"content":{"rendered":"<h2>Arco Norte<\/h2>\n<h5>Jos\u00e9 Luis Monta\u00f1ez Aguilar<\/h5>\n<p>&nbsp;<\/p>\n<div id=\"attachment_367691\" style=\"width: 470px\" class=\"wp-caption aligncenter\"><img loading=\"lazy\" decoding=\"async\" aria-describedby=\"caption-attachment-367691\" class=\"size-large wp-image-367691\" src=\"http:\/\/www.diarioimagen.net\/wp-content\/uploads\/2018\/03\/INCENDIOS12-portal-460x268.jpg\" alt=\"\" width=\"460\" height=\"268\" srcset=\"https:\/\/www.diarioimagen.net\/wp-content\/uploads\/2018\/03\/INCENDIOS12-portal-460x268.jpg 460w, https:\/\/www.diarioimagen.net\/wp-content\/uploads\/2018\/03\/INCENDIOS12-portal-240x140.jpg 240w, https:\/\/www.diarioimagen.net\/wp-content\/uploads\/2018\/03\/INCENDIOS12-portal.jpg 480w\" sizes=\"auto, (max-width: 460px) 100vw, 460px\" \/><p id=\"caption-attachment-367691\" class=\"wp-caption-text\">Combate Probosque incendios en tres horas con 22 minutos, por debajo de la media nacional que es de 20 horas 46 minutos.<\/p><\/div>\n<p>&nbsp;<\/p>\n<p>El Estado de M\u00e9xico se encuentra entre las cinco entidades con menor tiempo en la detecci\u00f3n, llegada y duraci\u00f3n de incendios forestales.<\/p>\n<p>En 2017 se registraron mil 450 incendios en la entidad con 11 mil 743 hect\u00e1reas afectadas.<\/p>\n<p>Durante la temporada pasada, el promedio de detecci\u00f3n de incendios forestales del Estado de M\u00e9xico fue de siete minutos, al igual que Morelos y Tlaxcala, s\u00f3lo superados por la Ciudad de M\u00e9xico e Hidalgo, con una media de detecci\u00f3n de cinco minutos.<\/p>\n<p>Luego de la detecci\u00f3n, el promedio de llegada de los combatientes al lugar del incendio en la entidad fue de 41 minutos, lo que lo coloca en quinto lugar despu\u00e9s de Baja California Sur, Tlaxcala, Ciudad de M\u00e9xico y Tamaulipas.<\/p>\n<p>Las acciones de combate de incendios forestales est\u00e1n coordinadas mediante el mando \u00fanico, dirigido por la Protectora de Bosques del Estado de M\u00e9xico (Probosque), lo que ha permitido que la duraci\u00f3n de los incendios sea menor a la media nacional que es de 20 horas 46 minutos, mientras que para el Estado de M\u00e9xico es de tres horas con 22 minutos.<\/p>\n<p>En el combate de incendios participan 192 brigadas integradas por ejidatarios y comuneros, as\u00ed como autoridades municipales y estatales.<\/p>\n<p>&nbsp;<\/p>\n<p style=\"text-align: center;\"><strong>Firman DIFEM y UAEM acuerdo para fortalecer atenci\u00f3n a grupos vulnerables<\/strong><\/p>\n<p>Para fortalecer el trabajo en materia de asistencia social, a trav\u00e9s de la participaci\u00f3n y los conocimientos aportados por estudiantes universitarios, Fernanda Castillo de Del Mazo, presidenta honoraria del Sistema para el Desarrollo Integral de la Familia del Estado de M\u00e9xico (DIFEM), y Alfredo Barrera Baca, Rector de la Universidad Aut\u00f3noma estatal, firmaron un convenio que permitir\u00e1 impulsar el trabajo coordinado y consolidar acciones que propicien el desarrollo de los grupos vulnerables de la entidad, como mujeres, menores de edad o adultos mayores.<\/p>\n<p>Castillo de Del Mazo se\u00f1al\u00f3 que, derivado de esta alianza, se realizar\u00e1n proyectos orientados a la investigaci\u00f3n en salud, recreaci\u00f3n, as\u00ed como atenci\u00f3n psicol\u00f3gica y m\u00e9dica, dentro de las \u00e1reas que conforman el DIFEM, a trav\u00e9s del servicio social y pr\u00e1cticas profesionales de los universitarios.<\/p>\n<p><em><a href=\"mailto:montanezaguilar@gmail.com\" target=\"_blank\" rel=\"noopener noreferrer\">montanezaguilar@gmail.com<\/a><\/em><\/p>\n","protected":false},"excerpt":{"rendered":"<p><span style=\"color: #005497;\">Jos\u00e9 Luis Monta\u00f1ez Aguilar<\/span><br \/>\n<br \/>\nEl Estado de M\u00e9xico se encuentra entre las cinco entidades con menor tiempo en la detecci\u00f3n, llegada y duraci\u00f3n de incendios forestales.<\/p>\n","protected":false},"author":5,"featured_media":367691,"comment_status":"open","ping_status":"open","sticky":false,"template":"","format":"standard","meta":{"_monsterinsights_skip_tracking":false,"_monsterinsights_sitenote_active":false,"_monsterinsights_sitenote_note":"","_monsterinsights_sitenote_category":0,"footnotes":""},"categories":[5],"tags":[71596,13284,71598,71597,21451,43704,71599,43674],"class_list":["post-367690","post","type-post","status-publish","format-standard","has-post-thumbnail","hentry","category-estado-de-mexico","tag-5-estados","tag-arco-norte","tag-c","tag-ciudad-de-mexico-e-hidalgo","tag-incendios-forestales","tag-jose-luis-montanez-aguilar","tag-morelos-y-tlaxcala","tag-opinion"],"_links":{"self":[{"href":"https:\/\/www.diarioimagen.net\/index.php?rest_route=\/wp\/v2\/posts\/367690","targetHints":{"allow":["GET"]}}],"collection":[{"href":"https:\/\/www.diarioimagen.net\/index.php?rest_route=\/wp\/v2\/posts"}],"about":[{"href":"https:\/\/www.diarioimagen.net\/index.php?rest_route=\/wp\/v2\/types\/post"}],"author":[{"embeddable":true,"href":"https:\/\/www.diarioimagen.net\/index.php?rest_route=\/wp\/v2\/users\/5"}],"replies":[{"embeddable":true,"href":"https:\/\/www.diarioimagen.net\/index.php?rest_route=%2Fwp%2Fv2%2Fcomments&post=367690"}],"version-history":[{"count":0,"href":"https:\/\/www.diarioimagen.net\/index.php?rest_route=\/wp\/v2\/posts\/367690\/revisions"}],"wp:featuredmedia":[{"embeddable":true,"href":"https:\/\/www.diarioimagen.net\/index.php?rest_route=\/wp\/v2\/media\/367691"}],"wp:attachment":[{"href":"https:\/\/www.diarioimagen.net\/index.php?rest_route=%2Fwp%2Fv2%2Fmedia&parent=367690"}],"wp:term":[{"taxonomy":"category","embeddable":true,"href":"https:\/\/www.diarioimagen.net\/index.php?rest_route=%2Fwp%2Fv2%2Fcategories&post=367690"},{"taxonomy":"post_tag","embeddable":true,"href":"https:\/\/www.diarioimagen.net\/index.php?rest_route=%2Fwp%2Fv2%2Ftags&post=367690"}],"curies":[{"name":"wp","href":"https:\/\/api.w.org\/{rel}","templated":true}]}}