{"id":367758,"date":"2018-03-12T00:06:03","date_gmt":"2018-03-12T06:06:03","guid":{"rendered":"http:\/\/www.diarioimagen.net\/?p=367758"},"modified":"2018-03-12T03:23:55","modified_gmt":"2018-03-12T09:23:55","slug":"entregan-obra-de-20-mdp-a-vecinos-del-fraccionamiento-hacienda-cuautitlan","status":"publish","type":"post","link":"https:\/\/www.diarioimagen.net\/?p=367758","title":{"rendered":"Entregan obra de 20 mdp a vecinos del fraccionamiento Hacienda Cuautitl\u00e1n"},"content":{"rendered":"<ul>\n<li><strong><em>Programa de reencarpertado<\/em><\/strong><\/li>\n<\/ul>\n<p>&nbsp;<\/p>\n<div id=\"attachment_367822\" style=\"width: 470px\" class=\"wp-caption aligncenter\"><a href=\"http:\/\/www.diarioimagen.net\/?attachment_id=367822\" rel=\"attachment wp-att-367822\"><img loading=\"lazy\" decoding=\"async\" aria-describedby=\"caption-attachment-367822\" class=\"size-large wp-image-367822\" src=\"http:\/\/www.diarioimagen.net\/wp-content\/uploads\/2018\/03\/CUAUTITLAN-3324-460x259.jpg\" alt=\"\" width=\"460\" height=\"259\" srcset=\"https:\/\/www.diarioimagen.net\/wp-content\/uploads\/2018\/03\/CUAUTITLAN-3324-460x259.jpg 460w, https:\/\/www.diarioimagen.net\/wp-content\/uploads\/2018\/03\/CUAUTITLAN-3324-240x135.jpg 240w, https:\/\/www.diarioimagen.net\/wp-content\/uploads\/2018\/03\/CUAUTITLAN-3324-235x132.jpg 235w, https:\/\/www.diarioimagen.net\/wp-content\/uploads\/2018\/03\/CUAUTITLAN-3324-202x114.jpg 202w, https:\/\/www.diarioimagen.net\/wp-content\/uploads\/2018\/03\/CUAUTITLAN-3324-350x196.jpg 350w, https:\/\/www.diarioimagen.net\/wp-content\/uploads\/2018\/03\/CUAUTITLAN-3324-220x123.jpg 220w, https:\/\/www.diarioimagen.net\/wp-content\/uploads\/2018\/03\/CUAUTITLAN-3324-237x132.jpg 237w, https:\/\/www.diarioimagen.net\/wp-content\/uploads\/2018\/03\/CUAUTITLAN-3324.jpg 480w\" sizes=\"auto, (max-width: 460px) 100vw, 460px\" \/><\/a><p id=\"caption-attachment-367822\" class=\"wp-caption-text\">La alcaldesa Ma. Guadalupe Fern\u00e1ndez S\u00e1nchez entreg\u00f3 el proyecto de reencarpertado de las calles del fraccionamiento Hacienda Cuautitl\u00e1n y la avenida Arturo Montiel.<\/p><\/div>\n<p>&nbsp;<\/p>\n<p><strong>Cuautitl\u00e1n, Estado de M\u00e9xico<\/strong>.- La presidenta municipal,\u00a0 junto con integrantes del cabildo, el director de IMEVIS, Instituto Mexiquense de la Vivienda, Gabriel Casillas Zanatta, el diputado Jos\u00e9 Luis Cardoso Esteves, diputado federal del Distrito XXXVII y Mois\u00e9s Vel\u00e1zquez Castillo, representante del gobernador Alfredo Del Mazo Maza, realizaron la entrega del proyecto de reencarpertado con mezcla asf\u00e1ltica, del 75% de las calles del fraccionamiento Hacienda Cuautitl\u00e1n, y la avenida Arturo Montiel que recorre los fraccionamientos de Guadalupana y Galaxia; este proyecto contempl\u00f3 el reencarpetado de m\u00e1s de 58 mil metros de superficie, con una inversi\u00f3n de 20 millones de pesos.<\/p>\n<p>La alcaldesa agradeci\u00f3 a Gabriel Casillas, por ayudar a la gesti\u00f3n de recursos del programa FORTALES (Fortalecimiento de los Estados), cuando todav\u00eda era el titilar de la diputaci\u00f3n federal, del Distrito XXXVII,\u00a0 que ayuda al proyecto de mejorar las vialidades del Cuautitl\u00e1n y que beneficia a m\u00e1s de 20 mil habitantes de esta localidad .<\/p>\n<p>Gabriel Casillas record\u00f3 el trabajo de Martha Elvia Fern\u00e1ndez, porque su gesti\u00f3n y su trabajo siempre a favor de la gente de Cuautitl\u00e1n, y que hoy Lupita Fern\u00e1ndez ha caminado de igual manera para mejorar las condiciones de la ciudadan\u00eda, tambi\u00e9n comprometi\u00f3 el trabajo del IMEVIS, traer\u00a0 el programa que ayuda a dar de manera gratuita, con un subsidio al 100% a quienes ya terminaron de pagar sus cr\u00e9ditos para acceder a sus t\u00edtulos de propiedad.<\/p>\n<p>Esta entrega de obra se acompa\u00f1\u00f3 de una jornada gratuita m\u00e9dica y de servicios, y una entrega de apoyos, al finalizar el evento protocolario se invit\u00f3 a todos los asistentes a una convivencia con las autoridades.<\/p>\n","protected":false},"excerpt":{"rendered":"<p>La presidenta municipal,  junto con integrantes del cabildo, el director de IMEVIS, Instituto Mexiquense de la Vivienda, Gabriel Casillas Zanatta, el diputado Jos\u00e9 Luis Cardoso Esteves, diputado federal del Distrito XXXVII y Mois\u00e9s Vel\u00e1zquez Castillo, representante del gobernador Alfredo Del Mazo Maza, realizaron la entrega del proyecto de reencarpertado con mezcla asf\u00e1ltica, del 75% de las calles del fraccionamiento Hacienda Cuautitl\u00e1n, y la avenida Arturo Montiel que recorre los fraccionamientos de Guadalupana y Galaxia; este proyecto contempl\u00f3 el reencarpetado de m\u00e1s de 58 mil metros de superficie, con una inversi\u00f3n de 20 millones de pesos.<\/p>\n","protected":false},"author":3,"featured_media":367822,"comment_status":"open","ping_status":"open","sticky":false,"template":"","format":"standard","meta":{"_monsterinsights_skip_tracking":false,"_monsterinsights_sitenote_active":false,"_monsterinsights_sitenote_note":"","_monsterinsights_sitenote_category":0,"footnotes":""},"categories":[35155],"tags":[681,43675,67078,26362],"class_list":["post-367758","post","type-post","status-publish","format-standard","has-post-thumbnail","hentry","category-estado-de-mexico-estado-de-mexico","tag-cuautitlan","tag-estado-de-mexico","tag-fraccionamiento","tag-vecinos"],"_links":{"self":[{"href":"https:\/\/www.diarioimagen.net\/index.php?rest_route=\/wp\/v2\/posts\/367758","targetHints":{"allow":["GET"]}}],"collection":[{"href":"https:\/\/www.diarioimagen.net\/index.php?rest_route=\/wp\/v2\/posts"}],"about":[{"href":"https:\/\/www.diarioimagen.net\/index.php?rest_route=\/wp\/v2\/types\/post"}],"author":[{"embeddable":true,"href":"https:\/\/www.diarioimagen.net\/index.php?rest_route=\/wp\/v2\/users\/3"}],"replies":[{"embeddable":true,"href":"https:\/\/www.diarioimagen.net\/index.php?rest_route=%2Fwp%2Fv2%2Fcomments&post=367758"}],"version-history":[{"count":0,"href":"https:\/\/www.diarioimagen.net\/index.php?rest_route=\/wp\/v2\/posts\/367758\/revisions"}],"wp:featuredmedia":[{"embeddable":true,"href":"https:\/\/www.diarioimagen.net\/index.php?rest_route=\/wp\/v2\/media\/367822"}],"wp:attachment":[{"href":"https:\/\/www.diarioimagen.net\/index.php?rest_route=%2Fwp%2Fv2%2Fmedia&parent=367758"}],"wp:term":[{"taxonomy":"category","embeddable":true,"href":"https:\/\/www.diarioimagen.net\/index.php?rest_route=%2Fwp%2Fv2%2Fcategories&post=367758"},{"taxonomy":"post_tag","embeddable":true,"href":"https:\/\/www.diarioimagen.net\/index.php?rest_route=%2Fwp%2Fv2%2Ftags&post=367758"}],"curies":[{"name":"wp","href":"https:\/\/api.w.org\/{rel}","templated":true}]}}