{"id":368284,"date":"2018-03-15T00:10:27","date_gmt":"2018-03-15T06:10:27","guid":{"rendered":"http:\/\/www.diarioimagen.net\/?p=368284"},"modified":"2018-03-15T05:51:28","modified_gmt":"2018-03-15T11:51:28","slug":"arranca-programa-de-familias-fuertes","status":"publish","type":"post","link":"https:\/\/www.diarioimagen.net\/?p=368284","title":{"rendered":"Arranca programa de Familias Fuertes"},"content":{"rendered":"<h2>Arco Norte<\/h2>\n<h5>Jos\u00e9 Luis Monta\u00f1ez Aguilar<\/h5>\n<p>&nbsp;<\/p>\n<p>El gobernador Alfredo Del Mazo dio inicio a la entrega de canastas alimentarias para adultos mayores, ni\u00f1os ind\u00edgenas y familias en situaci\u00f3n de vulnerabilidad.<\/p>\n<p>Dijo que con la estrategia de desarrollo social, Familias Fuertes se apoya a la econom\u00eda y la salud de las familias del Estado de M\u00e9xico, ya que ahorran al dejar de comprar los productos que la integran, adem\u00e1s de que reciben alimentos de calidad y nutritivos.<\/p>\n<p>Explic\u00f3 que las canastas que se otorgan a los adultos mayores fueron homologadas, pues anteriormente se entregaban diferentes productos a quienes estaban en el rango de los 60 a\u00f1os y a quienes ten\u00edan 70 a\u00f1os y m\u00e1s.<\/p>\n<p>Del Mazo agreg\u00f3 que el gobierno del Estado de M\u00e9xico tiene como prioridad apoyar el desarrollo de las mujeres mexiquenses, y con este programa se va a lograr, ya que siete de cada 10 personas que recibir\u00e1n estas canastas, pertenecen al sector femenil.<\/p>\n<p>Puntualiz\u00f3 que tambi\u00e9n se apoyar\u00e1 a ni\u00f1os ind\u00edgenas con este programa, y manifest\u00f3 que el gobierno estatal trabaja para seguir conservando la cultura y tradiciones de este sector de la poblaci\u00f3n.<\/p>\n<p style=\"text-align: center;\"><strong>Unen esfuerzos empresarios del sector automotriz y GEM<\/strong><\/p>\n<p><a href=\"http:\/\/www.diarioimagen.net\/?attachment_id=368355\" rel=\"attachment wp-att-368355\"><img loading=\"lazy\" decoding=\"async\" class=\"aligncenter size-large wp-image-368355\" src=\"http:\/\/www.diarioimagen.net\/wp-content\/uploads\/2018\/03\/arco-3327-460x259.jpg\" alt=\"\" width=\"460\" height=\"259\" srcset=\"https:\/\/www.diarioimagen.net\/wp-content\/uploads\/2018\/03\/arco-3327-460x259.jpg 460w, https:\/\/www.diarioimagen.net\/wp-content\/uploads\/2018\/03\/arco-3327-240x135.jpg 240w, https:\/\/www.diarioimagen.net\/wp-content\/uploads\/2018\/03\/arco-3327-235x132.jpg 235w, https:\/\/www.diarioimagen.net\/wp-content\/uploads\/2018\/03\/arco-3327-202x114.jpg 202w, https:\/\/www.diarioimagen.net\/wp-content\/uploads\/2018\/03\/arco-3327-350x196.jpg 350w, https:\/\/www.diarioimagen.net\/wp-content\/uploads\/2018\/03\/arco-3327-220x123.jpg 220w, https:\/\/www.diarioimagen.net\/wp-content\/uploads\/2018\/03\/arco-3327-237x132.jpg 237w, https:\/\/www.diarioimagen.net\/wp-content\/uploads\/2018\/03\/arco-3327.jpg 480w\" sizes=\"auto, (max-width: 460px) 100vw, 460px\" \/><\/a><\/p>\n<p>El secretario de Desarrollo Econ\u00f3mico, Alberto Curi Naime, se\u00f1al\u00f3 que debido a la importancia que tiene el dinamismo econ\u00f3mico del sector automotriz en el Estado de M\u00e9xico, la administraci\u00f3n estatal apoyar\u00e1 a este sector a fin de mantener su estatus y acrecentarlo para detonar la competitividad\u00a0 de la entidad, en beneficio de los mexiquenses.<\/p>\n<p>Al tomar protesta a los integrantes de la Mesa Directiva 2018-2019, de la Asociaci\u00f3n Mexicana de Distribuidores de Autom\u00f3viles, Estado de M\u00e9xico, el funcionario dijo que el Gobierno del estado trabaja para lograr un escenario de mayor\u00a0 productividad y generar condiciones que permitan el progreso de estas compa\u00f1\u00edas.<\/p>\n<p>A\u00f1adi\u00f3 que para el Gobernador Alfredo Del Mazo es fundamental trabajar de cerca con los empresarios de este ramo, y\u00a0 generar sinergias productivas para concretar proyectos y propiciar un ambiente orientado a mantener el dinamismo econ\u00f3mico e impulsar su crecimiento.<\/p>\n<p><em><a href=\"mailto:montanezaguilar@gmail.com\" target=\"_blank\" rel=\"noopener noreferrer\">montanezaguilar@gmail.com<\/a><\/em><\/p>\n","protected":false},"excerpt":{"rendered":"<p><span style=\"color: #005497;\">Jos\u00e9 Luis Monta\u00f1ez Aguilar<\/span><br \/>\n<br \/>\nEl gobernador Alfredo Del Mazo dio inicio a la entrega de canastas alimentarias para adultos mayores, ni\u00f1os ind\u00edgenas y familias en situaci\u00f3n de vulnerabilidad.<\/p>\n","protected":false},"author":3,"featured_media":368355,"comment_status":"open","ping_status":"open","sticky":false,"template":"","format":"standard","meta":{"_monsterinsights_skip_tracking":false,"_monsterinsights_sitenote_active":false,"_monsterinsights_sitenote_note":"","_monsterinsights_sitenote_category":0,"footnotes":""},"categories":[5],"tags":[13284,43704,43674],"class_list":["post-368284","post","type-post","status-publish","format-standard","has-post-thumbnail","hentry","category-estado-de-mexico","tag-arco-norte","tag-jose-luis-montanez-aguilar","tag-opinion"],"_links":{"self":[{"href":"https:\/\/www.diarioimagen.net\/index.php?rest_route=\/wp\/v2\/posts\/368284","targetHints":{"allow":["GET"]}}],"collection":[{"href":"https:\/\/www.diarioimagen.net\/index.php?rest_route=\/wp\/v2\/posts"}],"about":[{"href":"https:\/\/www.diarioimagen.net\/index.php?rest_route=\/wp\/v2\/types\/post"}],"author":[{"embeddable":true,"href":"https:\/\/www.diarioimagen.net\/index.php?rest_route=\/wp\/v2\/users\/3"}],"replies":[{"embeddable":true,"href":"https:\/\/www.diarioimagen.net\/index.php?rest_route=%2Fwp%2Fv2%2Fcomments&post=368284"}],"version-history":[{"count":0,"href":"https:\/\/www.diarioimagen.net\/index.php?rest_route=\/wp\/v2\/posts\/368284\/revisions"}],"wp:featuredmedia":[{"embeddable":true,"href":"https:\/\/www.diarioimagen.net\/index.php?rest_route=\/wp\/v2\/media\/368355"}],"wp:attachment":[{"href":"https:\/\/www.diarioimagen.net\/index.php?rest_route=%2Fwp%2Fv2%2Fmedia&parent=368284"}],"wp:term":[{"taxonomy":"category","embeddable":true,"href":"https:\/\/www.diarioimagen.net\/index.php?rest_route=%2Fwp%2Fv2%2Fcategories&post=368284"},{"taxonomy":"post_tag","embeddable":true,"href":"https:\/\/www.diarioimagen.net\/index.php?rest_route=%2Fwp%2Fv2%2Ftags&post=368284"}],"curies":[{"name":"wp","href":"https:\/\/api.w.org\/{rel}","templated":true}]}}