{"id":368288,"date":"2018-03-15T00:12:08","date_gmt":"2018-03-15T06:12:08","guid":{"rendered":"http:\/\/www.diarioimagen.net\/?p=368288"},"modified":"2018-03-15T05:58:13","modified_gmt":"2018-03-15T11:58:13","slug":"se-contagian-3-personas-de-sarampion-en-la-cdmx","status":"publish","type":"post","link":"https:\/\/www.diarioimagen.net\/?p=368288","title":{"rendered":"Se contagian 3 personas de sarampi\u00f3n en la CDMX"},"content":{"rendered":"<ul>\n<li><strong><em>Portador se infect\u00f3 en el extranjero<\/em><\/strong><\/li>\n<\/ul>\n<p>&nbsp;<\/p>\n<div id=\"attachment_368375\" style=\"width: 470px\" class=\"wp-caption aligncenter\"><a href=\"http:\/\/www.diarioimagen.net\/?attachment_id=368375\" rel=\"attachment wp-att-368375\"><img loading=\"lazy\" decoding=\"async\" aria-describedby=\"caption-attachment-368375\" class=\"size-large wp-image-368375\" src=\"http:\/\/www.diarioimagen.net\/wp-content\/uploads\/2018\/03\/SARAMPION-3327-460x259.jpg\" alt=\"\" width=\"460\" height=\"259\" srcset=\"https:\/\/www.diarioimagen.net\/wp-content\/uploads\/2018\/03\/SARAMPION-3327-460x259.jpg 460w, https:\/\/www.diarioimagen.net\/wp-content\/uploads\/2018\/03\/SARAMPION-3327-240x135.jpg 240w, https:\/\/www.diarioimagen.net\/wp-content\/uploads\/2018\/03\/SARAMPION-3327-235x132.jpg 235w, https:\/\/www.diarioimagen.net\/wp-content\/uploads\/2018\/03\/SARAMPION-3327-202x114.jpg 202w, https:\/\/www.diarioimagen.net\/wp-content\/uploads\/2018\/03\/SARAMPION-3327-350x196.jpg 350w, https:\/\/www.diarioimagen.net\/wp-content\/uploads\/2018\/03\/SARAMPION-3327-220x123.jpg 220w, https:\/\/www.diarioimagen.net\/wp-content\/uploads\/2018\/03\/SARAMPION-3327-237x132.jpg 237w, https:\/\/www.diarioimagen.net\/wp-content\/uploads\/2018\/03\/SARAMPION-3327.jpg 480w\" sizes=\"auto, (max-width: 460px) 100vw, 460px\" \/><\/a><p id=\"caption-attachment-368375\" class=\"wp-caption-text\">Las autoridades de Salud analizan el origen del contagio de sarampi\u00f3n de tres personas en la Ciudad de M\u00e9xico.<\/p><\/div>\n<p>&nbsp;<\/p>\n<p>Pese a que en M\u00e9xico se carece de casos aut\u00f3ctonos de sarampi\u00f3n desde 1996, el Sistema Nacional de Vigilancia Epidemiol\u00f3gica (SINAVE) detect\u00f3 en la Ciudad de M\u00e9xico tres casos que est\u00e1 analizando el origen del contagio, ya que a\u00fan no han identificado a la persona que lo adquiri\u00f3 en el extranjero y lo contagi\u00f3.<\/p>\n<p>Las autoridades epidemiol\u00f3gicas informaron que se trata de una mujer de 39 a\u00f1os, de origen italiano, residente de la delegaci\u00f3n Benito Ju\u00e1rez; el segundo caso es su hijo, de un a\u00f1o de edad y el tercero corresponde a una mujer de 48 a\u00f1os, quien cuidaba al menor, esta \u00faltima es residente de la delegaci\u00f3n Tlalpan. Todos est\u00e1n bajo control.<\/p>\n<p>No obstante, la Secretar\u00eda de Salud federal y los Servicios de Salud de la Ciudad de M\u00e9xico realizan acciones de campo para la identificar posibles casos secundarios, adem\u00e1s de activar acciones de promoci\u00f3n, prevenci\u00f3n, vacunaci\u00f3n y control de la enfermedad.<\/p>\n<p>\u201cLos tres casos se\u00f1alados fueron confirmados por el Instituto de Diagn\u00f3stico y Referencia Epidemiol\u00f3gico (InDRE) y actualmente se encuentran asintom\u00e1ticos\u201d, de acuerdo con la Secretar\u00eda de Salud.<\/p>\n<p>Se trata de una enfermedad altamente contagiosa causada por un virus y se caracteriza por fiebre, tos, secreci\u00f3n nasal, ojos rojos y erupci\u00f3n cut\u00e1nea (exantema). Se transmite por contacto, gotitas provenientes de la nariz, de la boca o la garganta de una persona infectada. No hay ning\u00fan tratamiento espec\u00edfico, el manejo es \u00fanicamente sintom\u00e1tico, detall\u00f3 la dependencia.<\/p>\n<p>En 2017, la Organizaci\u00f3n Mundial de la Salud registr\u00f3 21 mil 315 casos de sarampi\u00f3n y 35 defunciones en Europa, 400 por ciento m\u00e1s que el a\u00f1o anterior, con 5 mil 273 infectados. Los pa\u00edses m\u00e1s afectados fueron Italia, con 4 mil 803, y Rumania, con 4 mil 487 personas afectadas.<\/p>\n<p>En 2018 se han notificado casos importados en ocho pa\u00edses de Am\u00e9rica: uno en la Antigua y Barbuda, otro en Guatemala, uno m\u00e1s en Per\u00fa, y uno m\u00e1s en M\u00e9xico; en tanto, en Brasil se notificaron 8, en Canad\u00e1 3, en Estados Unidos 11 y en Venezuela 159.<\/p>\n<p>En M\u00e9xico, de acuerdo con la dependencia, la fortaleza del Esquema Nacional de Vacunaci\u00f3n ha permitido eliminar la circulaci\u00f3n de este virus del territorio nacional, es decir, no hay casos aut\u00f3ctonos.<\/p>\n","protected":false},"excerpt":{"rendered":"<p>Pese a que en M\u00e9xico se carece de casos aut\u00f3ctonos de sarampi\u00f3n desde 1996, el Sistema Nacional de Vigilancia Epidemiol\u00f3gica (SINAVE) detect\u00f3 en la Ciudad de M\u00e9xico tres casos que est\u00e1 analizando el origen del contagio, ya que a\u00fan no han identificado a la persona que lo adquiri\u00f3 en el extranjero y lo contagi\u00f3.<\/p>\n","protected":false},"author":3,"featured_media":368375,"comment_status":"open","ping_status":"open","sticky":false,"template":"","format":"standard","meta":{"_monsterinsights_skip_tracking":false,"_monsterinsights_sitenote_active":false,"_monsterinsights_sitenote_note":"","_monsterinsights_sitenote_category":0,"footnotes":""},"categories":[6],"tags":[71803,71804,9521],"class_list":["post-368288","post","type-post","status-publish","format-standard","has-post-thumbnail","hentry","category-cd-de-mexico","tag-cdemx","tag-contagia","tag-sarampion"],"_links":{"self":[{"href":"https:\/\/www.diarioimagen.net\/index.php?rest_route=\/wp\/v2\/posts\/368288","targetHints":{"allow":["GET"]}}],"collection":[{"href":"https:\/\/www.diarioimagen.net\/index.php?rest_route=\/wp\/v2\/posts"}],"about":[{"href":"https:\/\/www.diarioimagen.net\/index.php?rest_route=\/wp\/v2\/types\/post"}],"author":[{"embeddable":true,"href":"https:\/\/www.diarioimagen.net\/index.php?rest_route=\/wp\/v2\/users\/3"}],"replies":[{"embeddable":true,"href":"https:\/\/www.diarioimagen.net\/index.php?rest_route=%2Fwp%2Fv2%2Fcomments&post=368288"}],"version-history":[{"count":0,"href":"https:\/\/www.diarioimagen.net\/index.php?rest_route=\/wp\/v2\/posts\/368288\/revisions"}],"wp:featuredmedia":[{"embeddable":true,"href":"https:\/\/www.diarioimagen.net\/index.php?rest_route=\/wp\/v2\/media\/368375"}],"wp:attachment":[{"href":"https:\/\/www.diarioimagen.net\/index.php?rest_route=%2Fwp%2Fv2%2Fmedia&parent=368288"}],"wp:term":[{"taxonomy":"category","embeddable":true,"href":"https:\/\/www.diarioimagen.net\/index.php?rest_route=%2Fwp%2Fv2%2Fcategories&post=368288"},{"taxonomy":"post_tag","embeddable":true,"href":"https:\/\/www.diarioimagen.net\/index.php?rest_route=%2Fwp%2Fv2%2Ftags&post=368288"}],"curies":[{"name":"wp","href":"https:\/\/api.w.org\/{rel}","templated":true}]}}