{"id":368310,"date":"2018-03-15T00:11:54","date_gmt":"2018-03-15T06:11:54","guid":{"rendered":"http:\/\/www.diarioimagen.net\/?p=368310"},"modified":"2018-03-15T05:56:16","modified_gmt":"2018-03-15T11:56:16","slug":"sorprende-a-capitalinos-granizada-en-varias-delegaciones","status":"publish","type":"post","link":"https:\/\/www.diarioimagen.net\/?p=368310","title":{"rendered":"Sorprende a capitalinos granizada en varias delegaciones"},"content":{"rendered":"<p><a href=\"http:\/\/www.diarioimagen.net\/?attachment_id=368371\" rel=\"attachment wp-att-368371\"><img loading=\"lazy\" decoding=\"async\" class=\"aligncenter size-large wp-image-368371\" src=\"http:\/\/www.diarioimagen.net\/wp-content\/uploads\/2018\/03\/GRANIZADA-3327-460x259.jpg\" alt=\"\" width=\"460\" height=\"259\" srcset=\"https:\/\/www.diarioimagen.net\/wp-content\/uploads\/2018\/03\/GRANIZADA-3327-460x259.jpg 460w, https:\/\/www.diarioimagen.net\/wp-content\/uploads\/2018\/03\/GRANIZADA-3327-240x135.jpg 240w, https:\/\/www.diarioimagen.net\/wp-content\/uploads\/2018\/03\/GRANIZADA-3327-235x132.jpg 235w, https:\/\/www.diarioimagen.net\/wp-content\/uploads\/2018\/03\/GRANIZADA-3327-202x114.jpg 202w, https:\/\/www.diarioimagen.net\/wp-content\/uploads\/2018\/03\/GRANIZADA-3327-350x196.jpg 350w, https:\/\/www.diarioimagen.net\/wp-content\/uploads\/2018\/03\/GRANIZADA-3327-220x123.jpg 220w, https:\/\/www.diarioimagen.net\/wp-content\/uploads\/2018\/03\/GRANIZADA-3327-237x132.jpg 237w, https:\/\/www.diarioimagen.net\/wp-content\/uploads\/2018\/03\/GRANIZADA-3327.jpg 480w\" sizes=\"auto, (max-width: 460px) 100vw, 460px\" \/><\/a><\/p>\n<p>&nbsp;<\/p>\n<p>Ayer, la Ciudad de M\u00e9xico pas\u00f3 de registrar 26 grados cent\u00edgrados a una tarde de lluvia y granizo. De acuerdo a Protecci\u00f3n Civil, la granizada afect\u00f3 las delegaciones Azcapotzalco, Miguel Hidalgo y Cuauht\u00e9moc.<\/p>\n<p>\u201dDebido a fortalecimiento de zona de tormenta se activa #AlertaAmarilla por lluvia y ca\u00edda de granizo en las delegaciones Azcapotzalco, Cuauht\u00e9moc, Iztacalco, Iztapalapa, Miguel Hidalgo y Venustiano Carranza\u201d, public\u00f3 la dependencia en su cuenta de <em>Twitter<\/em>.<\/p>\n","protected":false},"excerpt":{"rendered":"<p>Ayer, la Ciudad de M\u00e9xico pas\u00f3 de registrar 26 grados cent\u00edgrados a una tarde de lluvia y granizo. De acuerdo a Protecci\u00f3n Civil, la granizada afect\u00f3 las delegaciones Azcapotzalco, Miguel Hidalgo y Cuauht\u00e9moc.<\/p>\n","protected":false},"author":3,"featured_media":368371,"comment_status":"open","ping_status":"open","sticky":false,"template":"","format":"standard","meta":{"_monsterinsights_skip_tracking":false,"_monsterinsights_sitenote_active":false,"_monsterinsights_sitenote_note":"","_monsterinsights_sitenote_category":0,"footnotes":""},"categories":[6],"tags":[204,28136,71808],"class_list":["post-368310","post","type-post","status-publish","format-standard","has-post-thumbnail","hentry","category-cd-de-mexico","tag-ciudad-de-mexico","tag-granizada","tag-sorprende"],"_links":{"self":[{"href":"https:\/\/www.diarioimagen.net\/index.php?rest_route=\/wp\/v2\/posts\/368310","targetHints":{"allow":["GET"]}}],"collection":[{"href":"https:\/\/www.diarioimagen.net\/index.php?rest_route=\/wp\/v2\/posts"}],"about":[{"href":"https:\/\/www.diarioimagen.net\/index.php?rest_route=\/wp\/v2\/types\/post"}],"author":[{"embeddable":true,"href":"https:\/\/www.diarioimagen.net\/index.php?rest_route=\/wp\/v2\/users\/3"}],"replies":[{"embeddable":true,"href":"https:\/\/www.diarioimagen.net\/index.php?rest_route=%2Fwp%2Fv2%2Fcomments&post=368310"}],"version-history":[{"count":0,"href":"https:\/\/www.diarioimagen.net\/index.php?rest_route=\/wp\/v2\/posts\/368310\/revisions"}],"wp:featuredmedia":[{"embeddable":true,"href":"https:\/\/www.diarioimagen.net\/index.php?rest_route=\/wp\/v2\/media\/368371"}],"wp:attachment":[{"href":"https:\/\/www.diarioimagen.net\/index.php?rest_route=%2Fwp%2Fv2%2Fmedia&parent=368310"}],"wp:term":[{"taxonomy":"category","embeddable":true,"href":"https:\/\/www.diarioimagen.net\/index.php?rest_route=%2Fwp%2Fv2%2Fcategories&post=368310"},{"taxonomy":"post_tag","embeddable":true,"href":"https:\/\/www.diarioimagen.net\/index.php?rest_route=%2Fwp%2Fv2%2Ftags&post=368310"}],"curies":[{"name":"wp","href":"https:\/\/api.w.org\/{rel}","templated":true}]}}