{"id":368314,"date":"2018-03-15T00:05:05","date_gmt":"2018-03-15T06:05:05","guid":{"rendered":"http:\/\/www.diarioimagen.net\/?p=368314"},"modified":"2018-03-15T06:06:34","modified_gmt":"2018-03-15T12:06:34","slug":"contratara-uaem-anualmente-a-40-profesoras","status":"publish","type":"post","link":"https:\/\/www.diarioimagen.net\/?p=368314","title":{"rendered":"Contratar\u00e1 UAEM anualmente a 40 profesoras"},"content":{"rendered":"<ul>\n<li><strong><em>De tiempo completo<\/em><\/strong><\/li>\n<\/ul>\n<p>&nbsp;<\/p>\n<div id=\"attachment_368399\" style=\"width: 470px\" class=\"wp-caption aligncenter\"><a href=\"http:\/\/www.diarioimagen.net\/?attachment_id=368399\" rel=\"attachment wp-att-368399\"><img loading=\"lazy\" decoding=\"async\" aria-describedby=\"caption-attachment-368399\" class=\"size-large wp-image-368399\" src=\"http:\/\/www.diarioimagen.net\/wp-content\/uploads\/2018\/03\/UAEM-3327-460x259.jpg\" alt=\"\" width=\"460\" height=\"259\" srcset=\"https:\/\/www.diarioimagen.net\/wp-content\/uploads\/2018\/03\/UAEM-3327-460x259.jpg 460w, https:\/\/www.diarioimagen.net\/wp-content\/uploads\/2018\/03\/UAEM-3327-240x135.jpg 240w, https:\/\/www.diarioimagen.net\/wp-content\/uploads\/2018\/03\/UAEM-3327-235x132.jpg 235w, https:\/\/www.diarioimagen.net\/wp-content\/uploads\/2018\/03\/UAEM-3327-202x114.jpg 202w, https:\/\/www.diarioimagen.net\/wp-content\/uploads\/2018\/03\/UAEM-3327-350x196.jpg 350w, https:\/\/www.diarioimagen.net\/wp-content\/uploads\/2018\/03\/UAEM-3327-220x123.jpg 220w, https:\/\/www.diarioimagen.net\/wp-content\/uploads\/2018\/03\/UAEM-3327-237x132.jpg 237w, https:\/\/www.diarioimagen.net\/wp-content\/uploads\/2018\/03\/UAEM-3327.jpg 480w\" sizes=\"auto, (max-width: 460px) 100vw, 460px\" \/><\/a><p id=\"caption-attachment-368399\" class=\"wp-caption-text\">El rector, Alfredo Barrera Baca, encabez\u00f3 la celebraci\u00f3n del D\u00eda Institucional de la Mujer Acad\u00e9mica 2018, organizada por la FAAPAUAEM.<\/p><\/div>\n<p>&nbsp;<\/p>\n<p><strong>Toluca, Estado de M\u00e9xico<\/strong>.- Con el objetivo de impulsar la equidad de g\u00e9nero en el \u00e1mbito acad\u00e9mico y de la investigaci\u00f3n, el rector de la Universidad Aut\u00f3noma del Estado de M\u00e9xico, Alfredo Barrera Baca, anunci\u00f3 la contrataci\u00f3n anual de 40 profesoras de tiempo completo durante el periodo 2017-2021.<\/p>\n<p>Al encabezar la celebraci\u00f3n del D\u00eda Institucional de la Mujer Acad\u00e9mica 2018, organizada por la Federaci\u00f3n de Asociaciones Aut\u00f3nomas de Personal Acad\u00e9mico de esta casa de estudios (FAAPAUAEM), indic\u00f3 que a la par, la instituci\u00f3n desarrolla un proyecto transversal que incluye el establecimiento de pol\u00edticas, buenas pr\u00e1cticas, acciones afirmativas y medidas de nivelaci\u00f3n que incorporan la perspectiva de g\u00e9nero dirigida a fortalecer la cultura de la equidad con la igualdad entre hombres y mujeres.<\/p>\n<p>\u201cNos proponemos reducir las brechas de injusticia y desigualdad en los diversos espacios de desarrollo de la comunidad universitaria e impulsar una visi\u00f3n de responsabilidad social que contribuya a edificar una sociedad m\u00e1s igualitaria y libre de todo tipo de violencia, incluida la de g\u00e9nero\u201d.<\/p>\n<p>Ante las profesoras universitarias reunidas en este festejo, celebr\u00f3 los avances del feminismo a partir del siglo XX, lo que genera un retroceso pac\u00edfico y contundente de la visi\u00f3n machista en los \u00e1mbitos de la cultura, la ciencia y el arte.<\/p>\n<p>Como instituci\u00f3n p\u00fablica, puntualiz\u00f3 Alfredo Barrera Baca, la m\u00e1xima casa de estudios mexiquense est\u00e1 decidida a avanzar en la ampliaci\u00f3n de los m\u00e1rgenes de justicia y equidad de g\u00e9nero en el pa\u00eds.<\/p>\n<p>En este tenor, refiri\u00f3 que tan solo en la Aut\u00f3noma mexiquense, 57 por ciento de los alumnos son mujeres, tendencia que se observa a escala nacional y vislumbra un futuro pr\u00f3ximo con mayor incorporaci\u00f3n de profesionistas del g\u00e9nero femenino al mercado laboral.<\/p>\n<p>Ello ocurrir\u00e1, puntualiz\u00f3, de manera plena si nos esforzamos en corregir las distorsiones de una cultura machista que sigue limitando el pleno desarrollo laboral, personal y profesional de las mujeres.<\/p>\n<p>\u201cSeguiremos empe\u00f1ados en cambiar lo que tiene que ser cambiado para lograr un mundo m\u00e1s justo, libre y sustentable\u201d, concluy\u00f3 el rector Alfredo Barrera Baca.<\/p>\n<p>En el marco de esta celebraci\u00f3n fueron impartidas diversas conferencias alusivas al empoderamiento de la mujer y el uso de las redes sociales, entre otras.<\/p>\n","protected":false},"excerpt":{"rendered":"<p>Con el objetivo de impulsar la equidad de g\u00e9nero en el \u00e1mbito acad\u00e9mico y de la investigaci\u00f3n, el rector de la Universidad Aut\u00f3noma del Estado de M\u00e9xico, Alfredo Barrera Baca, anunci\u00f3 la contrataci\u00f3n anual de 40 profesoras de tiempo completo durante el periodo 2017-2021.<\/p>\n","protected":false},"author":3,"featured_media":368399,"comment_status":"open","ping_status":"open","sticky":false,"template":"","format":"standard","meta":{"_monsterinsights_skip_tracking":false,"_monsterinsights_sitenote_active":false,"_monsterinsights_sitenote_note":"","_monsterinsights_sitenote_category":0,"footnotes":""},"categories":[35155],"tags":[58572,43675,67793,452,1491],"class_list":["post-368314","post","type-post","status-publish","format-standard","has-post-thumbnail","hentry","category-estado-de-mexico-estado-de-mexico","tag-alfredo-barrera-baca","tag-estado-de-mexico","tag-profesor","tag-toluca","tag-uaem"],"_links":{"self":[{"href":"https:\/\/www.diarioimagen.net\/index.php?rest_route=\/wp\/v2\/posts\/368314","targetHints":{"allow":["GET"]}}],"collection":[{"href":"https:\/\/www.diarioimagen.net\/index.php?rest_route=\/wp\/v2\/posts"}],"about":[{"href":"https:\/\/www.diarioimagen.net\/index.php?rest_route=\/wp\/v2\/types\/post"}],"author":[{"embeddable":true,"href":"https:\/\/www.diarioimagen.net\/index.php?rest_route=\/wp\/v2\/users\/3"}],"replies":[{"embeddable":true,"href":"https:\/\/www.diarioimagen.net\/index.php?rest_route=%2Fwp%2Fv2%2Fcomments&post=368314"}],"version-history":[{"count":0,"href":"https:\/\/www.diarioimagen.net\/index.php?rest_route=\/wp\/v2\/posts\/368314\/revisions"}],"wp:featuredmedia":[{"embeddable":true,"href":"https:\/\/www.diarioimagen.net\/index.php?rest_route=\/wp\/v2\/media\/368399"}],"wp:attachment":[{"href":"https:\/\/www.diarioimagen.net\/index.php?rest_route=%2Fwp%2Fv2%2Fmedia&parent=368314"}],"wp:term":[{"taxonomy":"category","embeddable":true,"href":"https:\/\/www.diarioimagen.net\/index.php?rest_route=%2Fwp%2Fv2%2Fcategories&post=368314"},{"taxonomy":"post_tag","embeddable":true,"href":"https:\/\/www.diarioimagen.net\/index.php?rest_route=%2Fwp%2Fv2%2Ftags&post=368314"}],"curies":[{"name":"wp","href":"https:\/\/api.w.org\/{rel}","templated":true}]}}