{"id":368324,"date":"2018-03-15T00:07:58","date_gmt":"2018-03-15T06:07:58","guid":{"rendered":"http:\/\/www.diarioimagen.net\/?p=368324"},"modified":"2018-03-15T06:03:47","modified_gmt":"2018-03-15T12:03:47","slug":"estudiantes-de-primaria-de-tlalnepantla-experimentan-ser-ediles-y-funcionarios","status":"publish","type":"post","link":"https:\/\/www.diarioimagen.net\/?p=368324","title":{"rendered":"Estudiantes de primaria de Tlalnepantla experimentan ser ediles y funcionarios"},"content":{"rendered":"<ul>\n<li><strong><em>Integran el Cabildo Infantil<\/em><\/strong><\/li>\n<\/ul>\n<p>&nbsp;<\/p>\n<div id=\"attachment_368394\" style=\"width: 470px\" class=\"wp-caption aligncenter\"><a href=\"http:\/\/www.diarioimagen.net\/?attachment_id=368394\" rel=\"attachment wp-att-368394\"><img loading=\"lazy\" decoding=\"async\" aria-describedby=\"caption-attachment-368394\" class=\"size-large wp-image-368394\" src=\"http:\/\/www.diarioimagen.net\/wp-content\/uploads\/2018\/03\/TLALNEPANTLA-3327-460x259.jpg\" alt=\"\" width=\"460\" height=\"259\" srcset=\"https:\/\/www.diarioimagen.net\/wp-content\/uploads\/2018\/03\/TLALNEPANTLA-3327-460x259.jpg 460w, https:\/\/www.diarioimagen.net\/wp-content\/uploads\/2018\/03\/TLALNEPANTLA-3327-240x135.jpg 240w, https:\/\/www.diarioimagen.net\/wp-content\/uploads\/2018\/03\/TLALNEPANTLA-3327-235x132.jpg 235w, https:\/\/www.diarioimagen.net\/wp-content\/uploads\/2018\/03\/TLALNEPANTLA-3327-202x114.jpg 202w, https:\/\/www.diarioimagen.net\/wp-content\/uploads\/2018\/03\/TLALNEPANTLA-3327-350x196.jpg 350w, https:\/\/www.diarioimagen.net\/wp-content\/uploads\/2018\/03\/TLALNEPANTLA-3327-220x123.jpg 220w, https:\/\/www.diarioimagen.net\/wp-content\/uploads\/2018\/03\/TLALNEPANTLA-3327-237x132.jpg 237w, https:\/\/www.diarioimagen.net\/wp-content\/uploads\/2018\/03\/TLALNEPANTLA-3327.jpg 480w\" sizes=\"auto, (max-width: 460px) 100vw, 460px\" \/><\/a><p id=\"caption-attachment-368394\" class=\"wp-caption-text\">La jornada del Cabildo infantil inici\u00f3 con la entrega de nombramientos por parte de la alcaldesa Denisse Ugalde Alegr\u00eda a cada uno de los 57 peque\u00f1os.<\/p><\/div>\n<p>&nbsp;<\/p>\n<p><strong>Tlalnepantla, Estado de M\u00e9xico<\/strong>.- Por tercer a\u00f1o consecutivo, el gobierno de Tlalnepantla llev\u00f3 a cabo el Cabildo Infantil en el que participaron alumnos de sexto grado de primaria, quienes conocieron de cerca las actividades que diariamente realizan la presidenta municipal, los integrantes del Cuerpo Edilicio y los titulares de las distintas \u00e1reas de la administraci\u00f3n.<\/p>\n<p>Esta jornada laboral inici\u00f3 con la entrega de nombramientos por parte de la presidenta municipal, Denisse Ugalde Alegr\u00eda, a cada uno de los 57 peque\u00f1os que vivieron la experiencia de ser funcionarios por un d\u00eda.<\/p>\n<p>Al darles la bienvenida y entregar el nombramiento de presidenta honoraria a Maricarmen Garc\u00eda Tolentino, alumna de la primaria \u201cEmiliano Zapata\u201d, la alcaldesa felicit\u00f3 a los ni\u00f1os tlalnepantlenses, porque de los miles de estudiantes que actualmente cursan el sexto grado, ellos son los alumnos con los m\u00e1s altos promedios en todo el municipio.<\/p>\n<p>\u201cSus calificaciones hablan del empe\u00f1o que ustedes ponen para hacer las cosas, ustedes representan una esperanza para este pa\u00eds, pues su motivaci\u00f3n puede hacer crecer al municipio, al estado y al pa\u00eds entero\u201d, dijo Ugalde Alegr\u00eda.<\/p>\n<p>Reiter\u00f3 que este gobierno est\u00e1 comprometido con la educaci\u00f3n de las ni\u00f1as y ni\u00f1os del municipio, de ah\u00ed que se contin\u00fae invirtiendo en programas \u00fanicos a nivel nacional, con el objetivo de formar personas de bien.<\/p>\n<p>La alcaldesa Denisse Ugalde intercambi\u00f3 opiniones con todos los ni\u00f1os que por este d\u00eda se convirtieron y desempe\u00f1aron las funciones de s\u00edndicos, regidores, directores generales y coordinadores de \u00e1rea.<\/p>\n","protected":false},"excerpt":{"rendered":"<p>Por tercer a\u00f1o consecutivo, el gobierno de Tlalnepantla llev\u00f3 a cabo el Cabildo Infantil en el que participaron alumnos de sexto grado de primaria, quienes conocieron de cerca las actividades que diariamente realizan la presidenta municipal, los integrantes del Cuerpo Edilicio y los titulares de las distintas \u00e1reas de la administraci\u00f3n.<\/p>\n","protected":false},"author":3,"featured_media":368394,"comment_status":"open","ping_status":"open","sticky":false,"template":"","format":"standard","meta":{"_monsterinsights_skip_tracking":false,"_monsterinsights_sitenote_active":false,"_monsterinsights_sitenote_note":"","_monsterinsights_sitenote_category":0,"footnotes":""},"categories":[35155],"tags":[43675,2014,71810,169],"class_list":["post-368324","post","type-post","status-publish","format-standard","has-post-thumbnail","hentry","category-estado-de-mexico-estado-de-mexico","tag-estado-de-mexico","tag-estudiantes","tag-pimaria","tag-tlalnepantla"],"_links":{"self":[{"href":"https:\/\/www.diarioimagen.net\/index.php?rest_route=\/wp\/v2\/posts\/368324","targetHints":{"allow":["GET"]}}],"collection":[{"href":"https:\/\/www.diarioimagen.net\/index.php?rest_route=\/wp\/v2\/posts"}],"about":[{"href":"https:\/\/www.diarioimagen.net\/index.php?rest_route=\/wp\/v2\/types\/post"}],"author":[{"embeddable":true,"href":"https:\/\/www.diarioimagen.net\/index.php?rest_route=\/wp\/v2\/users\/3"}],"replies":[{"embeddable":true,"href":"https:\/\/www.diarioimagen.net\/index.php?rest_route=%2Fwp%2Fv2%2Fcomments&post=368324"}],"version-history":[{"count":0,"href":"https:\/\/www.diarioimagen.net\/index.php?rest_route=\/wp\/v2\/posts\/368324\/revisions"}],"wp:featuredmedia":[{"embeddable":true,"href":"https:\/\/www.diarioimagen.net\/index.php?rest_route=\/wp\/v2\/media\/368394"}],"wp:attachment":[{"href":"https:\/\/www.diarioimagen.net\/index.php?rest_route=%2Fwp%2Fv2%2Fmedia&parent=368324"}],"wp:term":[{"taxonomy":"category","embeddable":true,"href":"https:\/\/www.diarioimagen.net\/index.php?rest_route=%2Fwp%2Fv2%2Fcategories&post=368324"},{"taxonomy":"post_tag","embeddable":true,"href":"https:\/\/www.diarioimagen.net\/index.php?rest_route=%2Fwp%2Fv2%2Ftags&post=368324"}],"curies":[{"name":"wp","href":"https:\/\/api.w.org\/{rel}","templated":true}]}}