{"id":368326,"date":"2018-03-15T00:06:07","date_gmt":"2018-03-15T06:06:07","guid":{"rendered":"http:\/\/www.diarioimagen.net\/?p=368326"},"modified":"2018-03-15T06:04:52","modified_gmt":"2018-03-15T12:04:52","slug":"fitch-ratings-sube-calificacion-a-gobierno-de-vargas-del-villar-en-huixquilucan","status":"publish","type":"post","link":"https:\/\/www.diarioimagen.net\/?p=368326","title":{"rendered":"Fitch Ratings sube calificaci\u00f3n a gobierno de Vargas del Villar en Huixquilucan"},"content":{"rendered":"<ul>\n<li><strong><em>Por tercer a\u00f1o consecutivo<\/em><\/strong><\/li>\n<\/ul>\n<p>&nbsp;<\/p>\n<div id=\"attachment_368397\" style=\"width: 470px\" class=\"wp-caption aligncenter\"><a href=\"http:\/\/www.diarioimagen.net\/?attachment_id=368397\" rel=\"attachment wp-att-368397\"><img loading=\"lazy\" decoding=\"async\" aria-describedby=\"caption-attachment-368397\" class=\"size-large wp-image-368397\" src=\"http:\/\/www.diarioimagen.net\/wp-content\/uploads\/2018\/03\/HUIXQUILUCAN-3327-460x259.jpg\" alt=\"\" width=\"460\" height=\"259\" srcset=\"https:\/\/www.diarioimagen.net\/wp-content\/uploads\/2018\/03\/HUIXQUILUCAN-3327-460x259.jpg 460w, https:\/\/www.diarioimagen.net\/wp-content\/uploads\/2018\/03\/HUIXQUILUCAN-3327-240x135.jpg 240w, https:\/\/www.diarioimagen.net\/wp-content\/uploads\/2018\/03\/HUIXQUILUCAN-3327-235x132.jpg 235w, https:\/\/www.diarioimagen.net\/wp-content\/uploads\/2018\/03\/HUIXQUILUCAN-3327-202x114.jpg 202w, https:\/\/www.diarioimagen.net\/wp-content\/uploads\/2018\/03\/HUIXQUILUCAN-3327-350x196.jpg 350w, https:\/\/www.diarioimagen.net\/wp-content\/uploads\/2018\/03\/HUIXQUILUCAN-3327-220x123.jpg 220w, https:\/\/www.diarioimagen.net\/wp-content\/uploads\/2018\/03\/HUIXQUILUCAN-3327-237x132.jpg 237w, https:\/\/www.diarioimagen.net\/wp-content\/uploads\/2018\/03\/HUIXQUILUCAN-3327.jpg 480w\" sizes=\"auto, (max-width: 460px) 100vw, 460px\" \/><\/a><p id=\"caption-attachment-368397\" class=\"wp-caption-text\">La calificadora Fitch Ratings elev\u00f3, por tercer a\u00f1o consecutivo, la evaluaci\u00f3n al gobierno de Huixquilucan, que encabeza Enrique Vargas del Villar.<\/p><\/div>\n<p>&nbsp;<\/p>\n<p><strong>Huixquilucan, Estado de M\u00e9xico<\/strong>.- La generaci\u00f3n de ingresos propios elevados, el fortalecimiento del ahorro interno y mejora en la liquidez del municipio, permitieron a la calificadora Fitch Ratings elevar por tercer a\u00f1o consecutivo, la evaluaci\u00f3n al gobierno de Huixquilucan, que encabeza Enrique Vargas del Villar, pasando de BBB+ a A-.<\/p>\n<p>De acuerdo con Fitch Ratings, la elevaci\u00f3n en la calificaci\u00f3n de Huixquilucan se fundamenta en la fortaleza recaudatoria sobresaliente, el perfil socioecon\u00f3mico que ocupa en el contexto estatal y el nivel bajo de endeudamiento directo.<\/p>\n<p>El alcalde resalt\u00f3 que este aumento en la valoraci\u00f3n se ha logrado por la disciplina financiera y contenci\u00f3n del gasto que ha mantenido desde el inicio de su administraci\u00f3n, lo que le ha permitido realizar obra sin endeudamiento, que ha derivado en bienestar para las familias.<\/p>\n<p>En su reporte, Fitch Ratings considera que el nivel de deuda bancaria del gobierno, es bajo, adem\u00e1s de que durante 2017, se registraron ingresos por 2 mil 234 millones de pesos, de los cuales el 50.8 por ciento corresponden a ingresos propios. Esta proporci\u00f3n, se\u00f1ala, es mayor a la observada en la mediana del grupo de municipios evaluados.<\/p>\n<p>La calificadora menciona que al cierre del 2017, Huixquilucan no contaba con cr\u00e9ditos de corto plazo ni uso de cadenas productivas. \u201cEl presupuesto 2018 no incorpora endeudamiento adicional, por lo que se estima un servicio de la deuda manejable para los pr\u00f3ximos ejercicios\u201d, establece Fitch Ratings en su an\u00e1lisis.<\/p>\n<p>El presidente municipal Enrique Vargas del Villar, dijo que el hecho de que la calificadora financiera haya subido la evaluaci\u00f3n a Huixquilucan por tercer a\u00f1o consecutivo, es un gran orgullo y excelente noticia para los huixquiluquenses de que las cosas se est\u00e1n haciendo de manera correcta y transparente.<\/p>\n","protected":false},"excerpt":{"rendered":"<p>La generaci\u00f3n de ingresos propios elevados, el fortalecimiento del ahorro interno y mejora en la liquidez del municipio, permitieron a la calificadora Fitch Ratings elevar por tercer a\u00f1o consecutivo, la evaluaci\u00f3n al gobierno de Huixquilucan, que encabeza Enrique Vargas del Villar, pasando de BBB+ a A-.<\/p>\n","protected":false},"author":3,"featured_media":368397,"comment_status":"open","ping_status":"open","sticky":false,"template":"","format":"standard","meta":{"_monsterinsights_skip_tracking":false,"_monsterinsights_sitenote_active":false,"_monsterinsights_sitenote_note":"","_monsterinsights_sitenote_category":0,"footnotes":""},"categories":[35155],"tags":[71811,43675,1097],"class_list":["post-368326","post","type-post","status-publish","format-standard","has-post-thumbnail","hentry","category-estado-de-mexico-estado-de-mexico","tag-calificacion","tag-estado-de-mexico","tag-huixquilucan"],"_links":{"self":[{"href":"https:\/\/www.diarioimagen.net\/index.php?rest_route=\/wp\/v2\/posts\/368326","targetHints":{"allow":["GET"]}}],"collection":[{"href":"https:\/\/www.diarioimagen.net\/index.php?rest_route=\/wp\/v2\/posts"}],"about":[{"href":"https:\/\/www.diarioimagen.net\/index.php?rest_route=\/wp\/v2\/types\/post"}],"author":[{"embeddable":true,"href":"https:\/\/www.diarioimagen.net\/index.php?rest_route=\/wp\/v2\/users\/3"}],"replies":[{"embeddable":true,"href":"https:\/\/www.diarioimagen.net\/index.php?rest_route=%2Fwp%2Fv2%2Fcomments&post=368326"}],"version-history":[{"count":0,"href":"https:\/\/www.diarioimagen.net\/index.php?rest_route=\/wp\/v2\/posts\/368326\/revisions"}],"wp:featuredmedia":[{"embeddable":true,"href":"https:\/\/www.diarioimagen.net\/index.php?rest_route=\/wp\/v2\/media\/368397"}],"wp:attachment":[{"href":"https:\/\/www.diarioimagen.net\/index.php?rest_route=%2Fwp%2Fv2%2Fmedia&parent=368326"}],"wp:term":[{"taxonomy":"category","embeddable":true,"href":"https:\/\/www.diarioimagen.net\/index.php?rest_route=%2Fwp%2Fv2%2Fcategories&post=368326"},{"taxonomy":"post_tag","embeddable":true,"href":"https:\/\/www.diarioimagen.net\/index.php?rest_route=%2Fwp%2Fv2%2Ftags&post=368326"}],"curies":[{"name":"wp","href":"https:\/\/api.w.org\/{rel}","templated":true}]}}